{"id":94250,"date":"2026-03-13T08:53:54","date_gmt":"2026-03-13T11:53:54","guid":{"rendered":"https:\/\/blogdoeloiltoncajuhy.com.br\/site\/?p=94250"},"modified":"2026-03-13T08:53:55","modified_gmt":"2026-03-13T11:53:55","slug":"homem-condenado-por-matar-a-filha-de-5-anos-apos-ela-fazer-xixi-no-chao-e-encontrado-morto-em-mg","status":"publish","type":"post","link":"https:\/\/blogdoeloiltoncajuhy.com.br\/site\/homem-condenado-por-matar-a-filha-de-5-anos-apos-ela-fazer-xixi-no-chao-e-encontrado-morto-em-mg\/","title":{"rendered":"Homem condenado por matar a filha de 5 anos ap\u00f3s ela fazer xixi no ch\u00e3o \u00e9 encontrado morto em MG"},"content":{"rendered":"\n<p class=\"has-medium-font-size\"><strong>Corpo foi achado pendurado com corda artesanal dentro da unidade prisional<\/strong><\/p>\n\n\n\n<p><strong>Por EPTV 2<\/strong> \u2014 Monte Santo de Minas<\/p>\n\n\n\n<p><strong><a href=\"https:\/\/whatsapp.com\/channel\/0029VaAT7tDLI8Yfj5y9Z50Z\" target=\"_blank\" rel=\"noreferrer noopener\"><mark style=\"background-color:rgba(0, 0, 0, 0)\" class=\"has-inline-color has-luminous-vivid-orange-color\">>> Siga o canal do BEC no WhatsApp<\/mark><\/a><\/strong><\/p>\n\n\n\n<figure class=\"wp-block-image aligncenter size-full\"><a href=\"https:\/\/i0.wp.com\/blogdoeloiltoncajuhy.com.br\/site\/wp-content\/uploads\/2026\/03\/Adrian_Foto-EPTV.png?ssl=1\"><img data-recalc-dims=\"1\" fetchpriority=\"high\" decoding=\"async\" width=\"800\" height=\"450\" src=\"https:\/\/i0.wp.com\/blogdoeloiltoncajuhy.com.br\/site\/wp-content\/uploads\/2026\/03\/Adrian_Foto-EPTV.png?resize=800%2C450&#038;ssl=1\" alt=\"\" class=\"wp-image-94251\" srcset=\"https:\/\/i0.wp.com\/blogdoeloiltoncajuhy.com.br\/site\/wp-content\/uploads\/2026\/03\/Adrian_Foto-EPTV.png?w=984&amp;ssl=1 984w, https:\/\/i0.wp.com\/blogdoeloiltoncajuhy.com.br\/site\/wp-content\/uploads\/2026\/03\/Adrian_Foto-EPTV.png?resize=300%2C169&amp;ssl=1 300w, https:\/\/i0.wp.com\/blogdoeloiltoncajuhy.com.br\/site\/wp-content\/uploads\/2026\/03\/Adrian_Foto-EPTV.png?resize=768%2C432&amp;ssl=1 768w\" sizes=\"(max-width: 800px) 100vw, 800px\" \/><\/a><figcaption class=\"wp-element-caption\"><sub>Homem condenado por matar a filha de 5 anos ap\u00f3s ela fazer xixi no ch\u00e3o \u00e9 encontrado morto em MG \u2014 Foto: Reprodu\u00e7\u00e3o EPTV<\/sub><\/figcaption><\/figure>\n\n\n\n<p>O homem condenado por torturar e matar a filha de cinco anos, em Monte Santo de Minas, no Sul de Minas, foi encontrado morto na manh\u00e3 de quarta-feira (11) no Complexo Penitenci\u00e1rio Nossa Senhora do Carmo, em Carmo do Parana\u00edba (MG). O crime pelo qual ele cumpria pena ocorreu em 2023.<\/p>\n\n\n\n<p>Segundo a Secretaria de Estado de Justi\u00e7a e Seguran\u00e7a P\u00fablica (Sejusp), policiais penais foram acionados por volta das 6h20 para atender o detento <strong><mark style=\"background-color:rgba(0, 0, 0, 0)\" class=\"has-inline-color has-black-color\">Adrian Juliano Martins Herculano<\/mark><\/strong>. Ao chegar \u00e0 cela, a equipe encontrou o preso pendurado por uma corda artesanal feita com len\u00e7ol e j\u00e1 sem sinais vitais.<\/p>\n\n\n\n<p>A dire\u00e7\u00e3o da unidade informou que adotou todas as medidas administrativas necess\u00e1rias e instaurou um procedimento interno para apurar as circunst\u00e2ncias da morte. Os presos que dividiam a cela com Adrian dever\u00e3o ser ouvidos pelo Conselho Disciplinar do pres\u00eddio.<\/p>\n\n\n\n<p>Ainda de acordo com a secretaria, Adrian estava preso no complexo desde 14 de fevereiro de 2025 e tinha passagens pelo sistema prisional desde 2020. Ele cumpria pena ap\u00f3s ser condenado por matar e torturar a pr\u00f3pria filha, em janeiro de 2023, em Monte Santo de Minas.<\/p>\n\n\n\n<p>Segundo a den\u00fancia do Minist\u00e9rio P\u00fablico de Minas Gerais (MPMG), o homem teria se irritado com a crian\u00e7a por ela ter feito xixi no ch\u00e3o. Ele torturou a filha, a matou e, em seguida, ateou fogo no corpo na tentativa de escond\u00ea-lo.<\/p>\n\n\n\n<p>No julgamento, o Conselho de Senten\u00e7a acolheu integralmente os pedidos do Minist\u00e9rio P\u00fablico e condenou Adrian a 33 anos de pris\u00e3o por homic\u00eddio triplamente qualificado e majorado, al\u00e9m dos crimes de oculta\u00e7\u00e3o e vilip\u00eandio de cad\u00e1ver.<\/p>\n","protected":false},"excerpt":{"rendered":"<p>Corpo foi achado pendurado com corda artesanal dentro da unidade prisional Por EPTV 2 \u2014 Monte Santo de Minas >> Siga o canal do BEC no WhatsApp O homem condenado por torturar e matar a filha de cinco anos, em Monte Santo de Minas, no Sul de Minas, foi encontrado morto na manh\u00e3 de quarta-feira [&hellip;]<\/p>\n","protected":false},"author":2,"featured_media":94251,"comment_status":"open","ping_status":"open","sticky":false,"template":"","format":"standard","meta":{"_acf_changed":false,"_monsterinsights_skip_tracking":false,"_monsterinsights_sitenote_active":false,"_monsterinsights_sitenote_note":"","_monsterinsights_sitenote_category":0,"_jetpack_memberships_contains_paid_content":false,"footnotes":"","jetpack_publicize_message":"","jetpack_publicize_feature_enabled":true,"jetpack_social_post_already_shared":true,"jetpack_social_options":{"image_generator_settings":{"template":"highway","default_image_id":0,"font":"","enabled":false},"version":2}},"categories":[15],"tags":[],"class_list":["post-94250","post","type-post","status-publish","format-standard","has-post-thumbnail","hentry","category-policia"],"acf":[],"jetpack_publicize_connections":[],"jetpack_featured_media_url":"https:\/\/i0.wp.com\/blogdoeloiltoncajuhy.com.br\/site\/wp-content\/uploads\/2026\/03\/Adrian_Foto-EPTV.png?fit=984%2C553&ssl=1","jetpack_sharing_enabled":true,"publishpress_future_workflow_manual_trigger":{"enabledWorkflows":[]},"_links":{"self":[{"href":"https:\/\/blogdoeloiltoncajuhy.com.br\/site\/wp-json\/wp\/v2\/posts\/94250","targetHints":{"allow":["GET"]}}],"collection":[{"href":"https:\/\/blogdoeloiltoncajuhy.com.br\/site\/wp-json\/wp\/v2\/posts"}],"about":[{"href":"https:\/\/blogdoeloiltoncajuhy.com.br\/site\/wp-json\/wp\/v2\/types\/post"}],"author":[{"embeddable":true,"href":"https:\/\/blogdoeloiltoncajuhy.com.br\/site\/wp-json\/wp\/v2\/users\/2"}],"replies":[{"embeddable":true,"href":"https:\/\/blogdoeloiltoncajuhy.com.br\/site\/wp-json\/wp\/v2\/comments?post=94250"}],"version-history":[{"count":1,"href":"https:\/\/blogdoeloiltoncajuhy.com.br\/site\/wp-json\/wp\/v2\/posts\/94250\/revisions"}],"predecessor-version":[{"id":94252,"href":"https:\/\/blogdoeloiltoncajuhy.com.br\/site\/wp-json\/wp\/v2\/posts\/94250\/revisions\/94252"}],"wp:featuredmedia":[{"embeddable":true,"href":"https:\/\/blogdoeloiltoncajuhy.com.br\/site\/wp-json\/wp\/v2\/media\/94251"}],"wp:attachment":[{"href":"https:\/\/blogdoeloiltoncajuhy.com.br\/site\/wp-json\/wp\/v2\/media?parent=94250"}],"wp:term":[{"taxonomy":"category","embeddable":true,"href":"https:\/\/blogdoeloiltoncajuhy.com.br\/site\/wp-json\/wp\/v2\/categories?post=94250"},{"taxonomy":"post_tag","embeddable":true,"href":"https:\/\/blogdoeloiltoncajuhy.com.br\/site\/wp-json\/wp\/v2\/tags?post=94250"}],"curies":[{"name":"wp","href":"https:\/\/api.w.org\/{rel}","templated":true}]}}