{"id":94234,"date":"2026-03-12T15:15:52","date_gmt":"2026-03-12T18:15:52","guid":{"rendered":"https:\/\/blogdoeloiltoncajuhy.com.br\/site\/?p=94234"},"modified":"2026-03-12T15:15:58","modified_gmt":"2026-03-12T18:15:58","slug":"centrao-mapeia-votos-no-stf-para-tentar-soltar-daniel-vorcaro-e-evitar-delacao","status":"publish","type":"post","link":"https:\/\/blogdoeloiltoncajuhy.com.br\/site\/centrao-mapeia-votos-no-stf-para-tentar-soltar-daniel-vorcaro-e-evitar-delacao\/","title":{"rendered":"Centr\u00e3o mapeia votos no STF para tentar soltar Daniel Vorcaro e evitar dela\u00e7\u00e3o"},"content":{"rendered":"\n<p class=\"has-medium-font-size\"><strong>Pol\u00edticos monitoram cen\u00e1rios na Segunda Turma e calculam que eventual empate favorece o banqueiro. Temor \u00e9 que pris\u00e3o prolongada leve a acordo de colabora\u00e7\u00e3o com a Justi\u00e7a<\/strong><\/p>\n\n\n\n<p><strong>Por Andr\u00e9ia Sadi<\/strong><\/p>\n\n\n\n<p><strong><a href=\"https:\/\/whatsapp.com\/channel\/0029VaAT7tDLI8Yfj5y9Z50Z\" target=\"_blank\" rel=\"noreferrer noopener\"><mark style=\"background-color:rgba(0, 0, 0, 0)\" class=\"has-inline-color has-luminous-vivid-orange-color\">>> Siga o canal do BEC no WhatsApp<\/mark><\/a><\/strong><\/p>\n\n\n\n<figure class=\"wp-block-image aligncenter size-full\"><a href=\"https:\/\/i0.wp.com\/blogdoeloiltoncajuhy.com.br\/site\/wp-content\/uploads\/2026\/03\/Brasilia-DF-Foto-Reproducao-Conexao-123.jpg?ssl=1\"><img data-recalc-dims=\"1\" fetchpriority=\"high\" decoding=\"async\" width=\"800\" height=\"449\" src=\"https:\/\/i0.wp.com\/blogdoeloiltoncajuhy.com.br\/site\/wp-content\/uploads\/2026\/03\/Brasilia-DF-Foto-Reproducao-Conexao-123.jpg?resize=800%2C449&#038;ssl=1\" alt=\"\" class=\"wp-image-94235\" srcset=\"https:\/\/i0.wp.com\/blogdoeloiltoncajuhy.com.br\/site\/wp-content\/uploads\/2026\/03\/Brasilia-DF-Foto-Reproducao-Conexao-123.jpg?w=800&amp;ssl=1 800w, https:\/\/i0.wp.com\/blogdoeloiltoncajuhy.com.br\/site\/wp-content\/uploads\/2026\/03\/Brasilia-DF-Foto-Reproducao-Conexao-123.jpg?resize=300%2C168&amp;ssl=1 300w, https:\/\/i0.wp.com\/blogdoeloiltoncajuhy.com.br\/site\/wp-content\/uploads\/2026\/03\/Brasilia-DF-Foto-Reproducao-Conexao-123.jpg?resize=768%2C431&amp;ssl=1 768w\" sizes=\"(max-width: 800px) 100vw, 800px\" \/><\/a><figcaption class=\"wp-element-caption\"><sub>Bras\u00edlia-DF &#8211; Foto: Reprodu\u00e7\u00e3o \/ Conex\u00e3o 123<\/sub><\/figcaption><\/figure>\n\n\n\n<p>Nos bastidores de Bras\u00edlia, pol\u00edticos do centr\u00e3o passaram a se mobilizar para tentar a liberta\u00e7\u00e3o do banqueiro Daniel Vorcaro na Segunda Turma do Supremo Tribunal Federal (STF).<\/p>\n\n\n\n<p>A movimenta\u00e7\u00e3o ocorre em meio ao temor crescente de que o avan\u00e7o das investiga\u00e7\u00f5es leve Vorcaro a optar por uma dela\u00e7\u00e3o premiada.<\/p>\n\n\n\n<p>Neste caso, ele aceitaria colaborar com os investigadores em troca de benef\u00edcios como a redu\u00e7\u00e3o de uma eventual pena, em caso de condena\u00e7\u00e3o. Numa dela\u00e7\u00e3o, Vorcaro seria obrigado a contar o que sabe e poderia mencionar outras pessoas envolvidas, incluindo pol\u00edticos.<\/p>\n\n\n\n<p>A grande preocupa\u00e7\u00e3o de grupos do centr\u00e3o \u00e9 justamente que, se ficar muito tempo preso, Vorcaro decida fazer uma colabora\u00e7\u00e3o e revele a extens\u00e3o dessas rela\u00e7\u00f5es pol\u00edticas e financeiras.<\/p>\n\n\n\n<p>Nesta quinta-feira (12), a defesa do banqueiro negou que ele esteja negociando uma dela\u00e7\u00e3o.<\/p>\n\n\n\n<p class=\"has-black-color has-text-color has-link-color has-medium-font-size wp-elements-3beca2a11a273ac3f2b1b54d4e0556d2\"><strong>Contagem dos votos na Segunda Turma<\/strong><\/p>\n\n\n\n<p>O banqueiro foi preso no dia 4 por ordem do ministro Andr\u00e9 Mendon\u00e7a, que herdou de Dias Toffoli a relatoria do caso Master no STF, e est\u00e1 isolado numa cela em um pres\u00eddio federal de seguran\u00e7a m\u00e1xima em Bras\u00edlia.<\/p>\n\n\n\n<p>Nesta sexta-feira (13), a Segunda Turma do Supremo come\u00e7a a julgar se Vorcaro deve ou n\u00e3o continuar preso. Os ministros v\u00e3o analisar a decis\u00e3o de Mendon\u00e7a, que apontou risco para a ordem p\u00fablica e as investiga\u00e7\u00f5es.<\/p>\n\n\n\n<p>Segundo relatos ouvidos pelo blog, interlocutores pol\u00edticos come\u00e7aram a mapear votos dentro da Segunda Turma e a operar nos bastidores para tentar construir uma maioria favor\u00e1vel \u00e0 soltura do banqueiro.<\/p>\n\n\n\n<p>A estrat\u00e9gia levou em conta alguns cen\u00e1rios, mas um deles foi definido na noite de quarta-feira (11): o ministro Dias Toffoli se declarou suspeito para analisar decis\u00e3o que levou \u00e0 pris\u00e3o de Vorcaro.<\/p>\n\n\n\n<p>A conta do centr\u00e3o nesse caso \u00e9 que, com Toffoli fora, a Segunda Turma passa a julgar o caso com quatro ministros. Com isso, um eventual empate favorece o r\u00e9u \u2014 o que significaria a liberta\u00e7\u00e3o de Vorcaro.<\/p>\n\n\n\n<p>Al\u00e9m de Toffoli e Mendon\u00e7a, fazem parte da Segunda Turma os ministros Gilmar Mendes, Nunes Marques e Luiz Fux.<\/p>\n\n\n\n<p>Na estrat\u00e9gia em que o centr\u00e3o considerava Toffoli, a conta era conseguir tr\u00eas dos cinco votos. Como o ministro Andr\u00e9 Mendon\u00e7a \u00e9 o relator e autorizou a pris\u00e3o, a esperan\u00e7a do grupo recai sobre os demais ministros.<\/p>\n\n\n\n<p>No STF, a avalia\u00e7\u00e3o \u00e9 a de que n\u00e3o h\u00e1 term\u00f4metro sobre qual decis\u00e3o tomar\u00e1 a Segunda Turma. O \u00fanico ministro cuja posi\u00e7\u00e3o \u00e9 p\u00fablica \u00e9 Mendon\u00e7a.<\/p>\n","protected":false},"excerpt":{"rendered":"<p>Pol\u00edticos monitoram cen\u00e1rios na Segunda Turma e calculam que eventual empate favorece o banqueiro. Temor \u00e9 que pris\u00e3o prolongada leve a acordo de colabora\u00e7\u00e3o com a Justi\u00e7a Por Andr\u00e9ia Sadi >> Siga o canal do BEC no WhatsApp Nos bastidores de Bras\u00edlia, pol\u00edticos do centr\u00e3o passaram a se mobilizar para tentar a liberta\u00e7\u00e3o do banqueiro [&hellip;]<\/p>\n","protected":false},"author":2,"featured_media":94235,"comment_status":"open","ping_status":"open","sticky":false,"template":"","format":"standard","meta":{"_acf_changed":false,"_monsterinsights_skip_tracking":false,"_monsterinsights_sitenote_active":false,"_monsterinsights_sitenote_note":"","_monsterinsights_sitenote_category":0,"_jetpack_memberships_contains_paid_content":false,"footnotes":"","jetpack_publicize_message":"","jetpack_publicize_feature_enabled":true,"jetpack_social_post_already_shared":true,"jetpack_social_options":{"image_generator_settings":{"template":"highway","default_image_id":0,"font":"","enabled":false},"version":2}},"categories":[3],"tags":[],"class_list":["post-94234","post","type-post","status-publish","format-standard","has-post-thumbnail","hentry","category-politica"],"acf":[],"jetpack_publicize_connections":[],"jetpack_featured_media_url":"https:\/\/i0.wp.com\/blogdoeloiltoncajuhy.com.br\/site\/wp-content\/uploads\/2026\/03\/Brasilia-DF-Foto-Reproducao-Conexao-123.jpg?fit=800%2C449&ssl=1","jetpack_sharing_enabled":true,"publishpress_future_workflow_manual_trigger":{"enabledWorkflows":[]},"_links":{"self":[{"href":"https:\/\/blogdoeloiltoncajuhy.com.br\/site\/wp-json\/wp\/v2\/posts\/94234","targetHints":{"allow":["GET"]}}],"collection":[{"href":"https:\/\/blogdoeloiltoncajuhy.com.br\/site\/wp-json\/wp\/v2\/posts"}],"about":[{"href":"https:\/\/blogdoeloiltoncajuhy.com.br\/site\/wp-json\/wp\/v2\/types\/post"}],"author":[{"embeddable":true,"href":"https:\/\/blogdoeloiltoncajuhy.com.br\/site\/wp-json\/wp\/v2\/users\/2"}],"replies":[{"embeddable":true,"href":"https:\/\/blogdoeloiltoncajuhy.com.br\/site\/wp-json\/wp\/v2\/comments?post=94234"}],"version-history":[{"count":1,"href":"https:\/\/blogdoeloiltoncajuhy.com.br\/site\/wp-json\/wp\/v2\/posts\/94234\/revisions"}],"predecessor-version":[{"id":94236,"href":"https:\/\/blogdoeloiltoncajuhy.com.br\/site\/wp-json\/wp\/v2\/posts\/94234\/revisions\/94236"}],"wp:featuredmedia":[{"embeddable":true,"href":"https:\/\/blogdoeloiltoncajuhy.com.br\/site\/wp-json\/wp\/v2\/media\/94235"}],"wp:attachment":[{"href":"https:\/\/blogdoeloiltoncajuhy.com.br\/site\/wp-json\/wp\/v2\/media?parent=94234"}],"wp:term":[{"taxonomy":"category","embeddable":true,"href":"https:\/\/blogdoeloiltoncajuhy.com.br\/site\/wp-json\/wp\/v2\/categories?post=94234"},{"taxonomy":"post_tag","embeddable":true,"href":"https:\/\/blogdoeloiltoncajuhy.com.br\/site\/wp-json\/wp\/v2\/tags?post=94234"}],"curies":[{"name":"wp","href":"https:\/\/api.w.org\/{rel}","templated":true}]}}