{"id":94220,"date":"2026-03-11T19:21:15","date_gmt":"2026-03-11T22:21:15","guid":{"rendered":"https:\/\/blogdoeloiltoncajuhy.com.br\/site\/?p=94220"},"modified":"2026-03-11T19:21:17","modified_gmt":"2026-03-11T22:21:17","slug":"tre-ba-toma-decisao-e-processo-que-cassou-mandato-do-vereador-jeorge-catatau-volta-para-a-justica-eleitoral-de-bonfim","status":"publish","type":"post","link":"https:\/\/blogdoeloiltoncajuhy.com.br\/site\/tre-ba-toma-decisao-e-processo-que-cassou-mandato-do-vereador-jeorge-catatau-volta-para-a-justica-eleitoral-de-bonfim\/","title":{"rendered":"TRE-BA toma decis\u00e3o e processo que cassou mandato do vereador Jeorge Catatau volta para a Justi\u00e7a Eleitoral de Bonfim"},"content":{"rendered":"\n<p class=\"has-medium-font-size\"><strong>Decis\u00e3o saiu nesta quarta-feira (11)<\/strong><\/p>\n\n\n\n<p><strong>Blog do Eloilton Cajuhy \u2013 BEC<\/strong><\/p>\n\n\n\n<p><strong><a href=\"https:\/\/whatsapp.com\/channel\/0029VaAT7tDLI8Yfj5y9Z50Z\" target=\"_blank\" rel=\"noreferrer noopener\"><mark style=\"background-color:rgba(0, 0, 0, 0)\" class=\"has-inline-color has-luminous-vivid-orange-color\">>> Siga o canal do BEC no WhatsApp<\/mark><\/a><\/strong><\/p>\n\n\n\n<figure class=\"wp-block-image aligncenter size-full is-resized\"><a href=\"https:\/\/i0.wp.com\/blogdoeloiltoncajuhy.com.br\/site\/wp-content\/uploads\/2026\/03\/Catatau.png?ssl=1\"><img data-recalc-dims=\"1\" fetchpriority=\"high\" decoding=\"async\" width=\"713\" height=\"809\" src=\"https:\/\/i0.wp.com\/blogdoeloiltoncajuhy.com.br\/site\/wp-content\/uploads\/2026\/03\/Catatau.png?resize=713%2C809&#038;ssl=1\" alt=\"\" class=\"wp-image-94221\" style=\"width:533px;height:auto\" srcset=\"https:\/\/i0.wp.com\/blogdoeloiltoncajuhy.com.br\/site\/wp-content\/uploads\/2026\/03\/Catatau.png?w=713&amp;ssl=1 713w, https:\/\/i0.wp.com\/blogdoeloiltoncajuhy.com.br\/site\/wp-content\/uploads\/2026\/03\/Catatau.png?resize=264%2C300&amp;ssl=1 264w\" sizes=\"(max-width: 713px) 100vw, 713px\" \/><\/a><figcaption class=\"wp-element-caption\"><sub>Reprodu\u00e7\u00e3o \/ Instagram<\/sub><\/figcaption><\/figure>\n\n\n\n<p>Durante julgamento realizado na tarde desta quarta-feira (11), no Tribunal Regional Eleitoral da Bahia (TRE-BA), o relator do caso, Pedro Rog\u00e9rio Godinho, votou pelo acolhimento de uma preliminar que aponta cerceamento de defesa no processo julgado em primeira inst\u00e2ncia.<\/p>\n\n\n\n<p>A decis\u00e3o foi acompanhada por unanimidade pelos demais desembargadores, determinando o retorno dos autos \u00e0 45\u00aa Zona Eleitoral de Senhor do Bonfim, onde havia sido decretada a cassa\u00e7\u00e3o do mandato do vereador Jeorge Catatau (Avante) por suposta fraude \u00e0 cota de g\u00eanero nas elei\u00e7\u00f5es municipais de 2024.<\/p>\n\n\n\n<p>Com o entendimento do tribunal, o processo dever\u00e1 ser reanalisado pela Justi\u00e7a Eleitoral de primeira inst\u00e2ncia, para que sejam sanadas as quest\u00f5es apontadas pela defesa.<\/p>\n\n\n\n<p>Enquanto o caso volta para nova an\u00e1lise na 45\u00aa Zona Eleitoral, o vereador segue exercendo o mandato na C\u00e2mara Municipal de Senhor do Bonfim.<\/p>\n\n\n\n<p><strong><em>Com informa\u00e7\u00f5es de Marlon Reis<\/em><\/strong><\/p>\n","protected":false},"excerpt":{"rendered":"<p>Decis\u00e3o saiu nesta quarta-feira (11) Blog do Eloilton Cajuhy \u2013 BEC >> Siga o canal do BEC no WhatsApp Durante julgamento realizado na tarde desta quarta-feira (11), no Tribunal Regional Eleitoral da Bahia (TRE-BA), o relator do caso, Pedro Rog\u00e9rio Godinho, votou pelo acolhimento de uma preliminar que aponta cerceamento de defesa no processo julgado [&hellip;]<\/p>\n","protected":false},"author":2,"featured_media":94221,"comment_status":"open","ping_status":"open","sticky":false,"template":"","format":"standard","meta":{"_acf_changed":false,"_monsterinsights_skip_tracking":false,"_monsterinsights_sitenote_active":false,"_monsterinsights_sitenote_note":"","_monsterinsights_sitenote_category":0,"_jetpack_memberships_contains_paid_content":false,"footnotes":"","jetpack_publicize_message":"","jetpack_publicize_feature_enabled":true,"jetpack_social_post_already_shared":true,"jetpack_social_options":{"image_generator_settings":{"template":"highway","default_image_id":0,"font":"","enabled":false},"version":2}},"categories":[3],"tags":[],"class_list":["post-94220","post","type-post","status-publish","format-standard","has-post-thumbnail","hentry","category-politica"],"acf":[],"jetpack_publicize_connections":[],"jetpack_featured_media_url":"https:\/\/i0.wp.com\/blogdoeloiltoncajuhy.com.br\/site\/wp-content\/uploads\/2026\/03\/Catatau.png?fit=713%2C809&ssl=1","jetpack_sharing_enabled":true,"publishpress_future_workflow_manual_trigger":{"enabledWorkflows":[]},"_links":{"self":[{"href":"https:\/\/blogdoeloiltoncajuhy.com.br\/site\/wp-json\/wp\/v2\/posts\/94220","targetHints":{"allow":["GET"]}}],"collection":[{"href":"https:\/\/blogdoeloiltoncajuhy.com.br\/site\/wp-json\/wp\/v2\/posts"}],"about":[{"href":"https:\/\/blogdoeloiltoncajuhy.com.br\/site\/wp-json\/wp\/v2\/types\/post"}],"author":[{"embeddable":true,"href":"https:\/\/blogdoeloiltoncajuhy.com.br\/site\/wp-json\/wp\/v2\/users\/2"}],"replies":[{"embeddable":true,"href":"https:\/\/blogdoeloiltoncajuhy.com.br\/site\/wp-json\/wp\/v2\/comments?post=94220"}],"version-history":[{"count":1,"href":"https:\/\/blogdoeloiltoncajuhy.com.br\/site\/wp-json\/wp\/v2\/posts\/94220\/revisions"}],"predecessor-version":[{"id":94222,"href":"https:\/\/blogdoeloiltoncajuhy.com.br\/site\/wp-json\/wp\/v2\/posts\/94220\/revisions\/94222"}],"wp:featuredmedia":[{"embeddable":true,"href":"https:\/\/blogdoeloiltoncajuhy.com.br\/site\/wp-json\/wp\/v2\/media\/94221"}],"wp:attachment":[{"href":"https:\/\/blogdoeloiltoncajuhy.com.br\/site\/wp-json\/wp\/v2\/media?parent=94220"}],"wp:term":[{"taxonomy":"category","embeddable":true,"href":"https:\/\/blogdoeloiltoncajuhy.com.br\/site\/wp-json\/wp\/v2\/categories?post=94220"},{"taxonomy":"post_tag","embeddable":true,"href":"https:\/\/blogdoeloiltoncajuhy.com.br\/site\/wp-json\/wp\/v2\/tags?post=94220"}],"curies":[{"name":"wp","href":"https:\/\/api.w.org\/{rel}","templated":true}]}}