{"id":94214,"date":"2026-03-11T18:01:41","date_gmt":"2026-03-11T21:01:41","guid":{"rendered":"https:\/\/blogdoeloiltoncajuhy.com.br\/site\/?p=94214"},"modified":"2026-03-11T18:01:42","modified_gmt":"2026-03-11T21:01:42","slug":"programa-partiu-estagio-2026-abre-inscricoes-para-universitarios-na-bahia","status":"publish","type":"post","link":"https:\/\/blogdoeloiltoncajuhy.com.br\/site\/programa-partiu-estagio-2026-abre-inscricoes-para-universitarios-na-bahia\/","title":{"rendered":"Programa Partiu Est\u00e1gio 2026 abre inscri\u00e7\u00f5es para universit\u00e1rios na Bahia"},"content":{"rendered":"\n<p class=\"has-medium-font-size\"><strong>Governo do Estado oferece vagas em diversos \u00f3rg\u00e3os p\u00fablicos; em Senhor do Bonfim h\u00e1 oportunidades na ADAB para estudantes de Administra\u00e7\u00e3o e Ci\u00eancias Agr\u00e1rias<\/strong><\/p>\n\n\n\n<p><strong>Por Blog do Eloilton Cajuhy \u2013 BEC<\/strong><\/p>\n\n\n\n<p><strong><a href=\"https:\/\/whatsapp.com\/channel\/0029VaAT7tDLI8Yfj5y9Z50Z\" target=\"_blank\" rel=\"noreferrer noopener\"><mark style=\"background-color:rgba(0, 0, 0, 0)\" class=\"has-inline-color has-luminous-vivid-orange-color\">>> Siga o canal do BEC no WhatsApp<\/mark><\/a><\/strong><\/p>\n\n\n\n<figure class=\"wp-block-image aligncenter size-full\"><a href=\"https:\/\/i0.wp.com\/blogdoeloiltoncajuhy.com.br\/site\/wp-content\/uploads\/2022\/03\/GOVBA_Partiu-Estagio-Carol-Garcia.jpg\"><img data-recalc-dims=\"1\" fetchpriority=\"high\" decoding=\"async\" width=\"696\" height=\"464\" src=\"https:\/\/i0.wp.com\/blogdoeloiltoncajuhy.com.br\/site\/wp-content\/uploads\/2022\/03\/GOVBA_Partiu-Estagio-Carol-Garcia.jpg?resize=696%2C464\" alt=\"\" class=\"wp-image-63289\" srcset=\"https:\/\/i0.wp.com\/blogdoeloiltoncajuhy.com.br\/site\/wp-content\/uploads\/2022\/03\/GOVBA_Partiu-Estagio-Carol-Garcia.jpg?w=696&amp;ssl=1 696w, https:\/\/i0.wp.com\/blogdoeloiltoncajuhy.com.br\/site\/wp-content\/uploads\/2022\/03\/GOVBA_Partiu-Estagio-Carol-Garcia.jpg?resize=300%2C200&amp;ssl=1 300w\" sizes=\"(max-width: 696px) 100vw, 696px\" \/><\/a><figcaption class=\"wp-element-caption\"><sub>Foto: Carol Garcia\/GOVBA<\/sub><\/figcaption><\/figure>\n\n\n\n<p>O Governo do Estado da Bahia lan\u00e7ou o programa <strong>Partiu Est\u00e1gio 2026<\/strong>, voltado para estudantes de n\u00edvel superior que desejam adquirir experi\u00eancia profissional em \u00f3rg\u00e3os da administra\u00e7\u00e3o p\u00fablica estadual.<\/p>\n\n\n\n<p>As inscri\u00e7\u00f5es estar\u00e3o abertas <strong>de 12 de mar\u00e7o a 10 de abril<\/strong> e devem ser feitas pela internet, por meio do site oficial do Governo da Bahia &#8211; <a href=\"http:\/\/www.ba.gov.br\"><strong><mark style=\"background-color:rgba(0, 0, 0, 0)\" class=\"has-inline-color has-vivid-cyan-blue-color\">http:\/\/www.ba.gov.br<\/mark><\/strong><\/a>.<\/p>\n\n\n\n<p>O programa tem como objetivo proporcionar aos universit\u00e1rios a oportunidade de colocar em pr\u00e1tica os conhecimentos adquiridos durante a gradua\u00e7\u00e3o, al\u00e9m de contribuir para a forma\u00e7\u00e3o profissional e o fortalecimento da gest\u00e3o p\u00fablica no estado.<\/p>\n\n\n\n<p>Para participar, os candidatos precisam atender a alguns requisitos. \u00c9 necess\u00e1rio ter <strong>idade m\u00ednima de 16 anos<\/strong>, ter <strong>conclu\u00eddo pelo menos 50% da carga hor\u00e1ria do curso<\/strong> e estar <strong>regularmente matriculado em cursos de gradua\u00e7\u00e3o<\/strong> \u2014 presencial, semipresencial ou EAD \u2014 com sede ou polo no estado da Bahia. Tamb\u00e9m \u00e9 obrigat\u00f3rio <strong>residir no estado<\/strong> e <strong>n\u00e3o estar no \u00faltimo semestre do curso<\/strong>.<\/p>\n\n\n\n<p>A carga hor\u00e1ria do est\u00e1gio \u00e9 de <strong>4 horas por dia<\/strong>, totalizando <strong>20 horas semanais<\/strong>. A bolsa padr\u00e3o oferecida pela maioria dos \u00f3rg\u00e3os p\u00fablicos \u00e9 de <strong>R$ 607,00<\/strong>, al\u00e9m de <strong>aux\u00edlio-transporte<\/strong>.<\/p>\n\n\n\n<p class=\"has-black-color has-text-color has-link-color wp-elements-e1498492f780cfda4791e93615e4e7a6\"><strong>Confira abaixo o edital:<\/strong><\/p>\n\n\n\n<div data-wp-interactive=\"core\/file\" class=\"wp-block-file\"><object data-wp-bind--hidden=\"!state.hasPdfPreview\" hidden class=\"wp-block-file__embed\" data=\"https:\/\/blogdoeloiltoncajuhy.com.br\/site\/wp-content\/uploads\/2026\/03\/EDITAL-PARTIU-ESTAGIO.pdf\" type=\"application\/pdf\" style=\"width:100%;height:600px\" aria-label=\"Incorporado de EDITAL PARTIU EST\u00c1GIO.\"><\/object><a id=\"wp-block-file--media-5eae430b-77fd-4d7a-a05d-db73cfb6373a\" href=\"https:\/\/blogdoeloiltoncajuhy.com.br\/site\/wp-content\/uploads\/2026\/03\/EDITAL-PARTIU-ESTAGIO.pdf\">EDITAL PARTIU EST\u00c1GIO<\/a><a href=\"https:\/\/blogdoeloiltoncajuhy.com.br\/site\/wp-content\/uploads\/2026\/03\/EDITAL-PARTIU-ESTAGIO.pdf\" class=\"wp-block-file__button wp-element-button\" download aria-describedby=\"wp-block-file--media-5eae430b-77fd-4d7a-a05d-db73cfb6373a\">Baixar<\/a><\/div>\n\n\n\n<p>Alguns \u00f3rg\u00e3os oferecem bolsas com valores diferenciados, como a <strong>Desenbahia<\/strong>, que paga <strong>R$ 1.726<\/strong>, e a <strong>Bahiag\u00e1s<\/strong>, com bolsa de <strong>R$ 1.200<\/strong>.<\/p>\n\n\n\n<p>A dura\u00e7\u00e3o do est\u00e1gio ser\u00e1 de <strong>um ano<\/strong>, sem possibilidade de prorroga\u00e7\u00e3o, exceto nos casos de estudantes com defici\u00eancia.<\/p>\n\n\n\n<p class=\"has-black-color has-text-color has-link-color has-medium-font-size wp-elements-03a3454aea0f93c8f092e641fe611c72\"><strong>Vagas em Senhor do Bonfim<\/strong><\/p>\n\n\n\n<p>No munic\u00edpio de <strong>Senhor do Bonfim<\/strong>, a <strong>Ag\u00eancia de Defesa Agropecu\u00e1ria da Bahia (ADAB)<\/strong> est\u00e1 oferecendo duas vagas de est\u00e1gio:<\/p>\n\n\n\n<ul class=\"wp-block-list\">\n<li><strong>Administra\u00e7\u00e3o<\/strong> \u2013 01 vaga<\/li>\n\n\n\n<li><strong>Ci\u00eancias Agr\u00e1rias<\/strong> \u2013 01 vaga<\/li>\n<\/ul>\n\n\n\n<p><\/p>\n\n\n\n<p>Os estudantes interessados devem realizar o cadastro dentro do prazo para concorrer \u00e0s oportunidades.<\/p>\n\n\n\n<p>O programa \u00e9 considerado uma excelente porta de entrada para jovens universit\u00e1rios que desejam ganhar experi\u00eancia profissional e conhecer de perto o funcionamento do servi\u00e7o p\u00fablico no estado da <strong>Bahia<\/strong>.<\/p>\n","protected":false},"excerpt":{"rendered":"<p>Governo do Estado oferece vagas em diversos \u00f3rg\u00e3os p\u00fablicos; em Senhor do Bonfim h\u00e1 oportunidades na ADAB para estudantes de Administra\u00e7\u00e3o e Ci\u00eancias Agr\u00e1rias Por Blog do Eloilton Cajuhy \u2013 BEC >> Siga o canal do BEC no WhatsApp O Governo do Estado da Bahia lan\u00e7ou o programa Partiu Est\u00e1gio 2026, voltado para estudantes de [&hellip;]<\/p>\n","protected":false},"author":2,"featured_media":79818,"comment_status":"open","ping_status":"open","sticky":false,"template":"","format":"standard","meta":{"_acf_changed":false,"_monsterinsights_skip_tracking":false,"_monsterinsights_sitenote_active":false,"_monsterinsights_sitenote_note":"","_monsterinsights_sitenote_category":0,"_jetpack_memberships_contains_paid_content":false,"footnotes":"","jetpack_publicize_message":"","jetpack_publicize_feature_enabled":true,"jetpack_social_post_already_shared":true,"jetpack_social_options":{"image_generator_settings":{"template":"highway","default_image_id":0,"font":"","enabled":false},"version":2}},"categories":[32],"tags":[],"class_list":["post-94214","post","type-post","status-publish","format-standard","has-post-thumbnail","hentry","category-emprego"],"acf":[],"jetpack_publicize_connections":[],"jetpack_featured_media_url":"https:\/\/i0.wp.com\/blogdoeloiltoncajuhy.com.br\/site\/wp-content\/uploads\/2024\/03\/GOVBA_PartiuEstagio_Foto-Luiz-Carrera-SEC.jpeg?fit=768%2C512&ssl=1","jetpack_sharing_enabled":true,"publishpress_future_workflow_manual_trigger":{"enabledWorkflows":[]},"_links":{"self":[{"href":"https:\/\/blogdoeloiltoncajuhy.com.br\/site\/wp-json\/wp\/v2\/posts\/94214","targetHints":{"allow":["GET"]}}],"collection":[{"href":"https:\/\/blogdoeloiltoncajuhy.com.br\/site\/wp-json\/wp\/v2\/posts"}],"about":[{"href":"https:\/\/blogdoeloiltoncajuhy.com.br\/site\/wp-json\/wp\/v2\/types\/post"}],"author":[{"embeddable":true,"href":"https:\/\/blogdoeloiltoncajuhy.com.br\/site\/wp-json\/wp\/v2\/users\/2"}],"replies":[{"embeddable":true,"href":"https:\/\/blogdoeloiltoncajuhy.com.br\/site\/wp-json\/wp\/v2\/comments?post=94214"}],"version-history":[{"count":1,"href":"https:\/\/blogdoeloiltoncajuhy.com.br\/site\/wp-json\/wp\/v2\/posts\/94214\/revisions"}],"predecessor-version":[{"id":94216,"href":"https:\/\/blogdoeloiltoncajuhy.com.br\/site\/wp-json\/wp\/v2\/posts\/94214\/revisions\/94216"}],"wp:featuredmedia":[{"embeddable":true,"href":"https:\/\/blogdoeloiltoncajuhy.com.br\/site\/wp-json\/wp\/v2\/media\/79818"}],"wp:attachment":[{"href":"https:\/\/blogdoeloiltoncajuhy.com.br\/site\/wp-json\/wp\/v2\/media?parent=94214"}],"wp:term":[{"taxonomy":"category","embeddable":true,"href":"https:\/\/blogdoeloiltoncajuhy.com.br\/site\/wp-json\/wp\/v2\/categories?post=94214"},{"taxonomy":"post_tag","embeddable":true,"href":"https:\/\/blogdoeloiltoncajuhy.com.br\/site\/wp-json\/wp\/v2\/tags?post=94214"}],"curies":[{"name":"wp","href":"https:\/\/api.w.org\/{rel}","templated":true}]}}