{"id":94208,"date":"2026-03-11T14:02:13","date_gmt":"2026-03-11T17:02:13","guid":{"rendered":"https:\/\/blogdoeloiltoncajuhy.com.br\/site\/?p=94208"},"modified":"2026-03-11T14:02:14","modified_gmt":"2026-03-11T17:02:14","slug":"deputado-critica-pl-que-torna-salvador-capital-do-brasil-escarnio","status":"publish","type":"post","link":"https:\/\/blogdoeloiltoncajuhy.com.br\/site\/deputado-critica-pl-que-torna-salvador-capital-do-brasil-escarnio\/","title":{"rendered":"Deputado critica PL que torna Salvador capital do Brasil: \u201cEsc\u00e1rnio&#8221;"},"content":{"rendered":"\n<p class=\"has-medium-font-size\"><strong>Parlamentar alegou que a Casa tinha assuntos mais importantes para debater<\/strong><\/p>\n\n\n\n<p><strong>Por Anderson Ramos\/A Tarde<\/strong><\/p>\n\n\n\n<p><strong><a href=\"https:\/\/whatsapp.com\/channel\/0029VaAT7tDLI8Yfj5y9Z50Z\" target=\"_blank\" rel=\"noreferrer noopener\"><mark style=\"background-color:rgba(0, 0, 0, 0)\" class=\"has-inline-color has-luminous-vivid-orange-color\">>> Siga o canal do BEC no WhatsApp<\/mark><\/a><\/strong><\/p>\n\n\n\n<figure class=\"wp-block-image aligncenter size-full\"><a href=\"https:\/\/i0.wp.com\/blogdoeloiltoncajuhy.com.br\/site\/wp-content\/uploads\/2026\/03\/Kim-Kataguiri-e-deputado-federal-por-Sao-Paulo.-Foto-Vinicius-Loures-Camara-dos-Deputados.jpg?ssl=1\"><img data-recalc-dims=\"1\" fetchpriority=\"high\" decoding=\"async\" width=\"780\" height=\"536\" src=\"https:\/\/i0.wp.com\/blogdoeloiltoncajuhy.com.br\/site\/wp-content\/uploads\/2026\/03\/Kim-Kataguiri-e-deputado-federal-por-Sao-Paulo.-Foto-Vinicius-Loures-Camara-dos-Deputados.jpg?resize=780%2C536&#038;ssl=1\" alt=\"\" class=\"wp-image-94209\" srcset=\"https:\/\/i0.wp.com\/blogdoeloiltoncajuhy.com.br\/site\/wp-content\/uploads\/2026\/03\/Kim-Kataguiri-e-deputado-federal-por-Sao-Paulo.-Foto-Vinicius-Loures-Camara-dos-Deputados.jpg?w=780&amp;ssl=1 780w, https:\/\/i0.wp.com\/blogdoeloiltoncajuhy.com.br\/site\/wp-content\/uploads\/2026\/03\/Kim-Kataguiri-e-deputado-federal-por-Sao-Paulo.-Foto-Vinicius-Loures-Camara-dos-Deputados.jpg?resize=300%2C206&amp;ssl=1 300w, https:\/\/i0.wp.com\/blogdoeloiltoncajuhy.com.br\/site\/wp-content\/uploads\/2026\/03\/Kim-Kataguiri-e-deputado-federal-por-Sao-Paulo.-Foto-Vinicius-Loures-Camara-dos-Deputados.jpg?resize=768%2C528&amp;ssl=1 768w\" sizes=\"(max-width: 780px) 100vw, 780px\" \/><\/a><figcaption class=\"wp-element-caption\"><sub>Kim Kataguiri \u00e9 deputadon federal por S\u00e3o Paulo pelo rec\u00e9m-criado Miss\u00e3o &#8211; Foto: Vinicius Loures \/ C\u00e2mara dos Deputados<\/sub><\/figcaption><\/figure>\n\n\n\n<p>A aprova\u00e7\u00e3o na C\u00e2mara dos Deputados do Projeto de Lei 5672\/25 que oficializa Salvador como a sede simb\u00f3lica do Governo Federal anualmente no dia 2 de julho, data da Independ\u00eancia da Bahia, n\u00e3o agradou a todos.<\/p>\n\n\n\n<p>O deputado Kim Kataguiri (Miss\u00e3o-SP) fez quest\u00e3o de deixar de mostrar sua contrariedade com a discuss\u00e3o da proposta. Ele alegou que a Casa tinha assuntos mais importantes para debater do que tratar da referida proposta.<\/p>\n\n\n\n<p>O parlamentar classificou a aprova\u00e7\u00e3o do projeto como um \u201cesc\u00e1rnio\u201d e disse que s\u00f3 n\u00e3o iria fazer nenhum pedido para obstruir a vota\u00e7\u00e3o porque tinha certeza que seria derrotado.<\/p>\n\n\n\n<p>\u201cEu n\u00e3o vou obstruir, eu n\u00e3o vou apresentar requerimento para tirar de pauta, eu n\u00e3o vou pedir vota\u00e7\u00e3o nominal, eu n\u00e3o vou pedir nada. Eu sei que vou ser derrotado. Eu sei que tem maioria. Eu s\u00f3 preciso marcar a minha posi\u00e7\u00e3o, pois acho um esc\u00e1rnio com a popula\u00e7\u00e3o brasileira esse gasto. Olhem s\u00f3, um deputado tem um sal\u00e1rio de 46 mil reais, com 40 mil reais de cota parlamentar, cento e tantos mil de verba de gabinete. E vamos discutir a transfer\u00eancia simb\u00f3lica da capital federal para uma cidade?\u201d, reclamou.<\/p>\n\n\n\n<p class=\"has-black-color has-text-color has-link-color has-medium-font-size wp-elements-a5bb403eb1e272c859fff24a0e2d2caf\"><strong>Repara\u00e7\u00e3o<\/strong><\/p>\n\n\n\n<p>O texto, de autoria do deputado federal Leo Prates (PDT), determina que os atos institucionais dos Poderes Executivo, Legislativo e Judici\u00e1rio sejam realizados na capital baiana durante a celebra\u00e7\u00e3o. A medida n\u00e3o interrompe as atividades essenciais em Bras\u00edlia, que segue operando administrativamente.<\/p>\n\n\n\n<p>Para o autor da proposta, a mudan\u00e7a tempor\u00e1ria de sede \u00e9 um gesto de reconhecimento ao papel da Bahia na forma\u00e7\u00e3o do Brasil.<\/p>\n\n\n\n<p>&#8220;A transfer\u00eancia visa n\u00e3o apenas homenagear esses feitos, mas tamb\u00e9m resgatar a mem\u00f3ria hist\u00f3rica do pa\u00eds, garantindo que o protagonismo baiano seja devidamente reconhecido em n\u00edvel nacional&#8221;, justificou Prates durante a sess\u00e3o.<\/p>\n\n\n\n<p>A proposta segue agora para as pr\u00f3ximas etapas de tramita\u00e7\u00e3o legislativa antes da san\u00e7\u00e3o presidencial.<\/p>\n","protected":false},"excerpt":{"rendered":"<p>Parlamentar alegou que a Casa tinha assuntos mais importantes para debater Por Anderson Ramos\/A Tarde >> Siga o canal do BEC no WhatsApp A aprova\u00e7\u00e3o na C\u00e2mara dos Deputados do Projeto de Lei 5672\/25 que oficializa Salvador como a sede simb\u00f3lica do Governo Federal anualmente no dia 2 de julho, data da Independ\u00eancia da Bahia, [&hellip;]<\/p>\n","protected":false},"author":2,"featured_media":94209,"comment_status":"open","ping_status":"open","sticky":false,"template":"","format":"standard","meta":{"_acf_changed":false,"_monsterinsights_skip_tracking":false,"_monsterinsights_sitenote_active":false,"_monsterinsights_sitenote_note":"","_monsterinsights_sitenote_category":0,"_jetpack_memberships_contains_paid_content":false,"footnotes":"","jetpack_publicize_message":"","jetpack_publicize_feature_enabled":true,"jetpack_social_post_already_shared":true,"jetpack_social_options":{"image_generator_settings":{"template":"highway","default_image_id":0,"font":"","enabled":false},"version":2}},"categories":[3],"tags":[],"class_list":["post-94208","post","type-post","status-publish","format-standard","has-post-thumbnail","hentry","category-politica"],"acf":[],"jetpack_publicize_connections":[],"jetpack_featured_media_url":"https:\/\/i0.wp.com\/blogdoeloiltoncajuhy.com.br\/site\/wp-content\/uploads\/2026\/03\/Kim-Kataguiri-e-deputado-federal-por-Sao-Paulo.-Foto-Vinicius-Loures-Camara-dos-Deputados.jpg?fit=780%2C536&ssl=1","jetpack_sharing_enabled":true,"publishpress_future_workflow_manual_trigger":{"enabledWorkflows":[]},"_links":{"self":[{"href":"https:\/\/blogdoeloiltoncajuhy.com.br\/site\/wp-json\/wp\/v2\/posts\/94208","targetHints":{"allow":["GET"]}}],"collection":[{"href":"https:\/\/blogdoeloiltoncajuhy.com.br\/site\/wp-json\/wp\/v2\/posts"}],"about":[{"href":"https:\/\/blogdoeloiltoncajuhy.com.br\/site\/wp-json\/wp\/v2\/types\/post"}],"author":[{"embeddable":true,"href":"https:\/\/blogdoeloiltoncajuhy.com.br\/site\/wp-json\/wp\/v2\/users\/2"}],"replies":[{"embeddable":true,"href":"https:\/\/blogdoeloiltoncajuhy.com.br\/site\/wp-json\/wp\/v2\/comments?post=94208"}],"version-history":[{"count":1,"href":"https:\/\/blogdoeloiltoncajuhy.com.br\/site\/wp-json\/wp\/v2\/posts\/94208\/revisions"}],"predecessor-version":[{"id":94210,"href":"https:\/\/blogdoeloiltoncajuhy.com.br\/site\/wp-json\/wp\/v2\/posts\/94208\/revisions\/94210"}],"wp:featuredmedia":[{"embeddable":true,"href":"https:\/\/blogdoeloiltoncajuhy.com.br\/site\/wp-json\/wp\/v2\/media\/94209"}],"wp:attachment":[{"href":"https:\/\/blogdoeloiltoncajuhy.com.br\/site\/wp-json\/wp\/v2\/media?parent=94208"}],"wp:term":[{"taxonomy":"category","embeddable":true,"href":"https:\/\/blogdoeloiltoncajuhy.com.br\/site\/wp-json\/wp\/v2\/categories?post=94208"},{"taxonomy":"post_tag","embeddable":true,"href":"https:\/\/blogdoeloiltoncajuhy.com.br\/site\/wp-json\/wp\/v2\/tags?post=94208"}],"curies":[{"name":"wp","href":"https:\/\/api.w.org\/{rel}","templated":true}]}}