{"id":94204,"date":"2026-03-11T13:34:45","date_gmt":"2026-03-11T16:34:45","guid":{"rendered":"https:\/\/blogdoeloiltoncajuhy.com.br\/site\/?p=94204"},"modified":"2026-03-11T13:36:04","modified_gmt":"2026-03-11T16:36:04","slug":"envolvido-no-caso-master-acm-neto-multiplicou-patrimonio-milionario-em-10-anos","status":"publish","type":"post","link":"https:\/\/blogdoeloiltoncajuhy.com.br\/site\/envolvido-no-caso-master-acm-neto-multiplicou-patrimonio-milionario-em-10-anos\/","title":{"rendered":"Envolvido no Caso Master, ACM Neto multiplicou patrim\u00f4nio milion\u00e1rio em 10 anos"},"content":{"rendered":"\n<p><strong>Por Pol\u00edtica ao Vivo<\/strong><\/p>\n\n\n\n<p><strong><a href=\"https:\/\/whatsapp.com\/channel\/0029VaAT7tDLI8Yfj5y9Z50Z\" target=\"_blank\" rel=\"noreferrer noopener\"><mark style=\"background-color:rgba(0, 0, 0, 0)\" class=\"has-inline-color has-luminous-vivid-orange-color\">>> Siga o canal do BEC no WhatsApp<\/mark><\/a><\/strong><\/p>\n\n\n\n<figure class=\"wp-block-image aligncenter size-full is-resized\"><a href=\"https:\/\/i0.wp.com\/blogdoeloiltoncajuhy.com.br\/site\/wp-content\/uploads\/2026\/03\/ACM-Neto-110326-Divulgacao-E.png?ssl=1\"><img data-recalc-dims=\"1\" fetchpriority=\"high\" decoding=\"async\" width=\"768\" height=\"584\" src=\"https:\/\/i0.wp.com\/blogdoeloiltoncajuhy.com.br\/site\/wp-content\/uploads\/2026\/03\/ACM-Neto-110326-Divulgacao-E.png?resize=768%2C584&#038;ssl=1\" alt=\"\" class=\"wp-image-94205\" style=\"width:597px;height:auto\" srcset=\"https:\/\/i0.wp.com\/blogdoeloiltoncajuhy.com.br\/site\/wp-content\/uploads\/2026\/03\/ACM-Neto-110326-Divulgacao-E.png?w=768&amp;ssl=1 768w, https:\/\/i0.wp.com\/blogdoeloiltoncajuhy.com.br\/site\/wp-content\/uploads\/2026\/03\/ACM-Neto-110326-Divulgacao-E.png?resize=300%2C228&amp;ssl=1 300w\" sizes=\"(max-width: 768px) 100vw, 768px\" \/><\/a><figcaption class=\"wp-element-caption\"><sub>Foto: Divulga\u00e7\u00e3o<\/sub><\/figcaption><\/figure>\n\n\n\n<p>A not\u00edcia de sua rela\u00e7\u00e3o com o Banco Master, que pertence a Daniel Vorcaro, caiu como uma bomba no colo do ex-prefeito de Salvador e pr\u00e9-candidato ao governo da Bahia, ACM Neto.<\/p>\n\n\n\n<p>A informa\u00e7\u00e3o dada pelo jornal <strong>O Globo<\/strong>, nesta ter\u00e7a-feira (11) lan\u00e7a ainda uma suspeita a respeito do crescimento do patrim\u00f4nio declarado pelo pol\u00edtico nas \u00faltimas elei\u00e7\u00f5es que participou.<\/p>\n\n\n\n<p>Em 2012, quando se elegeu pela primeira vez para a gest\u00e3o soteropolitana, Neto declarou \u00e0 Justi\u00e7a Eleitoral um patrim\u00f4nio de R$ 13,3 milh\u00f5es. J\u00e1 no pleito de 2016, quando disputou a reelei\u00e7\u00e3o, o valor declarado por Neto foi de R$ 27,8 milh\u00f5es.<\/p>\n\n\n\n<p>Quando disputou a sua primeira elei\u00e7\u00e3o para o governo do Estado, em 2022, mesmo ano em que o Coaf detectou os repasses de R$ 3,6 milh\u00f5es feitos pelo Master, o patrim\u00f4nio do vice-presidente nacional do Uni\u00e3o Brasil foi de R$ 41,7 milh\u00f5es.<\/p>\n","protected":false},"excerpt":{"rendered":"<p>Por Pol\u00edtica ao Vivo >> Siga o canal do BEC no WhatsApp A not\u00edcia de sua rela\u00e7\u00e3o com o Banco Master, que pertence a Daniel Vorcaro, caiu como uma bomba no colo do ex-prefeito de Salvador e pr\u00e9-candidato ao governo da Bahia, ACM Neto. A informa\u00e7\u00e3o dada pelo jornal O Globo, nesta ter\u00e7a-feira (11) lan\u00e7a [&hellip;]<\/p>\n","protected":false},"author":2,"featured_media":94205,"comment_status":"open","ping_status":"open","sticky":false,"template":"","format":"standard","meta":{"_acf_changed":false,"_monsterinsights_skip_tracking":false,"_monsterinsights_sitenote_active":false,"_monsterinsights_sitenote_note":"","_monsterinsights_sitenote_category":0,"_jetpack_memberships_contains_paid_content":false,"footnotes":"","jetpack_publicize_message":"","jetpack_publicize_feature_enabled":true,"jetpack_social_post_already_shared":true,"jetpack_social_options":{"image_generator_settings":{"template":"highway","default_image_id":0,"font":"","enabled":false},"version":2}},"categories":[3],"tags":[],"class_list":["post-94204","post","type-post","status-publish","format-standard","has-post-thumbnail","hentry","category-politica"],"acf":[],"jetpack_publicize_connections":[],"jetpack_featured_media_url":"https:\/\/i0.wp.com\/blogdoeloiltoncajuhy.com.br\/site\/wp-content\/uploads\/2026\/03\/ACM-Neto-110326-Divulgacao-E.png?fit=768%2C584&ssl=1","jetpack_sharing_enabled":true,"publishpress_future_workflow_manual_trigger":{"enabledWorkflows":[]},"_links":{"self":[{"href":"https:\/\/blogdoeloiltoncajuhy.com.br\/site\/wp-json\/wp\/v2\/posts\/94204","targetHints":{"allow":["GET"]}}],"collection":[{"href":"https:\/\/blogdoeloiltoncajuhy.com.br\/site\/wp-json\/wp\/v2\/posts"}],"about":[{"href":"https:\/\/blogdoeloiltoncajuhy.com.br\/site\/wp-json\/wp\/v2\/types\/post"}],"author":[{"embeddable":true,"href":"https:\/\/blogdoeloiltoncajuhy.com.br\/site\/wp-json\/wp\/v2\/users\/2"}],"replies":[{"embeddable":true,"href":"https:\/\/blogdoeloiltoncajuhy.com.br\/site\/wp-json\/wp\/v2\/comments?post=94204"}],"version-history":[{"count":2,"href":"https:\/\/blogdoeloiltoncajuhy.com.br\/site\/wp-json\/wp\/v2\/posts\/94204\/revisions"}],"predecessor-version":[{"id":94207,"href":"https:\/\/blogdoeloiltoncajuhy.com.br\/site\/wp-json\/wp\/v2\/posts\/94204\/revisions\/94207"}],"wp:featuredmedia":[{"embeddable":true,"href":"https:\/\/blogdoeloiltoncajuhy.com.br\/site\/wp-json\/wp\/v2\/media\/94205"}],"wp:attachment":[{"href":"https:\/\/blogdoeloiltoncajuhy.com.br\/site\/wp-json\/wp\/v2\/media?parent=94204"}],"wp:term":[{"taxonomy":"category","embeddable":true,"href":"https:\/\/blogdoeloiltoncajuhy.com.br\/site\/wp-json\/wp\/v2\/categories?post=94204"},{"taxonomy":"post_tag","embeddable":true,"href":"https:\/\/blogdoeloiltoncajuhy.com.br\/site\/wp-json\/wp\/v2\/tags?post=94204"}],"curies":[{"name":"wp","href":"https:\/\/api.w.org\/{rel}","templated":true}]}}