{"id":94201,"date":"2026-03-11T09:02:05","date_gmt":"2026-03-11T12:02:05","guid":{"rendered":"https:\/\/blogdoeloiltoncajuhy.com.br\/site\/?p=94201"},"modified":"2026-03-11T09:02:06","modified_gmt":"2026-03-11T12:02:06","slug":"camara-aprova-projeto-que-transfere-capital-federal-para-salvador-durante-celebracoes-do-2-de-julho","status":"publish","type":"post","link":"https:\/\/blogdoeloiltoncajuhy.com.br\/site\/camara-aprova-projeto-que-transfere-capital-federal-para-salvador-durante-celebracoes-do-2-de-julho\/","title":{"rendered":"C\u00e2mara aprova projeto que transfere capital federal para Salvador durante celebra\u00e7\u00f5es do 2 de Julho"},"content":{"rendered":"\n<p class=\"has-medium-font-size\"><strong>Data marca a Independ\u00eancia do Brasil na Bahia. Medida ainda passar\u00e1 pelo Senado<\/strong><\/p>\n\n\n\n<p><strong>Por g1 BA<\/strong><\/p>\n\n\n\n<p><strong><a href=\"https:\/\/whatsapp.com\/channel\/0029VaAT7tDLI8Yfj5y9Z50Z\" target=\"_blank\" rel=\"noreferrer noopener\"><mark style=\"background-color:rgba(0, 0, 0, 0)\" class=\"has-inline-color has-luminous-vivid-orange-color\">>> Siga o canal do BEC no WhatsApp<\/mark><\/a><\/strong><\/p>\n\n\n\n<figure class=\"wp-block-image aligncenter size-full is-resized\"><a href=\"https:\/\/i0.wp.com\/blogdoeloiltoncajuhy.com.br\/site\/wp-content\/uploads\/2026\/03\/SSA_Festa-do-2-de-julho-em-2025-Foto-Alberto-Maraux-SSP-BA.jpeg?ssl=1\"><img data-recalc-dims=\"1\" fetchpriority=\"high\" decoding=\"async\" width=\"800\" height=\"562\" src=\"https:\/\/i0.wp.com\/blogdoeloiltoncajuhy.com.br\/site\/wp-content\/uploads\/2026\/03\/SSA_Festa-do-2-de-julho-em-2025-Foto-Alberto-Maraux-SSP-BA.jpeg?resize=800%2C562&#038;ssl=1\" alt=\"\" class=\"wp-image-94202\" style=\"aspect-ratio:1.4226569229486787;width:666px;height:auto\" srcset=\"https:\/\/i0.wp.com\/blogdoeloiltoncajuhy.com.br\/site\/wp-content\/uploads\/2026\/03\/SSA_Festa-do-2-de-julho-em-2025-Foto-Alberto-Maraux-SSP-BA.jpeg?w=818&amp;ssl=1 818w, https:\/\/i0.wp.com\/blogdoeloiltoncajuhy.com.br\/site\/wp-content\/uploads\/2026\/03\/SSA_Festa-do-2-de-julho-em-2025-Foto-Alberto-Maraux-SSP-BA.jpeg?resize=300%2C211&amp;ssl=1 300w, https:\/\/i0.wp.com\/blogdoeloiltoncajuhy.com.br\/site\/wp-content\/uploads\/2026\/03\/SSA_Festa-do-2-de-julho-em-2025-Foto-Alberto-Maraux-SSP-BA.jpeg?resize=768%2C540&amp;ssl=1 768w\" sizes=\"(max-width: 800px) 100vw, 800px\" \/><\/a><figcaption class=\"wp-element-caption\"><sub>Festa de 2 de Julho em 2025 \u2014 Foto: Alberto Maraux\/SSP-BA<\/sub><\/figcaption><\/figure>\n\n\n\n<p>A C\u00e2mara Federal aprovou, nesta ter\u00e7a-feira (10), um projeto que transfere simbolicamente a sede do Governo Federal para Salvador a cada 2 de Julho.<\/p>\n\n\n\n<p>A data marca as celebra\u00e7\u00f5es da Independ\u00eancia da Bahia, como marco da consolida\u00e7\u00e3o da Independ\u00eancia do Brasil. A medida ainda passar\u00e1 pelo Senado e, se aprovada, ser\u00e1 submetida \u00e0 san\u00e7\u00e3o do presidente da Rep\u00fablica.<\/p>\n\n\n\n<p>De autoria do deputado Leo Prates (PDT), o projeto 5672\/25 prev\u00ea que todos os atos institucionais dos Poderes Executivo, Legislativo e Judici\u00e1rio ocorram em Salvador nesta data, sem preju\u00edzo das atividades essenciais mantidas em Bras\u00edlia.<\/p>\n\n\n\n<p>A defini\u00e7\u00e3o da log\u00edstica e da seguran\u00e7a dever\u00e1 ser organizada pelo Executivo, com apoio de autoridades estaduais e municipais.<\/p>\n\n\n\n<p>Al\u00e9m desse projeto, outro, de autoria do Executivo, prev\u00ea reconhecer o dia 2 de Julho como uma data nacional. Mas isso n\u00e3o vai transformar a data em feriado para todo o Brasil.<\/p>\n\n\n\n<p>No ano passado, quando as celebra\u00e7\u00f5es completaram 202 anos de exist\u00eancia, a festa do 2 de Julho reuniu milhares de baianos e turistas.<\/p>\n\n\n\n<p>Ao longo do dia, o p\u00fablico percorreu cerca de 6 km, entre o bairro hist\u00f3rico Lapinha e a Pra\u00e7a do Campo Grande, no Centro da cidade. Antes disso, teve ainda a corrida com a tocha simb\u00f3lica, que percorre diversos munic\u00edpios do estado.<\/p>\n","protected":false},"excerpt":{"rendered":"<p>Data marca a Independ\u00eancia do Brasil na Bahia. Medida ainda passar\u00e1 pelo Senado Por g1 BA >> Siga o canal do BEC no WhatsApp A C\u00e2mara Federal aprovou, nesta ter\u00e7a-feira (10), um projeto que transfere simbolicamente a sede do Governo Federal para Salvador a cada 2 de Julho. A data marca as celebra\u00e7\u00f5es da Independ\u00eancia [&hellip;]<\/p>\n","protected":false},"author":2,"featured_media":94202,"comment_status":"open","ping_status":"open","sticky":false,"template":"","format":"standard","meta":{"_acf_changed":false,"_monsterinsights_skip_tracking":false,"_monsterinsights_sitenote_active":false,"_monsterinsights_sitenote_note":"","_monsterinsights_sitenote_category":0,"_jetpack_memberships_contains_paid_content":false,"footnotes":"","jetpack_publicize_message":"","jetpack_publicize_feature_enabled":true,"jetpack_social_post_already_shared":true,"jetpack_social_options":{"image_generator_settings":{"template":"highway","default_image_id":0,"font":"","enabled":false},"version":2}},"categories":[3],"tags":[],"class_list":["post-94201","post","type-post","status-publish","format-standard","has-post-thumbnail","hentry","category-politica"],"acf":[],"jetpack_publicize_connections":[],"jetpack_featured_media_url":"https:\/\/i0.wp.com\/blogdoeloiltoncajuhy.com.br\/site\/wp-content\/uploads\/2026\/03\/SSA_Festa-do-2-de-julho-em-2025-Foto-Alberto-Maraux-SSP-BA.jpeg?fit=818%2C575&ssl=1","jetpack_sharing_enabled":true,"publishpress_future_workflow_manual_trigger":{"enabledWorkflows":[]},"_links":{"self":[{"href":"https:\/\/blogdoeloiltoncajuhy.com.br\/site\/wp-json\/wp\/v2\/posts\/94201","targetHints":{"allow":["GET"]}}],"collection":[{"href":"https:\/\/blogdoeloiltoncajuhy.com.br\/site\/wp-json\/wp\/v2\/posts"}],"about":[{"href":"https:\/\/blogdoeloiltoncajuhy.com.br\/site\/wp-json\/wp\/v2\/types\/post"}],"author":[{"embeddable":true,"href":"https:\/\/blogdoeloiltoncajuhy.com.br\/site\/wp-json\/wp\/v2\/users\/2"}],"replies":[{"embeddable":true,"href":"https:\/\/blogdoeloiltoncajuhy.com.br\/site\/wp-json\/wp\/v2\/comments?post=94201"}],"version-history":[{"count":1,"href":"https:\/\/blogdoeloiltoncajuhy.com.br\/site\/wp-json\/wp\/v2\/posts\/94201\/revisions"}],"predecessor-version":[{"id":94203,"href":"https:\/\/blogdoeloiltoncajuhy.com.br\/site\/wp-json\/wp\/v2\/posts\/94201\/revisions\/94203"}],"wp:featuredmedia":[{"embeddable":true,"href":"https:\/\/blogdoeloiltoncajuhy.com.br\/site\/wp-json\/wp\/v2\/media\/94202"}],"wp:attachment":[{"href":"https:\/\/blogdoeloiltoncajuhy.com.br\/site\/wp-json\/wp\/v2\/media?parent=94201"}],"wp:term":[{"taxonomy":"category","embeddable":true,"href":"https:\/\/blogdoeloiltoncajuhy.com.br\/site\/wp-json\/wp\/v2\/categories?post=94201"},{"taxonomy":"post_tag","embeddable":true,"href":"https:\/\/blogdoeloiltoncajuhy.com.br\/site\/wp-json\/wp\/v2\/tags?post=94201"}],"curies":[{"name":"wp","href":"https:\/\/api.w.org\/{rel}","templated":true}]}}