{"id":94198,"date":"2026-03-11T08:48:44","date_gmt":"2026-03-11T11:48:44","guid":{"rendered":"https:\/\/blogdoeloiltoncajuhy.com.br\/site\/?p=94198"},"modified":"2026-03-11T08:48:45","modified_gmt":"2026-03-11T11:48:45","slug":"operacao-prende-12-pessoas-suspeitas-de-vender-canetas-emagrecedoras-na-bahia","status":"publish","type":"post","link":"https:\/\/blogdoeloiltoncajuhy.com.br\/site\/operacao-prende-12-pessoas-suspeitas-de-vender-canetas-emagrecedoras-na-bahia\/","title":{"rendered":"Opera\u00e7\u00e3o prende 12 pessoas suspeitas de vender canetas emagrecedoras na Bahia"},"content":{"rendered":"\n<p class=\"has-medium-font-size\"><strong>S\u00e3o cumpridos 57 mandados de busca e apreens\u00e3o e 10 de pris\u00e3o em Salvador, Lauro de Freitas, Cama\u00e7ari, Sim\u00f5es Filho, Feira de Santana e S\u00e3o Paulo<\/strong><\/p>\n\n\n\n<p><strong>Por g1 BA<\/strong><\/p>\n\n\n\n<p><strong><a href=\"https:\/\/whatsapp.com\/channel\/0029VaAT7tDLI8Yfj5y9Z50Z\" target=\"_blank\" rel=\"noreferrer noopener\"><mark style=\"background-color:rgba(0, 0, 0, 0)\" class=\"has-inline-color has-luminous-vivid-orange-color\">>> Siga o canal do BEC no WhatsApp<\/mark><\/a><\/strong><\/p>\n\n\n\n<figure class=\"wp-block-image aligncenter size-full\"><a href=\"https:\/\/i0.wp.com\/blogdoeloiltoncajuhy.com.br\/site\/wp-content\/uploads\/2026\/03\/Operacao-prende-12-pessoas-suspeitas-de-vender-canetas-emagrecedoras-na-Bahia-%E2%80%94-Foto-Policia-Civil.png?ssl=1\"><img data-recalc-dims=\"1\" fetchpriority=\"high\" decoding=\"async\" width=\"800\" height=\"454\" src=\"https:\/\/i0.wp.com\/blogdoeloiltoncajuhy.com.br\/site\/wp-content\/uploads\/2026\/03\/Operacao-prende-12-pessoas-suspeitas-de-vender-canetas-emagrecedoras-na-Bahia-%E2%80%94-Foto-Policia-Civil.png?resize=800%2C454&#038;ssl=1\" alt=\"\" class=\"wp-image-94199\" srcset=\"https:\/\/i0.wp.com\/blogdoeloiltoncajuhy.com.br\/site\/wp-content\/uploads\/2026\/03\/Operacao-prende-12-pessoas-suspeitas-de-vender-canetas-emagrecedoras-na-Bahia-%E2%80%94-Foto-Policia-Civil.png?w=817&amp;ssl=1 817w, https:\/\/i0.wp.com\/blogdoeloiltoncajuhy.com.br\/site\/wp-content\/uploads\/2026\/03\/Operacao-prende-12-pessoas-suspeitas-de-vender-canetas-emagrecedoras-na-Bahia-%E2%80%94-Foto-Policia-Civil.png?resize=300%2C170&amp;ssl=1 300w, https:\/\/i0.wp.com\/blogdoeloiltoncajuhy.com.br\/site\/wp-content\/uploads\/2026\/03\/Operacao-prende-12-pessoas-suspeitas-de-vender-canetas-emagrecedoras-na-Bahia-%E2%80%94-Foto-Policia-Civil.png?resize=768%2C436&amp;ssl=1 768w\" sizes=\"(max-width: 800px) 100vw, 800px\" \/><\/a><figcaption class=\"wp-element-caption\"><sub>Opera\u00e7\u00e3o prende 12 pessoas suspeitas de vender canetas emagrecedoras na Bahia \u2014 Foto: Pol\u00edcia Civil<\/sub><\/figcaption><\/figure>\n\n\n\n<p>Doze pessoas foram presas nesta quarta-feira (11), durante uma opera\u00e7\u00e3o contra um grupo suspeito de realizar um esquema de comercializa\u00e7\u00e3o irregular de canetas emagrecedoras na Bahia.<\/p>\n\n\n\n<p>Segundo apura\u00e7\u00e3o da <strong>TV Bahia<\/strong>, s\u00e3o cumpridos 57 mandados de busca e apreens\u00e3o e 10 de pris\u00e3o em Salvador, Lauro de Freitas, Cama\u00e7ari, Sim\u00f5es Filho, Feira de Santana e S\u00e3o Paulo durante a Opera\u00e7\u00e3o Pept\u00eddeos.<\/p>\n\n\n\n<p>Um dentista, que n\u00e3o teve o nome revelado, foi levado \u00e0 delegacia ap\u00f3s ser encontrado em um pr\u00e9dio localizado na regi\u00e3o da ladeira da Barra, na capital baiana. No apartamento, foram apreendidos diversas canetas emagrecedoras.<\/p>\n\n\n\n<p>Segundo o delegado Thomas Galdino, diretor do Departamento Especializado de Investiga\u00e7\u00f5es Criminais (DEIC), o suspeito foi apontado como o alvo principal da opera\u00e7\u00e3o.<\/p>\n\n\n\n<p>&#8220;L\u00e1 foram encontradas diversas canetas emagrecedoras, diversas subst\u00e2ncias proibidas que s\u00e3o utilizadas para a produ\u00e7\u00e3o e comercializa\u00e7\u00e3o dessas canetas. Todo material foi apreendido, assim como o nosso alvo e a esposa foram conduzidos para mediadas judiciais cab\u00edveis&#8221;, disse.<\/p>\n\n\n\n<p>O delegado Thiago Costa, titular da Delegacia de Defesa do Consumidor (Decon), informou que o suspeito tem uma farm\u00e1cia e uma cl\u00ednica.<\/p>\n\n\n\n<p>&#8220;Ele importa dos Estados Unidos, da It\u00e1lia, traz de S\u00e3o Paulo, pega receita da esposa para conseguir esse material em cl\u00ednicas de manipula\u00e7\u00e3o em S\u00e3o Paulo, e por isso n\u00f3s demos mandados de busca e apreens\u00e3o em uma cl\u00ednica que j\u00e1 tinha sido alvo de uma opera\u00e7\u00e3o da Pol\u00edcia Federal, em S\u00e3o Paulo, em novembro de 2025&#8221;, afirmou.<\/p>\n\n\n\n<p>O delegado disse ainda que a pol\u00edcia cumpriu mandados de busca e apreens\u00e3o em sete clinicas de est\u00e9tica, dois hospitais, farm\u00e1cias e uma cl\u00ednica odontol\u00f3gica. Thiago Costa acrescentou que uma biom\u00e9dica foi presa em flagrante.<\/p>\n\n\n\n<p>Duas mulheres tamb\u00e9m foram presas em Feira de Santana, segunda maior cidade da Bahia. Elas foram levadas para o Complexo de Delegacias do bairro Sobradinho, onde prestar\u00e3o depoimentos.<\/p>\n\n\n\n<p>&#8220;Elas v\u00e3o passar por audi\u00eancia de cust\u00f3dia em breve e est\u00e3o sendo interrogadas para sabermos quem s\u00e3o os os fornecedores e com quem elas adquiriram esse material. A gente vai tentar aprofundar essas investiga\u00e7\u00f5es&#8221;, disse o delegado Jos\u00e9 Marcos Rios.<\/p>\n\n\n\n<p class=\"has-black-color has-text-color has-link-color has-medium-font-size wp-elements-43caee544ed7868eb0881a5cce23d7c5\"><strong>Como funcionava o esquema<\/strong><\/p>\n\n\n\n<p>A Opera\u00e7\u00e3o Pept\u00eddeos investiga a atua\u00e7\u00e3o de uma rede estruturada voltada \u00e0 comercializa\u00e7\u00e3o clandestina de subst\u00e2ncias usadas no tratamento de pacientes com diabetes tipo 2, mas que vinham sendo amplamente divulgadas e vendidas para fins est\u00e9ticos e de emagrecimento, muitas vezes sem prescri\u00e7\u00e3o m\u00e9dica e fora dos padr\u00f5es sanit\u00e1rios exigidos pela legisla\u00e7\u00e3o.<\/p>\n\n\n\n<p>A pol\u00edcia informou que as apura\u00e7\u00f5es indicam que os produtos eram vendidos principalmente pelas redes sociais e aplicativos de mensagens.<\/p>\n\n\n\n<p>Tamb\u00e9m foram identificados ind\u00edcios de transporte e armazenamento sem controle sanit\u00e1rio adequado e a comercializa\u00e7\u00e3o sem comunica\u00e7\u00e3o aos \u00f3rg\u00e3os de vigil\u00e2ncia sanit\u00e1ria.<\/p>\n\n\n\n<p>A opera\u00e7\u00e3o conta com a participa\u00e7\u00e3o de mais de 200 policiais civis, al\u00e9m de equipes do Departamento de Pol\u00edcia T\u00e9cnica (DPT), da Secretaria de Administra\u00e7\u00e3o Penitenci\u00e1ria e Ressocializa\u00e7\u00e3o (Seap), de equipes da Vigil\u00e2ncia Sanit\u00e1ria Municipal de Salvador (DVIS), das Coordena\u00e7\u00f5es de Pol\u00edcia Interestadual (Polinter) e de Opera\u00e7\u00f5es de Pol\u00edcia Judici\u00e1ria (COPJ), da Coordena\u00e7\u00e3o de Opera\u00e7\u00f5es e Recursos Especiais (Core) e da Pol\u00edcia Militar da Bahia (PM-BA).<\/p>\n","protected":false},"excerpt":{"rendered":"<p>S\u00e3o cumpridos 57 mandados de busca e apreens\u00e3o e 10 de pris\u00e3o em Salvador, Lauro de Freitas, Cama\u00e7ari, Sim\u00f5es Filho, Feira de Santana e S\u00e3o Paulo Por g1 BA >> Siga o canal do BEC no WhatsApp Doze pessoas foram presas nesta quarta-feira (11), durante uma opera\u00e7\u00e3o contra um grupo suspeito de realizar um esquema [&hellip;]<\/p>\n","protected":false},"author":2,"featured_media":90981,"comment_status":"open","ping_status":"open","sticky":false,"template":"","format":"standard","meta":{"_acf_changed":false,"_monsterinsights_skip_tracking":false,"_monsterinsights_sitenote_active":false,"_monsterinsights_sitenote_note":"","_monsterinsights_sitenote_category":0,"_jetpack_memberships_contains_paid_content":false,"footnotes":"","jetpack_publicize_message":"","jetpack_publicize_feature_enabled":true,"jetpack_social_post_already_shared":true,"jetpack_social_options":{"image_generator_settings":{"template":"highway","default_image_id":0,"font":"","enabled":false},"version":2}},"categories":[15],"tags":[],"class_list":["post-94198","post","type-post","status-publish","format-standard","has-post-thumbnail","hentry","category-policia"],"acf":[],"jetpack_publicize_connections":[],"jetpack_featured_media_url":"https:\/\/i0.wp.com\/blogdoeloiltoncajuhy.com.br\/site\/wp-content\/uploads\/2025\/10\/Homem-foi-preso-em-flagrante-pela-Policia-Civil-apos-descumprir-medida-protetiva-%E2%80%94-Foto-Ascom-PCBA.png?fit=815%2C546&ssl=1","jetpack_sharing_enabled":true,"publishpress_future_workflow_manual_trigger":{"enabledWorkflows":[]},"_links":{"self":[{"href":"https:\/\/blogdoeloiltoncajuhy.com.br\/site\/wp-json\/wp\/v2\/posts\/94198","targetHints":{"allow":["GET"]}}],"collection":[{"href":"https:\/\/blogdoeloiltoncajuhy.com.br\/site\/wp-json\/wp\/v2\/posts"}],"about":[{"href":"https:\/\/blogdoeloiltoncajuhy.com.br\/site\/wp-json\/wp\/v2\/types\/post"}],"author":[{"embeddable":true,"href":"https:\/\/blogdoeloiltoncajuhy.com.br\/site\/wp-json\/wp\/v2\/users\/2"}],"replies":[{"embeddable":true,"href":"https:\/\/blogdoeloiltoncajuhy.com.br\/site\/wp-json\/wp\/v2\/comments?post=94198"}],"version-history":[{"count":1,"href":"https:\/\/blogdoeloiltoncajuhy.com.br\/site\/wp-json\/wp\/v2\/posts\/94198\/revisions"}],"predecessor-version":[{"id":94200,"href":"https:\/\/blogdoeloiltoncajuhy.com.br\/site\/wp-json\/wp\/v2\/posts\/94198\/revisions\/94200"}],"wp:featuredmedia":[{"embeddable":true,"href":"https:\/\/blogdoeloiltoncajuhy.com.br\/site\/wp-json\/wp\/v2\/media\/90981"}],"wp:attachment":[{"href":"https:\/\/blogdoeloiltoncajuhy.com.br\/site\/wp-json\/wp\/v2\/media?parent=94198"}],"wp:term":[{"taxonomy":"category","embeddable":true,"href":"https:\/\/blogdoeloiltoncajuhy.com.br\/site\/wp-json\/wp\/v2\/categories?post=94198"},{"taxonomy":"post_tag","embeddable":true,"href":"https:\/\/blogdoeloiltoncajuhy.com.br\/site\/wp-json\/wp\/v2\/tags?post=94198"}],"curies":[{"name":"wp","href":"https:\/\/api.w.org\/{rel}","templated":true}]}}