{"id":94185,"date":"2026-03-10T20:30:00","date_gmt":"2026-03-10T23:30:00","guid":{"rendered":"https:\/\/blogdoeloiltoncajuhy.com.br\/site\/?p=94185"},"modified":"2026-03-10T16:40:48","modified_gmt":"2026-03-10T19:40:48","slug":"cultive-a-paz-interior-e-ela-se-refletira-em-todos-os-aspectos-da-sua-vida","status":"publish","type":"post","link":"https:\/\/blogdoeloiltoncajuhy.com.br\/site\/cultive-a-paz-interior-e-ela-se-refletira-em-todos-os-aspectos-da-sua-vida\/","title":{"rendered":"Cultive a paz interior e ela se refletir\u00e1 em todos os aspectos da sua vida"},"content":{"rendered":"\n<p class=\"has-medium-font-size\"><strong>Quando o cora\u00e7\u00e3o encontra calma, a vida inteira aprende a respirar melhor<\/strong><\/p>\n\n\n\n<p><strong>Por Blog do Eloilton Cajuhy \u2013 BEC<\/strong><\/p>\n\n\n\n<p><strong><a href=\"https:\/\/whatsapp.com\/channel\/0029VaAT7tDLI8Yfj5y9Z50Z\" target=\"_blank\" rel=\"noreferrer noopener\"><mark style=\"background-color:rgba(0, 0, 0, 0)\" class=\"has-inline-color has-luminous-vivid-orange-color\">>> Siga o canal do BEC no WhatsApp<\/mark><\/a><\/strong><\/p>\n\n\n\n<figure class=\"wp-block-image aligncenter size-full\"><a href=\"https:\/\/i0.wp.com\/blogdoeloiltoncajuhy.com.br\/site\/wp-content\/uploads\/2026\/03\/Praca-Nova_Bonfim_2026-03-10_Jose-Augusto.jpg?ssl=1\"><img data-recalc-dims=\"1\" fetchpriority=\"high\" decoding=\"async\" width=\"510\" height=\"680\" src=\"https:\/\/i0.wp.com\/blogdoeloiltoncajuhy.com.br\/site\/wp-content\/uploads\/2026\/03\/Praca-Nova_Bonfim_2026-03-10_Jose-Augusto.jpg?resize=510%2C680&#038;ssl=1\" alt=\"\" class=\"wp-image-94186\" srcset=\"https:\/\/i0.wp.com\/blogdoeloiltoncajuhy.com.br\/site\/wp-content\/uploads\/2026\/03\/Praca-Nova_Bonfim_2026-03-10_Jose-Augusto.jpg?w=510&amp;ssl=1 510w, https:\/\/i0.wp.com\/blogdoeloiltoncajuhy.com.br\/site\/wp-content\/uploads\/2026\/03\/Praca-Nova_Bonfim_2026-03-10_Jose-Augusto.jpg?resize=225%2C300&amp;ssl=1 225w\" sizes=\"(max-width: 510px) 100vw, 510px\" \/><\/a><figcaption class=\"wp-element-caption\"><sub>Pra\u00e7a Nova do Congresso, Senhor do Bonfim, Bahia &#8211; Foto: Jos\u00e9 Augusto<\/sub><\/figcaption><\/figure>\n\n\n\n<p>Em meio ao barulho do mundo, \u00e0s press\u00f5es do dia a dia e \u00e0s preocupa\u00e7\u00f5es que parecem n\u00e3o ter fim, existe um lugar onde tudo pode se acalmar: dentro de n\u00f3s. Cultivar a paz interior \u00e9 como cuidar de um jardim silencioso no cora\u00e7\u00e3o. \u00c9 ali que plantamos paci\u00eancia, regamos com esperan\u00e7a e colhemos serenidade.<\/p>\n\n\n\n<p>Quando aprendemos a silenciar a mente por alguns instantes, percebemos que nem todos os problemas precisam de pressa, nem todas as respostas precisam vir imediatamente. A paz interior nasce quando aceitamos que a vida tem seus pr\u00f3prios ritmos e que nem sempre controlamos tudo \u2014 mas podemos escolher como reagir.<\/p>\n\n\n\n<p>Quem cultiva essa paz passa a olhar o mundo com outros olhos. As palavras se tornam mais gentis, as decis\u00f5es mais s\u00e1bias e as rela\u00e7\u00f5es mais leves. Pequenos gestos passam a ter grande valor: um sorriso sincero, uma conversa tranquila, um momento de gratid\u00e3o ao final do dia.<\/p>\n\n\n\n<p>A verdade \u00e9 que a paz n\u00e3o \u00e9 aus\u00eancia de dificuldades; \u00e9 a capacidade de permanecer firme mesmo quando o vento sopra forte. \u00c9 confiar que, depois da tempestade, o c\u00e9u sempre encontra uma maneira de clarear novamente.<\/p>\n\n\n\n<p>Por isso, cuide da sua paz. Proteja seus pensamentos, escolha o que alimenta sua alma e n\u00e3o permita que o caos do mundo roube a tranquilidade que Deus plantou dentro de voc\u00ea. Quando a paz mora no cora\u00e7\u00e3o, ela naturalmente se espalha \u2014 nas palavras, nas atitudes e na forma de viver.<\/p>\n\n\n\n<p>E assim, pouco a pouco, sua vida se transforma em um reflexo dessa calma: uma presen\u00e7a que tranquiliza, uma voz que conforta e um exemplo de que viver em paz ainda \u00e9 uma das maiores riquezas que algu\u00e9m pode ter.<\/p>\n","protected":false},"excerpt":{"rendered":"<p>Quando o cora\u00e7\u00e3o encontra calma, a vida inteira aprende a respirar melhor Por Blog do Eloilton Cajuhy \u2013 BEC >> Siga o canal do BEC no WhatsApp Em meio ao barulho do mundo, \u00e0s press\u00f5es do dia a dia e \u00e0s preocupa\u00e7\u00f5es que parecem n\u00e3o ter fim, existe um lugar onde tudo pode se acalmar: [&hellip;]<\/p>\n","protected":false},"author":2,"featured_media":94186,"comment_status":"open","ping_status":"open","sticky":false,"template":"","format":"standard","meta":{"_acf_changed":false,"_monsterinsights_skip_tracking":false,"_monsterinsights_sitenote_active":false,"_monsterinsights_sitenote_note":"","_monsterinsights_sitenote_category":0,"_jetpack_memberships_contains_paid_content":false,"footnotes":"","jetpack_publicize_message":"","jetpack_publicize_feature_enabled":true,"jetpack_social_post_already_shared":true,"jetpack_social_options":{"image_generator_settings":{"template":"highway","default_image_id":0,"font":"","enabled":false},"version":2}},"categories":[9],"tags":[],"class_list":["post-94185","post","type-post","status-publish","format-standard","has-post-thumbnail","hentry","category-reflexao"],"acf":[],"jetpack_publicize_connections":[],"jetpack_featured_media_url":"https:\/\/i0.wp.com\/blogdoeloiltoncajuhy.com.br\/site\/wp-content\/uploads\/2026\/03\/Praca-Nova_Bonfim_2026-03-10_Jose-Augusto.jpg?fit=510%2C680&ssl=1","jetpack_sharing_enabled":true,"publishpress_future_workflow_manual_trigger":{"enabledWorkflows":[]},"_links":{"self":[{"href":"https:\/\/blogdoeloiltoncajuhy.com.br\/site\/wp-json\/wp\/v2\/posts\/94185","targetHints":{"allow":["GET"]}}],"collection":[{"href":"https:\/\/blogdoeloiltoncajuhy.com.br\/site\/wp-json\/wp\/v2\/posts"}],"about":[{"href":"https:\/\/blogdoeloiltoncajuhy.com.br\/site\/wp-json\/wp\/v2\/types\/post"}],"author":[{"embeddable":true,"href":"https:\/\/blogdoeloiltoncajuhy.com.br\/site\/wp-json\/wp\/v2\/users\/2"}],"replies":[{"embeddable":true,"href":"https:\/\/blogdoeloiltoncajuhy.com.br\/site\/wp-json\/wp\/v2\/comments?post=94185"}],"version-history":[{"count":1,"href":"https:\/\/blogdoeloiltoncajuhy.com.br\/site\/wp-json\/wp\/v2\/posts\/94185\/revisions"}],"predecessor-version":[{"id":94187,"href":"https:\/\/blogdoeloiltoncajuhy.com.br\/site\/wp-json\/wp\/v2\/posts\/94185\/revisions\/94187"}],"wp:featuredmedia":[{"embeddable":true,"href":"https:\/\/blogdoeloiltoncajuhy.com.br\/site\/wp-json\/wp\/v2\/media\/94186"}],"wp:attachment":[{"href":"https:\/\/blogdoeloiltoncajuhy.com.br\/site\/wp-json\/wp\/v2\/media?parent=94185"}],"wp:term":[{"taxonomy":"category","embeddable":true,"href":"https:\/\/blogdoeloiltoncajuhy.com.br\/site\/wp-json\/wp\/v2\/categories?post=94185"},{"taxonomy":"post_tag","embeddable":true,"href":"https:\/\/blogdoeloiltoncajuhy.com.br\/site\/wp-json\/wp\/v2\/tags?post=94185"}],"curies":[{"name":"wp","href":"https:\/\/api.w.org\/{rel}","templated":true}]}}