{"id":94182,"date":"2026-03-10T15:06:41","date_gmt":"2026-03-10T18:06:41","guid":{"rendered":"https:\/\/blogdoeloiltoncajuhy.com.br\/site\/?p=94182"},"modified":"2026-03-10T15:06:43","modified_gmt":"2026-03-10T18:06:43","slug":"festejos-de-sao-jose-esposo-2026-movimentam-comunidade-das-casas-populares-em-senhor-do-bonfim","status":"publish","type":"post","link":"https:\/\/blogdoeloiltoncajuhy.com.br\/site\/festejos-de-sao-jose-esposo-2026-movimentam-comunidade-das-casas-populares-em-senhor-do-bonfim\/","title":{"rendered":"Festejos de S\u00e3o Jos\u00e9 Esposo 2026 movimentam comunidade das Casas Populares em Senhor do Bonfim"},"content":{"rendered":"\n<p class=\"has-medium-font-size\"><strong>Novena, missas, prociss\u00e3o e quermesse fazem parte da programa\u00e7\u00e3o religiosa da Par\u00f3quia de S\u00e3o Jos\u00e9 Esposo<\/strong><\/p>\n\n\n\n<p><strong>Por Blog do Eloilton Cajuhy \u2013 BEC<\/strong><\/p>\n\n\n\n<p><strong><a href=\"https:\/\/whatsapp.com\/channel\/0029VaAT7tDLI8Yfj5y9Z50Z\" target=\"_blank\" rel=\"noreferrer noopener\"><mark style=\"background-color:rgba(0, 0, 0, 0)\" class=\"has-inline-color has-luminous-vivid-orange-color\">>> Siga o canal do BEC no WhatsApp<\/mark><\/a><\/strong><\/p>\n\n\n\n<figure class=\"wp-block-image aligncenter size-full\"><a href=\"https:\/\/i0.wp.com\/blogdoeloiltoncajuhy.com.br\/site\/wp-content\/uploads\/2026\/03\/Sao-Jose-Esposo_ChatGPT-10-de-mar-de-2026.png?ssl=1\"><img data-recalc-dims=\"1\" fetchpriority=\"high\" decoding=\"async\" width=\"780\" height=\"520\" src=\"https:\/\/i0.wp.com\/blogdoeloiltoncajuhy.com.br\/site\/wp-content\/uploads\/2026\/03\/Sao-Jose-Esposo_ChatGPT-10-de-mar-de-2026.png?resize=780%2C520&#038;ssl=1\" alt=\"\" class=\"wp-image-94183\" srcset=\"https:\/\/i0.wp.com\/blogdoeloiltoncajuhy.com.br\/site\/wp-content\/uploads\/2026\/03\/Sao-Jose-Esposo_ChatGPT-10-de-mar-de-2026.png?w=780&amp;ssl=1 780w, https:\/\/i0.wp.com\/blogdoeloiltoncajuhy.com.br\/site\/wp-content\/uploads\/2026\/03\/Sao-Jose-Esposo_ChatGPT-10-de-mar-de-2026.png?resize=300%2C200&amp;ssl=1 300w, https:\/\/i0.wp.com\/blogdoeloiltoncajuhy.com.br\/site\/wp-content\/uploads\/2026\/03\/Sao-Jose-Esposo_ChatGPT-10-de-mar-de-2026.png?resize=768%2C512&amp;ssl=1 768w\" sizes=\"(max-width: 780px) 100vw, 780px\" \/><\/a><\/figure>\n\n\n\n<p>A comunidade cat\u00f3lica do bairro Casas Populares, em Senhor do Bonfim, se prepara para viver dias de f\u00e9 e devo\u00e7\u00e3o com a <strong><mark style=\"background-color:rgba(0, 0, 0, 0)\" class=\"has-inline-color has-black-color\">Novena e Festa em honra a S\u00e3o Jos\u00e9 Esposo<\/mark><\/strong>, padroeiro da comunidade. A programa\u00e7\u00e3o acontece de <strong><mark style=\"background-color:rgba(0, 0, 0, 0)\" class=\"has-inline-color has-black-color\">10 a 19 de mar\u00e7o<\/mark><\/strong>, reunindo fi\u00e9is para momentos de ora\u00e7\u00e3o, reflex\u00e3o e confraterniza\u00e7\u00e3o.<\/p>\n\n\n\n<p>Durante nove noites, sacerdotes convidados ir\u00e3o presidir as celebra\u00e7\u00f5es, cada uma com um lema especial que destaca virtudes e ensinamentos de S\u00e3o Jos\u00e9, exemplo de f\u00e9, humildade e dedica\u00e7\u00e3o \u00e0 fam\u00edlia.<\/p>\n\n\n\n<p class=\"has-black-color has-text-color has-link-color has-medium-font-size wp-elements-ce3850a4395614c7a647c5b475ca134f\"><strong>Programa\u00e7\u00e3o da Novena<\/strong><\/p>\n\n\n\n<p><strong>10 de mar\u00e7o (ter\u00e7a-feira) \u2013 19h30<\/strong><br><strong>Lema:<\/strong> S\u00e3o Jos\u00e9, homem justo e obediente \u00e0 vontade de Deus.<br><strong>Celebrante:<\/strong> Pe. Jucim\u00e1rio<br><strong>Respons\u00e1veis:<\/strong> Legi\u00e3o de Maria e M\u00e3e Rainha<\/p>\n\n\n\n<p><strong>11 de mar\u00e7o (quarta-feira) \u2013 19h30<\/strong><br><strong>Lema:<\/strong> S\u00e3o Jos\u00e9, pai am\u00e1vel e acolhedor do Filho de Deus.<br><strong>Celebrante:<\/strong> Pe. Ericson<br><strong>Respons\u00e1vel:<\/strong> Pastoral do Batismo<\/p>\n\n\n\n<p><strong>12 de mar\u00e7o (quinta-feira) \u2013 19h30<\/strong><br><strong>Lema:<\/strong> S\u00e3o Jos\u00e9, protetor da Sagrada Fam\u00edlia.<br><strong>Celebrante:<\/strong> Pe. Thiago<br><strong>Respons\u00e1vel:<\/strong> Pastoral Familiar<\/p>\n\n\n\n<p><strong>13 de mar\u00e7o (sexta-feira) \u2013 19h30<\/strong><br><strong>Lema:<\/strong> S\u00e3o Jos\u00e9, guardi\u00e3o da Sagrada Fam\u00edlia.<br><strong>Celebrante:<\/strong> Pe. Robson<br><strong>Respons\u00e1vel:<\/strong> Pastoral do D\u00edzimo<\/p>\n\n\n\n<p><strong>14 de mar\u00e7o (s\u00e1bado) \u2013 19h30<\/strong><br><strong>Lema:<\/strong> S\u00e3o Jos\u00e9, m\u00e3os que trabalham e cora\u00e7\u00e3o que reza.<br><strong>Celebrante:<\/strong> Pe. Clayton<br><strong>Respons\u00e1vel:<\/strong> Apostolado da Ora\u00e7\u00e3o<\/p>\n\n\n\n<p><strong>15 de mar\u00e7o (domingo) \u2013 19h30<\/strong><br><strong>Lema:<\/strong> S\u00e3o Jos\u00e9, exemplo de humildade.<br><strong>Celebrante:<\/strong> Pe. Jos\u00e9 Vieira<br><strong>Respons\u00e1veis:<\/strong> MESC e Coroinhas<\/p>\n\n\n\n<p><strong>16 de mar\u00e7o (segunda-feira) \u2013 19h30<\/strong><br><strong>Lema:<\/strong> S\u00e3o Jos\u00e9, sil\u00eancio que conduz a fam\u00edlia.<br><strong>Celebrante:<\/strong> Pe. Leandro<br><strong>Respons\u00e1vel:<\/strong> Pastoral Vocacional<\/p>\n\n\n\n<p><strong>17 de mar\u00e7o (ter\u00e7a-feira) \u2013 19h30<\/strong><br><strong>Lema:<\/strong> S\u00e3o Jos\u00e9, aquele que cumpriu com fidelidade a miss\u00e3o de pai.<br><strong>Celebrante:<\/strong> Pe. Alan<br><strong>Respons\u00e1vel:<\/strong> Ter\u00e7o dos Homens<\/p>\n\n\n\n<p><strong>18 de mar\u00e7o (quarta-feira) \u2013 19h30<\/strong><br><strong>Lema:<\/strong> S\u00e3o Jos\u00e9, padroeiro da boa morte.<br><strong>Celebrante:<\/strong> Pe. Diego<br><strong>Respons\u00e1veis:<\/strong> Catequese e MEJ<\/p>\n\n\n\n<p class=\"has-black-color has-text-color has-link-color has-medium-font-size wp-elements-c10e645565709bd8b8d85b04a431c38d\"><strong>19 de mar\u00e7o \u2013 Festa do Padroeiro<\/strong><\/p>\n\n\n\n<p><strong>07h \u2013 Missa Solene<\/strong><br><strong>19h30 \u2013 Missa Solene<\/strong><br><strong>20h20 \u2013 Prociss\u00e3o<\/strong><br><strong>22h \u2013 Quermesse<\/strong><\/p>\n\n\n\n<p>A organiza\u00e7\u00e3o informa que <strong><mark style=\"background-color:rgba(0, 0, 0, 0)\" class=\"has-inline-color has-black-color\">todos os dias haver\u00e1 quermesse ap\u00f3s a novena<\/mark><\/strong>, promovendo momentos de conviv\u00eancia e confraterniza\u00e7\u00e3o entre os fi\u00e9is.<\/p>\n\n\n\n<p>A <strong><mark style=\"background-color:rgba(0, 0, 0, 0)\" class=\"has-inline-color has-black-color\">Par\u00f3quia de S\u00e3o Jos\u00e9 Esposo<\/mark><\/strong> convida toda a popula\u00e7\u00e3o de Senhor do Bonfim e regi\u00e3o para participar das celebra\u00e7\u00f5es e vivenciar este tempo especial de espiritualidade e devo\u00e7\u00e3o ao glorioso S\u00e3o Jos\u00e9.<\/p>\n","protected":false},"excerpt":{"rendered":"<p>Novena, missas, prociss\u00e3o e quermesse fazem parte da programa\u00e7\u00e3o religiosa da Par\u00f3quia de S\u00e3o Jos\u00e9 Esposo Por Blog do Eloilton Cajuhy \u2013 BEC >> Siga o canal do BEC no WhatsApp A comunidade cat\u00f3lica do bairro Casas Populares, em Senhor do Bonfim, se prepara para viver dias de f\u00e9 e devo\u00e7\u00e3o com a Novena e [&hellip;]<\/p>\n","protected":false},"author":2,"featured_media":94183,"comment_status":"open","ping_status":"open","sticky":false,"template":"","format":"standard","meta":{"_acf_changed":false,"_monsterinsights_skip_tracking":false,"_monsterinsights_sitenote_active":false,"_monsterinsights_sitenote_note":"","_monsterinsights_sitenote_category":0,"_jetpack_memberships_contains_paid_content":false,"footnotes":"","jetpack_publicize_message":"","jetpack_publicize_feature_enabled":true,"jetpack_social_post_already_shared":true,"jetpack_social_options":{"image_generator_settings":{"template":"highway","default_image_id":0,"font":"","enabled":false},"version":2}},"categories":[4],"tags":[],"class_list":["post-94182","post","type-post","status-publish","format-standard","has-post-thumbnail","hentry","category-local"],"acf":[],"jetpack_publicize_connections":[],"jetpack_featured_media_url":"https:\/\/i0.wp.com\/blogdoeloiltoncajuhy.com.br\/site\/wp-content\/uploads\/2026\/03\/Sao-Jose-Esposo_ChatGPT-10-de-mar-de-2026.png?fit=780%2C520&ssl=1","jetpack_sharing_enabled":true,"publishpress_future_workflow_manual_trigger":{"enabledWorkflows":[]},"_links":{"self":[{"href":"https:\/\/blogdoeloiltoncajuhy.com.br\/site\/wp-json\/wp\/v2\/posts\/94182","targetHints":{"allow":["GET"]}}],"collection":[{"href":"https:\/\/blogdoeloiltoncajuhy.com.br\/site\/wp-json\/wp\/v2\/posts"}],"about":[{"href":"https:\/\/blogdoeloiltoncajuhy.com.br\/site\/wp-json\/wp\/v2\/types\/post"}],"author":[{"embeddable":true,"href":"https:\/\/blogdoeloiltoncajuhy.com.br\/site\/wp-json\/wp\/v2\/users\/2"}],"replies":[{"embeddable":true,"href":"https:\/\/blogdoeloiltoncajuhy.com.br\/site\/wp-json\/wp\/v2\/comments?post=94182"}],"version-history":[{"count":1,"href":"https:\/\/blogdoeloiltoncajuhy.com.br\/site\/wp-json\/wp\/v2\/posts\/94182\/revisions"}],"predecessor-version":[{"id":94184,"href":"https:\/\/blogdoeloiltoncajuhy.com.br\/site\/wp-json\/wp\/v2\/posts\/94182\/revisions\/94184"}],"wp:featuredmedia":[{"embeddable":true,"href":"https:\/\/blogdoeloiltoncajuhy.com.br\/site\/wp-json\/wp\/v2\/media\/94183"}],"wp:attachment":[{"href":"https:\/\/blogdoeloiltoncajuhy.com.br\/site\/wp-json\/wp\/v2\/media?parent=94182"}],"wp:term":[{"taxonomy":"category","embeddable":true,"href":"https:\/\/blogdoeloiltoncajuhy.com.br\/site\/wp-json\/wp\/v2\/categories?post=94182"},{"taxonomy":"post_tag","embeddable":true,"href":"https:\/\/blogdoeloiltoncajuhy.com.br\/site\/wp-json\/wp\/v2\/tags?post=94182"}],"curies":[{"name":"wp","href":"https:\/\/api.w.org\/{rel}","templated":true}]}}