{"id":94179,"date":"2026-03-10T14:40:18","date_gmt":"2026-03-10T17:40:18","guid":{"rendered":"https:\/\/blogdoeloiltoncajuhy.com.br\/site\/?p=94179"},"modified":"2026-03-10T14:40:19","modified_gmt":"2026-03-10T17:40:19","slug":"veja-bolsonaro-prepara-eleicao-de-familiares-como-vinganca-ao-stf-apos-prisao","status":"publish","type":"post","link":"https:\/\/blogdoeloiltoncajuhy.com.br\/site\/veja-bolsonaro-prepara-eleicao-de-familiares-como-vinganca-ao-stf-apos-prisao\/","title":{"rendered":"Veja: Bolsonaro prepara elei\u00e7\u00e3o de familiares como \u201cvingan\u00e7a\u201d ao STF ap\u00f3s pris\u00e3o"},"content":{"rendered":"\n<p><strong>Por Pol\u00edtica ao Vivo<\/strong><\/p>\n\n\n\n<p><strong><a href=\"https:\/\/whatsapp.com\/channel\/0029VaAT7tDLI8Yfj5y9Z50Z\" target=\"_blank\" rel=\"noreferrer noopener\"><mark style=\"background-color:rgba(0, 0, 0, 0)\" class=\"has-inline-color has-luminous-vivid-orange-color\">>> Siga o canal do BEC no WhatsApp<\/mark><\/a><\/strong><\/p>\n\n\n\n<figure class=\"wp-block-image aligncenter size-full is-resized\"><a href=\"https:\/\/i0.wp.com\/blogdoeloiltoncajuhy.com.br\/site\/wp-content\/uploads\/2026\/03\/Bolsonaro-100326-Foto-Marcos-Correa-PR.webp?ssl=1\"><img data-recalc-dims=\"1\" fetchpriority=\"high\" decoding=\"async\" width=\"640\" height=\"427\" src=\"https:\/\/i0.wp.com\/blogdoeloiltoncajuhy.com.br\/site\/wp-content\/uploads\/2026\/03\/Bolsonaro-100326-Foto-Marcos-Correa-PR.webp?resize=640%2C427&#038;ssl=1\" alt=\"\" class=\"wp-image-94180\" style=\"width:709px;height:auto\" srcset=\"https:\/\/i0.wp.com\/blogdoeloiltoncajuhy.com.br\/site\/wp-content\/uploads\/2026\/03\/Bolsonaro-100326-Foto-Marcos-Correa-PR.webp?w=640&amp;ssl=1 640w, https:\/\/i0.wp.com\/blogdoeloiltoncajuhy.com.br\/site\/wp-content\/uploads\/2026\/03\/Bolsonaro-100326-Foto-Marcos-Correa-PR.webp?resize=300%2C200&amp;ssl=1 300w\" sizes=\"(max-width: 640px) 100vw, 640px\" \/><\/a><figcaption class=\"wp-element-caption\"><sub>Foto: Marcos Corr\u00eaa<\/sub><\/figcaption><\/figure>\n\n\n\n<p>O ex-presidente Jair Bolsonaro completa seis meses de pris\u00e3o por crimes contra a Constitui\u00e7\u00e3o, entre eles a tentativa de golpe de Estado. No pr\u00f3ximo s\u00e1bado (21) ele tamb\u00e9m chega aos 71 anos de idade enquanto cumpre pena determinada pelo Supremo Tribunal Federal.<\/p>\n\n\n\n<p>Mesmo detido, Bolsonaro continua atuando nos bastidores da pol\u00edtica nacional e tem orientado movimentos dentro do Partido Liberal. Entre as decis\u00f5es recentes est\u00e1 a indica\u00e7\u00e3o do seu filho, o senador Fl\u00e1vio Bolsonaro, como poss\u00edvel candidato \u00e0 Presid\u00eancia, al\u00e9m da articula\u00e7\u00e3o para ampliar a presen\u00e7a de aliados e familiares nas elei\u00e7\u00f5es para o Congresso. A informa\u00e7\u00e3o \u00e9 do colunista da <strong>revista Veja, Jos\u00e9 Casado<\/strong>.<\/p>\n\n\n\n<p>O ex-presidente tamb\u00e9m tem incentivado candidaturas pr\u00f3ximas \u00e0 fam\u00edlia, como a de sua esposa, Michelle Bolsonaro no Distrito Federal, sua ex-esposa, Rog\u00e9ria Bolsonaro, no Rio de Janeiro, seus filhos Carlos Bolsonaro e Jair Renan Bolsonaro, em Santa Catarina, e seu outro filho, Eduardo Bolsonaro em S\u00e3o Paulo.<\/p>\n\n\n\n<p>Nos bastidores, aliados afirmam que Bolsonaro tamb\u00e9m trabalha para formar uma base expressiva no Senado, com cerca de 42 dos 81 parlamentares. A avalia\u00e7\u00e3o entre interlocutores \u00e9 de que essa articula\u00e7\u00e3o serviria para pressionar ministros do Supremo por meio de pedidos de impeachment a partir de 2027, movimento visto por apoiadores como uma resposta pol\u00edtica \u00e0 condena\u00e7\u00e3o que levou o ex-presidente \u00e0 pris\u00e3o.<\/p>\n","protected":false},"excerpt":{"rendered":"<p>Por Pol\u00edtica ao Vivo >> Siga o canal do BEC no WhatsApp O ex-presidente Jair Bolsonaro completa seis meses de pris\u00e3o por crimes contra a Constitui\u00e7\u00e3o, entre eles a tentativa de golpe de Estado. No pr\u00f3ximo s\u00e1bado (21) ele tamb\u00e9m chega aos 71 anos de idade enquanto cumpre pena determinada pelo Supremo Tribunal Federal. Mesmo [&hellip;]<\/p>\n","protected":false},"author":2,"featured_media":94180,"comment_status":"open","ping_status":"open","sticky":false,"template":"","format":"standard","meta":{"_acf_changed":false,"_monsterinsights_skip_tracking":false,"_monsterinsights_sitenote_active":false,"_monsterinsights_sitenote_note":"","_monsterinsights_sitenote_category":0,"_jetpack_memberships_contains_paid_content":false,"footnotes":"","jetpack_publicize_message":"","jetpack_publicize_feature_enabled":true,"jetpack_social_post_already_shared":true,"jetpack_social_options":{"image_generator_settings":{"template":"highway","default_image_id":0,"font":"","enabled":false},"version":2}},"categories":[3],"tags":[],"class_list":["post-94179","post","type-post","status-publish","format-standard","has-post-thumbnail","hentry","category-politica"],"acf":[],"jetpack_publicize_connections":[],"jetpack_featured_media_url":"https:\/\/i0.wp.com\/blogdoeloiltoncajuhy.com.br\/site\/wp-content\/uploads\/2026\/03\/Bolsonaro-100326-Foto-Marcos-Correa-PR.webp?fit=640%2C427&ssl=1","jetpack_sharing_enabled":true,"publishpress_future_workflow_manual_trigger":{"enabledWorkflows":[]},"_links":{"self":[{"href":"https:\/\/blogdoeloiltoncajuhy.com.br\/site\/wp-json\/wp\/v2\/posts\/94179","targetHints":{"allow":["GET"]}}],"collection":[{"href":"https:\/\/blogdoeloiltoncajuhy.com.br\/site\/wp-json\/wp\/v2\/posts"}],"about":[{"href":"https:\/\/blogdoeloiltoncajuhy.com.br\/site\/wp-json\/wp\/v2\/types\/post"}],"author":[{"embeddable":true,"href":"https:\/\/blogdoeloiltoncajuhy.com.br\/site\/wp-json\/wp\/v2\/users\/2"}],"replies":[{"embeddable":true,"href":"https:\/\/blogdoeloiltoncajuhy.com.br\/site\/wp-json\/wp\/v2\/comments?post=94179"}],"version-history":[{"count":1,"href":"https:\/\/blogdoeloiltoncajuhy.com.br\/site\/wp-json\/wp\/v2\/posts\/94179\/revisions"}],"predecessor-version":[{"id":94181,"href":"https:\/\/blogdoeloiltoncajuhy.com.br\/site\/wp-json\/wp\/v2\/posts\/94179\/revisions\/94181"}],"wp:featuredmedia":[{"embeddable":true,"href":"https:\/\/blogdoeloiltoncajuhy.com.br\/site\/wp-json\/wp\/v2\/media\/94180"}],"wp:attachment":[{"href":"https:\/\/blogdoeloiltoncajuhy.com.br\/site\/wp-json\/wp\/v2\/media?parent=94179"}],"wp:term":[{"taxonomy":"category","embeddable":true,"href":"https:\/\/blogdoeloiltoncajuhy.com.br\/site\/wp-json\/wp\/v2\/categories?post=94179"},{"taxonomy":"post_tag","embeddable":true,"href":"https:\/\/blogdoeloiltoncajuhy.com.br\/site\/wp-json\/wp\/v2\/tags?post=94179"}],"curies":[{"name":"wp","href":"https:\/\/api.w.org\/{rel}","templated":true}]}}