{"id":94176,"date":"2026-03-10T14:00:46","date_gmt":"2026-03-10T17:00:46","guid":{"rendered":"https:\/\/blogdoeloiltoncajuhy.com.br\/site\/?p=94176"},"modified":"2026-03-10T14:00:48","modified_gmt":"2026-03-10T17:00:48","slug":"universidade-para-todos-oferta-mais-de-20-mil-vagas-para-231-municipios-baianos-veja-as-vagas-de-bonfim","status":"publish","type":"post","link":"https:\/\/blogdoeloiltoncajuhy.com.br\/site\/universidade-para-todos-oferta-mais-de-20-mil-vagas-para-231-municipios-baianos-veja-as-vagas-de-bonfim\/","title":{"rendered":"Universidade para Todos oferta mais de 20 mil vagas para 231 munic\u00edpios baianos; veja as vagas de Bonfim"},"content":{"rendered":"\n<p class=\"has-medium-font-size\"><strong>Inscri\u00e7\u00f5es come\u00e7aram nesta ter\u00e7a-feira (10) e terminam em 19 de mar\u00e7o<\/strong><\/p>\n\n\n\n<p><strong>Por g1 BA<\/strong><\/p>\n\n\n\n<p><strong><a href=\"https:\/\/whatsapp.com\/channel\/0029VaAT7tDLI8Yfj5y9Z50Z\" target=\"_blank\" rel=\"noreferrer noopener\"><mark style=\"background-color:rgba(0, 0, 0, 0)\" class=\"has-inline-color has-luminous-vivid-orange-color\">>> Siga o canal do BEC no WhatsApp<\/mark><\/a><\/strong><\/p>\n\n\n\n<figure class=\"wp-block-image aligncenter size-full\"><a href=\"https:\/\/i0.wp.com\/blogdoeloiltoncajuhy.com.br\/site\/wp-content\/uploads\/2026\/03\/Universidade-para-Todos-UPT-%E2%80%94-Foto-TV-Globo-Reproducao.jpg?ssl=1\"><img data-recalc-dims=\"1\" fetchpriority=\"high\" decoding=\"async\" width=\"800\" height=\"450\" src=\"https:\/\/i0.wp.com\/blogdoeloiltoncajuhy.com.br\/site\/wp-content\/uploads\/2026\/03\/Universidade-para-Todos-UPT-%E2%80%94-Foto-TV-Globo-Reproducao.jpg?resize=800%2C450&#038;ssl=1\" alt=\"\" class=\"wp-image-94177\" srcset=\"https:\/\/i0.wp.com\/blogdoeloiltoncajuhy.com.br\/site\/wp-content\/uploads\/2026\/03\/Universidade-para-Todos-UPT-%E2%80%94-Foto-TV-Globo-Reproducao.jpg?w=984&amp;ssl=1 984w, https:\/\/i0.wp.com\/blogdoeloiltoncajuhy.com.br\/site\/wp-content\/uploads\/2026\/03\/Universidade-para-Todos-UPT-%E2%80%94-Foto-TV-Globo-Reproducao.jpg?resize=300%2C169&amp;ssl=1 300w, https:\/\/i0.wp.com\/blogdoeloiltoncajuhy.com.br\/site\/wp-content\/uploads\/2026\/03\/Universidade-para-Todos-UPT-%E2%80%94-Foto-TV-Globo-Reproducao.jpg?resize=768%2C432&amp;ssl=1 768w\" sizes=\"(max-width: 800px) 100vw, 800px\" \/><\/a><figcaption class=\"wp-element-caption\"><sub>Universidade para Todos oferta mais de 20 mil vagas para 231 munic\u00edpios baianos \u2014 Foto: TV Globo\/Reprodu\u00e7\u00e3o<\/sub><\/figcaption><\/figure>\n\n\n\n<p>O Programa Universidade para Todos (UPT), curso preparat\u00f3rio para o Enem e vestibulares, vai disponibilizar mais de 20 mil vagas em 2026, em 231 munic\u00edpios da Bahia. As inscri\u00e7\u00f5es come\u00e7aram nesta ter\u00e7a-feira (10) e terminam em 19 de mar\u00e7o, atrav\u00e9s do <a href=\"https:\/\/upt.educacao.ba.gov.br\/\"><strong><mark style=\"background-color:rgba(0, 0, 0, 0)\" class=\"has-inline-color has-vivid-cyan-blue-color\">Portal da Educa\u00e7\u00e3o<\/mark><\/strong><\/a>.<\/p>\n\n\n\n<p>As vagas est\u00e3o distribu\u00eddas nos 27 Territ\u00f3rios de Identidade e as atividades ser\u00e3o ofertadas em 345 polos de funcionamento.<\/p>\n\n\n\n<p>Para se inscrever, o candidato precisa ser estudante da rede p\u00fablica do Estado regularmente matriculado e atender uma das seguintes modalidades:<\/p>\n\n\n\n<ul class=\"wp-block-list\">\n<li>Estiver matriculado, em 2026, no 3\u00ba ano do ensino m\u00e9dio regular estadual;<\/li>\n\n\n\n<li>Estiver matriculado, em 2026, no 4\u00ba ano da Educa\u00e7\u00e3o Profissional Integrada ao Ensino M\u00e9dio estadual;<\/li>\n\n\n\n<li>Egresso do Ensino M\u00e9dio estadual ou municipal da Bahia.<\/li>\n<\/ul>\n\n\n\n<p><\/p>\n\n\n\n<p>N\u00e3o ser\u00e1 permitida a inscri\u00e7\u00e3o de candidato que estiver cursando ou que tenha conclu\u00eddo curso de n\u00edvel superior.<\/p>\n\n\n\n<p>O programa tem o objetivo de fortalecer as aprendizagens e a prepara\u00e7\u00e3o dos estudantes concluintes e egressos da rede estadual, para os processos seletivos de ingresso ao ensino superior.<\/p>\n\n\n\n<p class=\"has-black-color has-text-color has-link-color has-medium-font-size wp-elements-754b6eba9307fc62017b852eca1cf61d\"><strong>Inscri\u00e7\u00e3o e matr\u00edcula<\/strong><\/p>\n\n\n\n<p>O sorteio dos novos alunos ocorrer\u00e1 no dia 24 de mar\u00e7o. Ser\u00e3o matriculados automaticamente os candidatos selecionados e classificados que atenderem aos requisitos do programa, conforme edital, levando em considera\u00e7\u00e3o as op\u00e7\u00f5es formuladas no ato da inscri\u00e7\u00e3o, quanto ao munic\u00edpio, ao turno e \u00e0 modalidade de oferta.<\/p>\n\n\n\n<p class=\"has-black-color has-text-color has-link-color wp-elements-4589a2f22c7585ce5b438a98a2cc2c54\"><strong>Veja abaixo as vagas dispon\u00edveis:<\/strong><\/p>\n\n\n\n<ul class=\"wp-block-list\">\n<li><a href=\"https:\/\/www.ba.gov.br\/educacao\/sites\/site-sec\/files\/2026-03\/OFERTA%20VAGAS%20UPT%20SALVADOR%202026.pdf\" data-type=\"link\" data-id=\"https:\/\/www.ba.gov.br\/educacao\/sites\/site-sec\/files\/2026-03\/OFERTA%20VAGAS%20UPT%20SALVADOR%202026.pdf\"><strong><mark style=\"background-color:rgba(0, 0, 0, 0)\" class=\"has-inline-color has-vivid-cyan-blue-color\">Salvador<\/mark><\/strong><\/a><br><\/li>\n<\/ul>\n\n\n\n<ul class=\"wp-block-list\">\n<li><a href=\"https:\/\/www.ba.gov.br\/educacao\/sites\/site-sec\/files\/2026-03\/OFERTA%20VAGAS%20UPT%20INTERIOR%202026.pdf\"><strong><mark style=\"background-color:rgba(0, 0, 0, 0)\" class=\"has-inline-color has-vivid-cyan-blue-color\">Cidades do interior<\/mark><\/strong><\/a><\/li>\n<\/ul>\n\n\n\n<p><\/p>\n\n\n\n<p>O resultado do sorteio ser\u00e1 divulgado em 31 de mar\u00e7o no site do programa. As aulas come\u00e7am em 6 de abril e ter\u00e1 o suporte de profissionais das \u00e1reas administrativa, pedag\u00f3gica e de monitoramento.<\/p>\n\n\n\n<p>As aulas acontecer\u00e3o de segunda a sexta-feira e est\u00e3o relacionadas aos componentes curriculares de portugu\u00eas, reda\u00e7\u00e3o, literatura, matem\u00e1tica, f\u00edsica, qu\u00edmica, biologia, hist\u00f3ria, geografia, l\u00edngua estrangeira (ingl\u00eas ou espanhol), ofertados e desenvolvidos pelas universidades:<\/p>\n\n\n\n<ul class=\"wp-block-list\">\n<li>Universidade Federal da Bahia (Ufba);<\/li>\n\n\n\n<li>Universidade Federal do Oeste da Bahia (Ufob);<\/li>\n\n\n\n<li>Universidade Federal do Sul da Bahia (Ufsb);<\/li>\n\n\n\n<li>Universidade Estadual de Feira de Santana (Uefs);<\/li>\n\n\n\n<li>Universidade Estadual do Sudoeste da Bahia (Uesb);<\/li>\n\n\n\n<li>Universidade Estadual de Santa Cruz (Uesc);<\/li>\n\n\n\n<li>Universidade do Estado da Bahia (Uneb);<\/li>\n\n\n\n<li>Universidade Federal do Rec\u00f4ncavo da Bahia (Ufrb).<\/li>\n<\/ul>\n\n\n\n<p><\/p>\n\n\n\n<p class=\"has-black-color has-text-color has-link-color wp-elements-7e88787ff6da3f738c91931e9929fb0e\"><strong>Vagas para Senhor do Bonfim:<\/strong><\/p>\n\n\n\n<ul class=\"wp-block-list\">\n<li>CENTRO JUVENIL DE CI\u00caNCIA E CULTURA \u2013 CJCC (GAMBOA) &#8211; MATUTINO &#8211; 50 &#8211; PRESENCIAL<\/li>\n<\/ul>\n\n\n\n<ul class=\"wp-block-list\">\n<li>COL\u00c9GIO ESTADUAL TEIXEIRA DE FREITAS &#8211; NOTURNO &#8211; 150 &#8211; PRESENCIAL<\/li>\n<\/ul>\n\n\n\n<ul class=\"wp-block-list\">\n<li>COMUNIDADE QUILOMBOLA \u2013 ESCOLA MUNICIPAL DE 1\u00ba E 2\u00ba GRAU DE TIJUA\u00c7U (DISTRITO DE TIJUA\u00c7U) &#8211; NOTURNO &#8211; 30 &#8211; PRESENCIAL<\/li>\n<\/ul>\n\n\n\n<ul class=\"wp-block-list\">\n<li>ANEXO DO COL\u00c9GIO ESTADUAL TEIXEIRA DE FREITAS (MISS\u00c3O DO SAHY) &#8211; NOTURNO &#8211; 100 &#8211; PRESENCIAL<\/li>\n<\/ul>\n\n\n\n<ul class=\"wp-block-list\">\n<li>COL\u00c9GIO ESTADUAL PROF\u00aa MARIANA AGOSTINHA DE OLIVEIRA (DISTRITO DE IGARA) &#8211; NOTURNO &#8211; 50 &#8211; PRESENCIAL<\/li>\n<\/ul>\n\n\n\n<ul class=\"wp-block-list\">\n<li>COMUNIDADE QUILOMBOLA ALTO DA MARAVILHA &#8211; NOTURNO &#8211; 30 &#8211; PRESENCIAL<\/li>\n<\/ul>\n","protected":false},"excerpt":{"rendered":"<p>Inscri\u00e7\u00f5es come\u00e7aram nesta ter\u00e7a-feira (10) e terminam em 19 de mar\u00e7o Por g1 BA >> Siga o canal do BEC no WhatsApp O Programa Universidade para Todos (UPT), curso preparat\u00f3rio para o Enem e vestibulares, vai disponibilizar mais de 20 mil vagas em 2026, em 231 munic\u00edpios da Bahia. As inscri\u00e7\u00f5es come\u00e7aram nesta ter\u00e7a-feira (10) [&hellip;]<\/p>\n","protected":false},"author":2,"featured_media":94177,"comment_status":"open","ping_status":"open","sticky":false,"template":"","format":"standard","meta":{"_acf_changed":false,"_monsterinsights_skip_tracking":false,"_monsterinsights_sitenote_active":false,"_monsterinsights_sitenote_note":"","_monsterinsights_sitenote_category":0,"_jetpack_memberships_contains_paid_content":false,"footnotes":"","jetpack_publicize_message":"","jetpack_publicize_feature_enabled":true,"jetpack_social_post_already_shared":true,"jetpack_social_options":{"image_generator_settings":{"template":"highway","default_image_id":0,"font":"","enabled":false},"version":2}},"categories":[14],"tags":[],"class_list":["post-94176","post","type-post","status-publish","format-standard","has-post-thumbnail","hentry","category-educacao"],"acf":[],"jetpack_publicize_connections":[],"jetpack_featured_media_url":"https:\/\/i0.wp.com\/blogdoeloiltoncajuhy.com.br\/site\/wp-content\/uploads\/2026\/03\/Universidade-para-Todos-UPT-%E2%80%94-Foto-TV-Globo-Reproducao.jpg?fit=984%2C554&ssl=1","jetpack_sharing_enabled":true,"publishpress_future_workflow_manual_trigger":{"enabledWorkflows":[]},"_links":{"self":[{"href":"https:\/\/blogdoeloiltoncajuhy.com.br\/site\/wp-json\/wp\/v2\/posts\/94176","targetHints":{"allow":["GET"]}}],"collection":[{"href":"https:\/\/blogdoeloiltoncajuhy.com.br\/site\/wp-json\/wp\/v2\/posts"}],"about":[{"href":"https:\/\/blogdoeloiltoncajuhy.com.br\/site\/wp-json\/wp\/v2\/types\/post"}],"author":[{"embeddable":true,"href":"https:\/\/blogdoeloiltoncajuhy.com.br\/site\/wp-json\/wp\/v2\/users\/2"}],"replies":[{"embeddable":true,"href":"https:\/\/blogdoeloiltoncajuhy.com.br\/site\/wp-json\/wp\/v2\/comments?post=94176"}],"version-history":[{"count":1,"href":"https:\/\/blogdoeloiltoncajuhy.com.br\/site\/wp-json\/wp\/v2\/posts\/94176\/revisions"}],"predecessor-version":[{"id":94178,"href":"https:\/\/blogdoeloiltoncajuhy.com.br\/site\/wp-json\/wp\/v2\/posts\/94176\/revisions\/94178"}],"wp:featuredmedia":[{"embeddable":true,"href":"https:\/\/blogdoeloiltoncajuhy.com.br\/site\/wp-json\/wp\/v2\/media\/94177"}],"wp:attachment":[{"href":"https:\/\/blogdoeloiltoncajuhy.com.br\/site\/wp-json\/wp\/v2\/media?parent=94176"}],"wp:term":[{"taxonomy":"category","embeddable":true,"href":"https:\/\/blogdoeloiltoncajuhy.com.br\/site\/wp-json\/wp\/v2\/categories?post=94176"},{"taxonomy":"post_tag","embeddable":true,"href":"https:\/\/blogdoeloiltoncajuhy.com.br\/site\/wp-json\/wp\/v2\/tags?post=94176"}],"curies":[{"name":"wp","href":"https:\/\/api.w.org\/{rel}","templated":true}]}}