{"id":94173,"date":"2026-03-10T13:13:01","date_gmt":"2026-03-10T16:13:01","guid":{"rendered":"https:\/\/blogdoeloiltoncajuhy.com.br\/site\/?p=94173"},"modified":"2026-03-10T13:13:03","modified_gmt":"2026-03-10T16:13:03","slug":"ex-marido-de-maria-da-penha-e-mais-3-viram-reus-por-campanha-de-odio-contra-a-ativista","status":"publish","type":"post","link":"https:\/\/blogdoeloiltoncajuhy.com.br\/site\/ex-marido-de-maria-da-penha-e-mais-3-viram-reus-por-campanha-de-odio-contra-a-ativista\/","title":{"rendered":"Ex-marido de Maria da Penha e mais 3 viram r\u00e9us por campanha de \u00f3dio contra a ativista"},"content":{"rendered":"\n<p><strong>Por Estad\u00e3o<\/strong><\/p>\n\n\n\n<p><strong><a href=\"https:\/\/whatsapp.com\/channel\/0029VaAT7tDLI8Yfj5y9Z50Z\" target=\"_blank\" rel=\"noreferrer noopener\"><mark style=\"background-color:rgba(0, 0, 0, 0)\" class=\"has-inline-color has-luminous-vivid-orange-color\">>> Siga o canal do BEC no WhatsApp<\/mark><\/a><\/strong><\/p>\n\n\n\n<p>A Justi\u00e7a aceitou nesta segunda-feira, 9, den\u00fancia do Minist\u00e9rio P\u00fablico do Cear\u00e1 contra quatro suspeitos de participa\u00e7\u00e3o em campanha de \u00f3dio contra Maria da Penha Fernandes, ativista que motivou a lei que carrega seu nome.<\/p>\n\n\n\n<p>Entre os acusados est\u00e3o o ex-marido da ativista, Marco Ant\u00f4nio Heredia Viveiros; o influenciador digital Alexandre Gon\u00e7alves de Paiva; o produtor do document\u00e1rio A Investiga\u00e7\u00e3o Paralela: o Caso Maria da Penha Marcus Vin\u00edcius Mantovanelli; e o editor e apresentador do document\u00e1rio, Henrique Barros Lesina Zingano. A reportagem n\u00e3o localizou as defesas dos acusados.<\/p>\n\n\n\n<figure class=\"wp-block-image aligncenter size-full is-resized\"><a href=\"https:\/\/i0.wp.com\/blogdoeloiltoncajuhy.com.br\/site\/wp-content\/uploads\/2026\/03\/Maria-da-Penha-Fernandes-que-deu-nome-a-lei-de-protecao-as-mulheres-Foto-Tasso-Marcelo-Estadao.jpg?ssl=1\"><img data-recalc-dims=\"1\" fetchpriority=\"high\" decoding=\"async\" width=\"708\" height=\"460\" src=\"https:\/\/i0.wp.com\/blogdoeloiltoncajuhy.com.br\/site\/wp-content\/uploads\/2026\/03\/Maria-da-Penha-Fernandes-que-deu-nome-a-lei-de-protecao-as-mulheres-Foto-Tasso-Marcelo-Estadao.jpg?resize=708%2C460&#038;ssl=1\" alt=\"\" class=\"wp-image-94174\" style=\"width:782px;height:auto\" srcset=\"https:\/\/i0.wp.com\/blogdoeloiltoncajuhy.com.br\/site\/wp-content\/uploads\/2026\/03\/Maria-da-Penha-Fernandes-que-deu-nome-a-lei-de-protecao-as-mulheres-Foto-Tasso-Marcelo-Estadao.jpg?w=708&amp;ssl=1 708w, https:\/\/i0.wp.com\/blogdoeloiltoncajuhy.com.br\/site\/wp-content\/uploads\/2026\/03\/Maria-da-Penha-Fernandes-que-deu-nome-a-lei-de-protecao-as-mulheres-Foto-Tasso-Marcelo-Estadao.jpg?resize=300%2C195&amp;ssl=1 300w\" sizes=\"(max-width: 708px) 100vw, 708px\" \/><\/a><figcaption class=\"wp-element-caption\"><sub>Maria da Penha Fernandes, que deu nome \u00e0 lei de prote\u00e7\u00e3o \u00e0s mulheres &#8211; Foto: Tasso Marcelo\/Estad\u00e3o<\/sub><\/figcaption><\/figure>\n\n\n\n<p>Segundo a den\u00fancia, os acusados atuaram de forma organizada para atacar a honra da ativista e descredibilizar a lei que leva o nome dela, utilizando persegui\u00e7\u00f5es virtuais, not\u00edcias falsas e um laudo de exame de corpo de delito forjado para sustentar a inoc\u00eancia de Heredia, j\u00e1 condenado por tentativa de homic\u00eddio.<\/p>\n\n\n\n<p>De acordo com o MP do Cear\u00e1, a campanha utilizou conte\u00fado ofensivo e de natureza caluniosa, configurando crimes de intimida\u00e7\u00e3o sistem\u00e1tica virtual (\u201ccyberbullying\u201d) e persegui\u00e7\u00e3o (\u201cstalking\u201d\/\u201dcyberstalking\u201d). Para os promotores, os riscos foram al\u00e9m das redes sociais, pois Alexandre Paiva se deslocou at\u00e9 a antiga resid\u00eancia de Maria da Penha, em Fortaleza, onde gravou v\u00eddeos e divulgou o conte\u00fado nas redes.<\/p>\n\n\n\n<p>A den\u00fancia, que tramita na 9.\u00aa Vara Criminal de Fortaleza, aponta que Alexandre Paiva praticou intimida\u00e7\u00e3o sistem\u00e1tica e persegui\u00e7\u00e3o, com agravantes como motivo torpe e viol\u00eancia contra mulher cometida contra pessoa de mais de 60 anos.<\/p>\n\n\n\n<p>Marco Heredia foi denunciado por falsifica\u00e7\u00e3o de documento p\u00fablico; enquanto Mantovanelli e Zingano respondem por uso de documento falso, ao utilizarem um laudo adulterado no document\u00e1rio.<\/p>\n\n\n\n<p>A den\u00fancia aponta que, em maio de 2023, Alexandre Paiva foi \u00e0 antiga resid\u00eancia de Maria da Penha, em Fortaleza. No local, Paiva e um advogado buscaram informa\u00e7\u00f5es sobre o paradeiro da ativista e detalhes sobre a ocupa\u00e7\u00e3o do im\u00f3vel. De forma reiterada, ele tamb\u00e9m fez postagens depreciativas contra Maria da Penha em redes sociais, atingindo sua honra e privacidade.<\/p>\n\n\n\n<p>Para o MP, as condutas configuram \u201cstalking\u201d e \u201ccyberstalking\u201d, causando perturba\u00e7\u00e3o da tranquilidade e da integridade ps\u00edquica da v\u00edtima. Os posts sugerem que Maria da Penha mente e que a narrativa sobre a tentativa de homic\u00eddio e de defesa da mulher s\u00e3o uma fraude.<\/p>\n","protected":false},"excerpt":{"rendered":"<p>Por Estad\u00e3o >> Siga o canal do BEC no WhatsApp A Justi\u00e7a aceitou nesta segunda-feira, 9, den\u00fancia do Minist\u00e9rio P\u00fablico do Cear\u00e1 contra quatro suspeitos de participa\u00e7\u00e3o em campanha de \u00f3dio contra Maria da Penha Fernandes, ativista que motivou a lei que carrega seu nome. Entre os acusados est\u00e3o o ex-marido da ativista, Marco Ant\u00f4nio [&hellip;]<\/p>\n","protected":false},"author":2,"featured_media":94174,"comment_status":"open","ping_status":"open","sticky":false,"template":"","format":"standard","meta":{"_acf_changed":false,"_monsterinsights_skip_tracking":false,"_monsterinsights_sitenote_active":false,"_monsterinsights_sitenote_note":"","_monsterinsights_sitenote_category":0,"_jetpack_memberships_contains_paid_content":false,"footnotes":"","jetpack_publicize_message":"","jetpack_publicize_feature_enabled":true,"jetpack_social_post_already_shared":true,"jetpack_social_options":{"image_generator_settings":{"template":"highway","default_image_id":0,"font":"","enabled":false},"version":2}},"categories":[1],"tags":[],"class_list":["post-94173","post","type-post","status-publish","format-standard","has-post-thumbnail","hentry","category-noticias"],"acf":[],"jetpack_publicize_connections":[],"jetpack_featured_media_url":"https:\/\/i0.wp.com\/blogdoeloiltoncajuhy.com.br\/site\/wp-content\/uploads\/2026\/03\/Maria-da-Penha-Fernandes-que-deu-nome-a-lei-de-protecao-as-mulheres-Foto-Tasso-Marcelo-Estadao.jpg?fit=708%2C460&ssl=1","jetpack_sharing_enabled":true,"publishpress_future_workflow_manual_trigger":{"enabledWorkflows":[]},"_links":{"self":[{"href":"https:\/\/blogdoeloiltoncajuhy.com.br\/site\/wp-json\/wp\/v2\/posts\/94173","targetHints":{"allow":["GET"]}}],"collection":[{"href":"https:\/\/blogdoeloiltoncajuhy.com.br\/site\/wp-json\/wp\/v2\/posts"}],"about":[{"href":"https:\/\/blogdoeloiltoncajuhy.com.br\/site\/wp-json\/wp\/v2\/types\/post"}],"author":[{"embeddable":true,"href":"https:\/\/blogdoeloiltoncajuhy.com.br\/site\/wp-json\/wp\/v2\/users\/2"}],"replies":[{"embeddable":true,"href":"https:\/\/blogdoeloiltoncajuhy.com.br\/site\/wp-json\/wp\/v2\/comments?post=94173"}],"version-history":[{"count":1,"href":"https:\/\/blogdoeloiltoncajuhy.com.br\/site\/wp-json\/wp\/v2\/posts\/94173\/revisions"}],"predecessor-version":[{"id":94175,"href":"https:\/\/blogdoeloiltoncajuhy.com.br\/site\/wp-json\/wp\/v2\/posts\/94173\/revisions\/94175"}],"wp:featuredmedia":[{"embeddable":true,"href":"https:\/\/blogdoeloiltoncajuhy.com.br\/site\/wp-json\/wp\/v2\/media\/94174"}],"wp:attachment":[{"href":"https:\/\/blogdoeloiltoncajuhy.com.br\/site\/wp-json\/wp\/v2\/media?parent=94173"}],"wp:term":[{"taxonomy":"category","embeddable":true,"href":"https:\/\/blogdoeloiltoncajuhy.com.br\/site\/wp-json\/wp\/v2\/categories?post=94173"},{"taxonomy":"post_tag","embeddable":true,"href":"https:\/\/blogdoeloiltoncajuhy.com.br\/site\/wp-json\/wp\/v2\/tags?post=94173"}],"curies":[{"name":"wp","href":"https:\/\/api.w.org\/{rel}","templated":true}]}}