{"id":94170,"date":"2026-03-10T00:10:00","date_gmt":"2026-03-10T03:10:00","guid":{"rendered":"https:\/\/blogdoeloiltoncajuhy.com.br\/site\/?p=94170"},"modified":"2026-03-09T21:14:48","modified_gmt":"2026-03-10T00:14:48","slug":"evento-de-acm-neto-em-paulo-afonso-tem-metade-das-cadeiras-vazias","status":"publish","type":"post","link":"https:\/\/blogdoeloiltoncajuhy.com.br\/site\/evento-de-acm-neto-em-paulo-afonso-tem-metade-das-cadeiras-vazias\/","title":{"rendered":"Evento de ACM Neto em Paulo Afonso tem metade das cadeiras vazias"},"content":{"rendered":"\n<p><strong>Por Pol\u00edtica ao Vivo<\/strong><\/p>\n\n\n\n<p><strong><a href=\"https:\/\/whatsapp.com\/channel\/0029VaAT7tDLI8Yfj5y9Z50Z\" target=\"_blank\" rel=\"noreferrer noopener\"><mark style=\"background-color:rgba(0, 0, 0, 0)\" class=\"has-inline-color has-luminous-vivid-orange-color\">>> Siga o canal do BEC no WhatsApp<\/mark><\/a><\/strong><\/p>\n\n\n\n<figure class=\"wp-block-image aligncenter size-full\"><a href=\"https:\/\/i0.wp.com\/blogdoeloiltoncajuhy.com.br\/site\/wp-content\/uploads\/2026\/03\/ACM-Neto_9-3-2026_instagram.jpeg?ssl=1\"><img data-recalc-dims=\"1\" fetchpriority=\"high\" decoding=\"async\" width=\"549\" height=\"738\" src=\"https:\/\/i0.wp.com\/blogdoeloiltoncajuhy.com.br\/site\/wp-content\/uploads\/2026\/03\/ACM-Neto_9-3-2026_instagram.jpeg?resize=549%2C738&#038;ssl=1\" alt=\"\" class=\"wp-image-94171\" srcset=\"https:\/\/i0.wp.com\/blogdoeloiltoncajuhy.com.br\/site\/wp-content\/uploads\/2026\/03\/ACM-Neto_9-3-2026_instagram.jpeg?w=549&amp;ssl=1 549w, https:\/\/i0.wp.com\/blogdoeloiltoncajuhy.com.br\/site\/wp-content\/uploads\/2026\/03\/ACM-Neto_9-3-2026_instagram.jpeg?resize=223%2C300&amp;ssl=1 223w\" sizes=\"(max-width: 549px) 100vw, 549px\" \/><\/a><figcaption class=\"wp-element-caption\"><sub>Reprodu\u00e7\u00e3o \/ Instagram<\/sub><\/figcaption><\/figure>\n\n\n\n<p>O lan\u00e7amento da pr\u00e9-candidatura a deputados estaduais do grupo ligado a ACM Neto em Paulo Afonso, realizado no s\u00e1bado (7), contou com a presen\u00e7a de importantes lideran\u00e7as pol\u00edticas, mas a participa\u00e7\u00e3o popular foi abaixo das expectativas.<\/p>\n\n\n\n<p>Al\u00e9m de Neto, o evento teve a presen\u00e7a do ex-ministro Jo\u00e3o Roma e do presidente da C\u00e2mara de Salvador, Carlos Muniz, mas, segundo relatos ouvidos pelo <strong>jornalista Mois\u00e9s Faraj, do Ilha News<\/strong>, e de pessoas que acompanharam o encontro, d\u00e3o conta de que a participa\u00e7\u00e3o n\u00e3o refletiu o tamanho da mobiliza\u00e7\u00e3o e das lideran\u00e7as pol\u00edticas anunciadas.<\/p>\n\n\n\n<p>\u201cAqui \u00e9 a terra de Lula, Jer\u00f4nimo e Galinho. N\u00e3o tem para onde correr, e eles sentiram isso com a baixa participa\u00e7\u00e3o do p\u00fablico.\u201d, afirmou a fonte.<\/p>\n","protected":false},"excerpt":{"rendered":"<p>Por Pol\u00edtica ao Vivo >> Siga o canal do BEC no WhatsApp O lan\u00e7amento da pr\u00e9-candidatura a deputados estaduais do grupo ligado a ACM Neto em Paulo Afonso, realizado no s\u00e1bado (7), contou com a presen\u00e7a de importantes lideran\u00e7as pol\u00edticas, mas a participa\u00e7\u00e3o popular foi abaixo das expectativas. Al\u00e9m de Neto, o evento teve a [&hellip;]<\/p>\n","protected":false},"author":2,"featured_media":94171,"comment_status":"open","ping_status":"open","sticky":false,"template":"","format":"standard","meta":{"_acf_changed":false,"_monsterinsights_skip_tracking":false,"_monsterinsights_sitenote_active":false,"_monsterinsights_sitenote_note":"","_monsterinsights_sitenote_category":0,"_jetpack_memberships_contains_paid_content":false,"footnotes":"","jetpack_publicize_message":"","jetpack_publicize_feature_enabled":true,"jetpack_social_post_already_shared":true,"jetpack_social_options":{"image_generator_settings":{"template":"highway","default_image_id":0,"font":"","enabled":false},"version":2}},"categories":[3],"tags":[],"class_list":["post-94170","post","type-post","status-publish","format-standard","has-post-thumbnail","hentry","category-politica"],"acf":[],"jetpack_publicize_connections":[],"jetpack_featured_media_url":"https:\/\/i0.wp.com\/blogdoeloiltoncajuhy.com.br\/site\/wp-content\/uploads\/2026\/03\/ACM-Neto_9-3-2026_instagram.jpeg?fit=549%2C738&ssl=1","jetpack_sharing_enabled":true,"publishpress_future_workflow_manual_trigger":{"enabledWorkflows":[]},"_links":{"self":[{"href":"https:\/\/blogdoeloiltoncajuhy.com.br\/site\/wp-json\/wp\/v2\/posts\/94170","targetHints":{"allow":["GET"]}}],"collection":[{"href":"https:\/\/blogdoeloiltoncajuhy.com.br\/site\/wp-json\/wp\/v2\/posts"}],"about":[{"href":"https:\/\/blogdoeloiltoncajuhy.com.br\/site\/wp-json\/wp\/v2\/types\/post"}],"author":[{"embeddable":true,"href":"https:\/\/blogdoeloiltoncajuhy.com.br\/site\/wp-json\/wp\/v2\/users\/2"}],"replies":[{"embeddable":true,"href":"https:\/\/blogdoeloiltoncajuhy.com.br\/site\/wp-json\/wp\/v2\/comments?post=94170"}],"version-history":[{"count":1,"href":"https:\/\/blogdoeloiltoncajuhy.com.br\/site\/wp-json\/wp\/v2\/posts\/94170\/revisions"}],"predecessor-version":[{"id":94172,"href":"https:\/\/blogdoeloiltoncajuhy.com.br\/site\/wp-json\/wp\/v2\/posts\/94170\/revisions\/94172"}],"wp:featuredmedia":[{"embeddable":true,"href":"https:\/\/blogdoeloiltoncajuhy.com.br\/site\/wp-json\/wp\/v2\/media\/94171"}],"wp:attachment":[{"href":"https:\/\/blogdoeloiltoncajuhy.com.br\/site\/wp-json\/wp\/v2\/media?parent=94170"}],"wp:term":[{"taxonomy":"category","embeddable":true,"href":"https:\/\/blogdoeloiltoncajuhy.com.br\/site\/wp-json\/wp\/v2\/categories?post=94170"},{"taxonomy":"post_tag","embeddable":true,"href":"https:\/\/blogdoeloiltoncajuhy.com.br\/site\/wp-json\/wp\/v2\/tags?post=94170"}],"curies":[{"name":"wp","href":"https:\/\/api.w.org\/{rel}","templated":true}]}}