{"id":94166,"date":"2026-03-10T00:10:00","date_gmt":"2026-03-10T03:10:00","guid":{"rendered":"https:\/\/blogdoeloiltoncajuhy.com.br\/site\/?p=94166"},"modified":"2026-03-09T20:14:52","modified_gmt":"2026-03-09T23:14:52","slug":"a-mae-de-alguem-teve-que-chorar-hoje-video-no-elevador-expoe-deboche-de-jovens-apos-estupro-coletivo-em-copacabana","status":"publish","type":"post","link":"https:\/\/blogdoeloiltoncajuhy.com.br\/site\/a-mae-de-alguem-teve-que-chorar-hoje-video-no-elevador-expoe-deboche-de-jovens-apos-estupro-coletivo-em-copacabana\/","title":{"rendered":"\u2018A m\u00e3e de algu\u00e9m teve que chorar hoje\u2019: v\u00eddeo no elevador exp\u00f5e deboche de jovens ap\u00f3s estupro coletivo em Copacabana"},"content":{"rendered":"\n<p class=\"has-medium-font-size\"><strong>O Fant\u00e1stico teve acesso aos documentos da investiga\u00e7\u00e3o<\/strong><\/p>\n\n\n\n<p><strong>Por Fant\u00e1stico<\/strong><\/p>\n\n\n\n<p><strong><a href=\"https:\/\/whatsapp.com\/channel\/0029VaAT7tDLI8Yfj5y9Z50Z\" target=\"_blank\" rel=\"noreferrer noopener\"><mark style=\"background-color:rgba(0, 0, 0, 0)\" class=\"has-inline-color has-luminous-vivid-orange-color\">>> Siga o canal do BEC no WhatsApp<\/mark><\/a><\/strong><\/p>\n\n\n\n<figure class=\"wp-block-image aligncenter size-full\"><a href=\"https:\/\/i0.wp.com\/blogdoeloiltoncajuhy.com.br\/site\/wp-content\/uploads\/2026\/03\/Imagens-mostram-os-suspeitos-celebrando-no-elevador-%E2%80%94-Foto-Reproducao-Fantastico.jpg?ssl=1\"><img data-recalc-dims=\"1\" fetchpriority=\"high\" decoding=\"async\" width=\"780\" height=\"425\" src=\"https:\/\/i0.wp.com\/blogdoeloiltoncajuhy.com.br\/site\/wp-content\/uploads\/2026\/03\/Imagens-mostram-os-suspeitos-celebrando-no-elevador-%E2%80%94-Foto-Reproducao-Fantastico.jpg?resize=780%2C425&#038;ssl=1\" alt=\"\" class=\"wp-image-94167\" srcset=\"https:\/\/i0.wp.com\/blogdoeloiltoncajuhy.com.br\/site\/wp-content\/uploads\/2026\/03\/Imagens-mostram-os-suspeitos-celebrando-no-elevador-%E2%80%94-Foto-Reproducao-Fantastico.jpg?w=780&amp;ssl=1 780w, https:\/\/i0.wp.com\/blogdoeloiltoncajuhy.com.br\/site\/wp-content\/uploads\/2026\/03\/Imagens-mostram-os-suspeitos-celebrando-no-elevador-%E2%80%94-Foto-Reproducao-Fantastico.jpg?resize=300%2C163&amp;ssl=1 300w, https:\/\/i0.wp.com\/blogdoeloiltoncajuhy.com.br\/site\/wp-content\/uploads\/2026\/03\/Imagens-mostram-os-suspeitos-celebrando-no-elevador-%E2%80%94-Foto-Reproducao-Fantastico.jpg?resize=768%2C418&amp;ssl=1 768w\" sizes=\"(max-width: 780px) 100vw, 780px\" \/><\/a><figcaption class=\"wp-element-caption\"><sub>Imagens mostram os suspeitos celebrando no elevador \u2014 Foto: Reprodu\u00e7\u00e3o\/Fant\u00e1stico<\/sub><\/figcaption><\/figure>\n\n\n\n<p>O Fant\u00e1stico teve acesso a detalhes da investiga\u00e7\u00e3o sobre o estupro coletivo de uma estudante de 17 anos em um pr\u00e9dio em Copacabana, na Zona Sul do Rio. Em um v\u00eddeo de celular gravado dentro do elevador instantes ap\u00f3s o crime, um menor e os outros agressores aparecem comemorando e fazendo piadas, em tom de deboche, enquanto deixam o apartamento.<\/p>\n\n\n\n<blockquote class=\"wp-block-quote is-layout-flow wp-block-quote-is-layout-flow\">\n<p><strong><mark style=\"background-color:rgba(0, 0, 0, 0)\" class=\"has-inline-color has-black-color\">\u201cA m\u00e3e de algu\u00e9m teve que chorar, porque as nossas m\u00e3es hoje\u2026\u201d, diz um deles.<\/mark><\/strong><\/p>\n<\/blockquote>\n\n\n\n<p class=\"has-text-align-center\"><strong><mark style=\"background-color:rgba(0, 0, 0, 0)\" class=\"has-inline-color has-black-color\">___________________________<\/mark><\/strong><\/p>\n\n\n\n<blockquote class=\"wp-block-quote is-layout-flow wp-block-quote-is-layout-flow\">\n<p><strong><mark style=\"background-color:rgba(0, 0, 0, 0)\" class=\"has-inline-color has-black-color\">\u201cEssas imagens s\u00e3o chocantes. Faltam at\u00e9 palavras e adjetivos para narrar o que representa esse tipo de conduta\u201d, comenta Angelo Lages, delegado.<\/mark><\/strong><\/p>\n<\/blockquote>\n\n\n\n<p class=\"has-black-color has-text-color has-link-color has-medium-font-size wp-elements-cb93ec95628acf1d1a9299e92af4a6ef\"><strong>O caso<\/strong><\/p>\n\n\n\n<p>O crime que aconteceu no fim de janeiro se transformou em um caso que exp\u00f5e um ciclo de viol\u00eancias sexuais cometidas, segundo a pol\u00edcia, por um mesmo grupo de jovens do Col\u00e9gio Pedro II, no Rio de Janeiro. A estudante de 17 anos, violentada por quatro homens e um menor de idade em um apartamento em Copacabana, rompeu o sil\u00eancio \u2014 e, ao fazer isso, encorajou outras adolescentes a contar que viveram situa\u00e7\u00f5es semelhantes com os mesmos suspeitos.<\/p>\n\n\n\n<p>O irm\u00e3o da adolescente foi a primeira pessoa a quem ela conseguiu pedir ajuda.<\/p>\n\n\n\n<blockquote class=\"wp-block-quote is-layout-flow wp-block-quote-is-layout-flow\">\n<p><strong><mark style=\"background-color:rgba(0, 0, 0, 0)\" class=\"has-inline-color has-black-color\">\u201cEla me mandou mensagem, falou: preciso de ajuda agora, \u00e9 s\u00e9rio. Ela falou: acho que fui estuprada\u201d, contou.<\/mark><\/strong><\/p>\n<\/blockquote>\n\n\n\n<p>A av\u00f3, que tem a guarda da menina, tamb\u00e9m descreveu o impacto ao ouvir o que havia acontecido:<\/p>\n\n\n\n<blockquote class=\"wp-block-quote is-layout-flow wp-block-quote-is-layout-flow\">\n<p><strong><mark style=\"background-color:rgba(0, 0, 0, 0)\" class=\"has-inline-color has-black-color\">\u201cEla me abra\u00e7ou e falou: &#8216;m\u00e3e, desculpa&#8217;. Eu falei: &#8216;desculpa de qu\u00ea? Voc\u00ea n\u00e3o teve culpa&#8217;\u201d, relata, emocionada.<\/mark><\/strong><\/p>\n<\/blockquote>\n\n\n\n<p>Quando ajudou a neta a levantar o vestido, viu hematomas graves:<\/p>\n\n\n\n<blockquote class=\"wp-block-quote is-layout-flow wp-block-quote-is-layout-flow\">\n<p><strong><mark style=\"background-color:rgba(0, 0, 0, 0)\" class=\"has-inline-color has-black-color\">\u201cN\u00e3o era um roxo, era um roxo preto, em v\u00e1rias partes. Fiquei apavorada\u201d.<\/mark><\/strong><\/p>\n<\/blockquote>\n\n\n\n<p>O estupro ocorreu em 31 de janeiro. A estudante foi convidada ao apartamento por um colega de escola, um menor de 17 anos, com quem j\u00e1 havia se relacionado. O local \u00e9 de propriedade da fam\u00edlia de um dos suspeitos.<\/p>\n\n\n\n<figure class=\"wp-block-image aligncenter size-full\"><a href=\"https:\/\/i0.wp.com\/blogdoeloiltoncajuhy.com.br\/site\/wp-content\/uploads\/2026\/03\/Imagem-de-camera-de-seguranca-mostra-vitima-e-suspeito-no-predio-%E2%80%94-Foto-Reproducao-TV-Globo.jpg?ssl=1\"><img data-recalc-dims=\"1\" decoding=\"async\" width=\"780\" height=\"439\" src=\"https:\/\/i0.wp.com\/blogdoeloiltoncajuhy.com.br\/site\/wp-content\/uploads\/2026\/03\/Imagem-de-camera-de-seguranca-mostra-vitima-e-suspeito-no-predio-%E2%80%94-Foto-Reproducao-TV-Globo.jpg?resize=780%2C439&#038;ssl=1\" alt=\"\" class=\"wp-image-94168\" srcset=\"https:\/\/i0.wp.com\/blogdoeloiltoncajuhy.com.br\/site\/wp-content\/uploads\/2026\/03\/Imagem-de-camera-de-seguranca-mostra-vitima-e-suspeito-no-predio-%E2%80%94-Foto-Reproducao-TV-Globo.jpg?w=780&amp;ssl=1 780w, https:\/\/i0.wp.com\/blogdoeloiltoncajuhy.com.br\/site\/wp-content\/uploads\/2026\/03\/Imagem-de-camera-de-seguranca-mostra-vitima-e-suspeito-no-predio-%E2%80%94-Foto-Reproducao-TV-Globo.jpg?resize=300%2C169&amp;ssl=1 300w, https:\/\/i0.wp.com\/blogdoeloiltoncajuhy.com.br\/site\/wp-content\/uploads\/2026\/03\/Imagem-de-camera-de-seguranca-mostra-vitima-e-suspeito-no-predio-%E2%80%94-Foto-Reproducao-TV-Globo.jpg?resize=768%2C432&amp;ssl=1 768w\" sizes=\"(max-width: 780px) 100vw, 780px\" \/><\/a><figcaption class=\"wp-element-caption\"><sub>Imagem de c\u00e2mera de seguran\u00e7a mostra v\u00edtima e suspeito no pr\u00e9dio \u2014 Foto: Reprodu\u00e7\u00e3o\/TV Globo<\/sub><\/figcaption><\/figure>\n\n\n\n<p>Segundo depoimento da menina, ela foi levada ao quarto para namorar com o menor. Foi quando os outros quatro jovens invadiram o c\u00f4modo. Ela afirmou que negou todas as tentativas de convencimento para ter rela\u00e7\u00f5es com os amigos do garoto. Eles ent\u00e3o a imobilizaram e trancaram a porta.<\/p>\n\n\n\n<p>O relato aponta que, por aproximadamente uma hora, os cinco se revezaram nas agress\u00f5es sexuais e f\u00edsicas.<\/p>\n\n\n\n<p>O delegado respons\u00e1vel pelo caso, Angelo Lages, afirmou que as les\u00f5es confirmadas pelo IML s\u00e3o compat\u00edveis com o depoimento da v\u00edtima.<\/p>\n\n\n\n<p>Ap\u00f3s o crime, c\u00e2meras do pr\u00e9dio registraram o menor e a v\u00edtima deixando o apartamento. No elevador, os suspeitos aparecem celebrando.<\/p>\n\n\n\n<p>Depois do estupro, o menor continuou frequentando a escola e, segundo a fam\u00edlia, passou a rondar a irm\u00e3 mais nova da v\u00edtima, de 12 anos.<\/p>\n\n\n\n<p>Assim que o caso se tornou p\u00fablico, outras v\u00edtimas procuraram a pol\u00edcia.<\/p>\n\n\n\n<p>Uma m\u00e3e relatou que a filha, ent\u00e3o com 14 anos, foi violentada por parte do mesmo grupo.<\/p>\n\n\n\n<blockquote class=\"wp-block-quote is-layout-flow wp-block-quote-is-layout-flow\">\n<p><strong><mark style=\"background-color:rgba(0, 0, 0, 0)\" class=\"has-inline-color has-black-color\">\u201cEla falou que tamb\u00e9m foi v\u00edtima de dois deles, pelo menos dois deles e, tinha um terceiro, que era maior. Que n\u00e3o aparece nessas, na lista, n\u00e9? De procurados desse caso. Mas que estavam sempre juntos. Eu s\u00f3 ouvi isso. Eu s\u00f3 ouvi aconteceu, eles fizeram a mesma coisa comigo h\u00e1 tr\u00eas anos atr\u00e1s. E eu n\u00e3o, eu n\u00e3o tive est\u00f4mago. Eu n\u00e3o tive est\u00f4mago\u2026.\u201d<\/mark><\/strong><\/p>\n<\/blockquote>\n\n\n\n<p>Outra jovem, hoje maior de idade, contou ter sido abusada em uma festa por um dos acusados presos:<\/p>\n\n\n\n<blockquote class=\"wp-block-quote is-layout-flow wp-block-quote-is-layout-flow\">\n<p><strong><mark style=\"background-color:rgba(0, 0, 0, 0)\" class=\"has-inline-color has-black-color\">\u201cA\u00ed ele teve uma hora que ele pediu pra eu praticar sexo oral nele, eu falei que eu n\u00e3o ia fazer aquilo, muito menos ali, a\u00ed ele falou, n\u00e3o, s\u00f3 um pouco, s\u00f3 um pouco, eu falando, n\u00e3o vou fazer isso, vamos voltar pra festa, e ele come\u00e7ou, enquanto a gente se beijava, ele come\u00e7ou a tentar empurrar a minha cabe\u00e7a pra baixo, e eu falei, Vitor, eu n\u00e3o vou fazer isso aqui, e a\u00ed nisso ele continuou, s\u00f3 que eu j\u00e1 tava muito fraca, e a\u00ed eu acabei, assim, minhas pernas meio que cederam, eu ca\u00ed, ele come\u00e7ou a for\u00e7ar um sexo oral nele, entendeu?\u201d<\/mark><\/strong><\/p>\n<\/blockquote>\n","protected":false},"excerpt":{"rendered":"<p>O Fant\u00e1stico teve acesso aos documentos da investiga\u00e7\u00e3o Por Fant\u00e1stico >> Siga o canal do BEC no WhatsApp O Fant\u00e1stico teve acesso a detalhes da investiga\u00e7\u00e3o sobre o estupro coletivo de uma estudante de 17 anos em um pr\u00e9dio em Copacabana, na Zona Sul do Rio. Em um v\u00eddeo de celular gravado dentro do elevador [&hellip;]<\/p>\n","protected":false},"author":2,"featured_media":94167,"comment_status":"open","ping_status":"open","sticky":false,"template":"","format":"standard","meta":{"_acf_changed":false,"_monsterinsights_skip_tracking":false,"_monsterinsights_sitenote_active":false,"_monsterinsights_sitenote_note":"","_monsterinsights_sitenote_category":0,"_jetpack_memberships_contains_paid_content":false,"footnotes":"","jetpack_publicize_message":"","jetpack_publicize_feature_enabled":true,"jetpack_social_post_already_shared":true,"jetpack_social_options":{"image_generator_settings":{"template":"highway","default_image_id":0,"font":"","enabled":false},"version":2}},"categories":[15],"tags":[],"class_list":["post-94166","post","type-post","status-publish","format-standard","has-post-thumbnail","hentry","category-policia"],"acf":[],"jetpack_publicize_connections":[],"jetpack_featured_media_url":"https:\/\/i0.wp.com\/blogdoeloiltoncajuhy.com.br\/site\/wp-content\/uploads\/2026\/03\/Imagens-mostram-os-suspeitos-celebrando-no-elevador-%E2%80%94-Foto-Reproducao-Fantastico.jpg?fit=780%2C425&ssl=1","jetpack_sharing_enabled":true,"publishpress_future_workflow_manual_trigger":{"enabledWorkflows":[]},"_links":{"self":[{"href":"https:\/\/blogdoeloiltoncajuhy.com.br\/site\/wp-json\/wp\/v2\/posts\/94166","targetHints":{"allow":["GET"]}}],"collection":[{"href":"https:\/\/blogdoeloiltoncajuhy.com.br\/site\/wp-json\/wp\/v2\/posts"}],"about":[{"href":"https:\/\/blogdoeloiltoncajuhy.com.br\/site\/wp-json\/wp\/v2\/types\/post"}],"author":[{"embeddable":true,"href":"https:\/\/blogdoeloiltoncajuhy.com.br\/site\/wp-json\/wp\/v2\/users\/2"}],"replies":[{"embeddable":true,"href":"https:\/\/blogdoeloiltoncajuhy.com.br\/site\/wp-json\/wp\/v2\/comments?post=94166"}],"version-history":[{"count":1,"href":"https:\/\/blogdoeloiltoncajuhy.com.br\/site\/wp-json\/wp\/v2\/posts\/94166\/revisions"}],"predecessor-version":[{"id":94169,"href":"https:\/\/blogdoeloiltoncajuhy.com.br\/site\/wp-json\/wp\/v2\/posts\/94166\/revisions\/94169"}],"wp:featuredmedia":[{"embeddable":true,"href":"https:\/\/blogdoeloiltoncajuhy.com.br\/site\/wp-json\/wp\/v2\/media\/94167"}],"wp:attachment":[{"href":"https:\/\/blogdoeloiltoncajuhy.com.br\/site\/wp-json\/wp\/v2\/media?parent=94166"}],"wp:term":[{"taxonomy":"category","embeddable":true,"href":"https:\/\/blogdoeloiltoncajuhy.com.br\/site\/wp-json\/wp\/v2\/categories?post=94166"},{"taxonomy":"post_tag","embeddable":true,"href":"https:\/\/blogdoeloiltoncajuhy.com.br\/site\/wp-json\/wp\/v2\/tags?post=94166"}],"curies":[{"name":"wp","href":"https:\/\/api.w.org\/{rel}","templated":true}]}}