{"id":94162,"date":"2026-03-09T16:07:09","date_gmt":"2026-03-09T19:07:09","guid":{"rendered":"https:\/\/blogdoeloiltoncajuhy.com.br\/site\/?p=94162"},"modified":"2026-03-09T16:07:11","modified_gmt":"2026-03-09T19:07:11","slug":"adolescente-de-17-anos-e-morto-a-tiros-dentro-de-barbearia-dois-homens-ficaram-feridos","status":"publish","type":"post","link":"https:\/\/blogdoeloiltoncajuhy.com.br\/site\/adolescente-de-17-anos-e-morto-a-tiros-dentro-de-barbearia-dois-homens-ficaram-feridos\/","title":{"rendered":"Adolescente de 17 anos \u00e9 morto a tiros dentro de barbearia; dois homens ficaram feridos"},"content":{"rendered":"\n<p class=\"has-medium-font-size\"><strong>Crime ocorreu no bairro Campo Limpo, em Feira de Santana<\/strong><\/p>\n\n\n\n<p><strong>Por g1 Feira de Santana e regi\u00e3o<\/strong><\/p>\n\n\n\n<p><strong><a href=\"https:\/\/whatsapp.com\/channel\/0029VaAT7tDLI8Yfj5y9Z50Z\" target=\"_blank\" rel=\"noreferrer noopener\"><mark style=\"background-color:rgba(0, 0, 0, 0)\" class=\"has-inline-color has-luminous-vivid-orange-color\">>> Siga o canal do BEC no WhatsApp<\/mark><\/a><\/strong><\/p>\n\n\n\n<figure class=\"wp-block-image aligncenter size-full\"><a href=\"https:\/\/i0.wp.com\/blogdoeloiltoncajuhy.com.br\/site\/wp-content\/uploads\/2026\/03\/Adolescente-foi-morto-dentro-de-barbearia-em-Feira-de-Santana-%E2%80%94-Foto-Redes-Sociais-M.png?ssl=1\"><img data-recalc-dims=\"1\" fetchpriority=\"high\" decoding=\"async\" width=\"800\" height=\"456\" src=\"https:\/\/i0.wp.com\/blogdoeloiltoncajuhy.com.br\/site\/wp-content\/uploads\/2026\/03\/Adolescente-foi-morto-dentro-de-barbearia-em-Feira-de-Santana-%E2%80%94-Foto-Redes-Sociais-M.png?resize=800%2C456&#038;ssl=1\" alt=\"\" class=\"wp-image-94164\" srcset=\"https:\/\/i0.wp.com\/blogdoeloiltoncajuhy.com.br\/site\/wp-content\/uploads\/2026\/03\/Adolescente-foi-morto-dentro-de-barbearia-em-Feira-de-Santana-%E2%80%94-Foto-Redes-Sociais-M.png?w=988&amp;ssl=1 988w, https:\/\/i0.wp.com\/blogdoeloiltoncajuhy.com.br\/site\/wp-content\/uploads\/2026\/03\/Adolescente-foi-morto-dentro-de-barbearia-em-Feira-de-Santana-%E2%80%94-Foto-Redes-Sociais-M.png?resize=300%2C171&amp;ssl=1 300w, https:\/\/i0.wp.com\/blogdoeloiltoncajuhy.com.br\/site\/wp-content\/uploads\/2026\/03\/Adolescente-foi-morto-dentro-de-barbearia-em-Feira-de-Santana-%E2%80%94-Foto-Redes-Sociais-M.png?resize=768%2C438&amp;ssl=1 768w\" sizes=\"(max-width: 800px) 100vw, 800px\" \/><\/a><figcaption class=\"wp-element-caption\"><sub>Adolescente foi morto dentro de barbearia em Feira de Santana \u2014 Foto Redes Sociais<\/sub><\/figcaption><\/figure>\n\n\n\n<p>Um adolescente de 17 anos foi morto a tiros dentro de uma barbearia na noite de s\u00e1bado (7), na Rua Jaguar\u00e1, no bairro Campo Limpo, em Feira de Santana, segunda maior cidade da Bahia. Outros dois homens tamb\u00e9m ficaram feridos.<\/p>\n\n\n\n<p>A v\u00edtima foi identificada como <strong><mark style=\"background-color:rgba(0, 0, 0, 0)\" class=\"has-inline-color has-black-color\">Felix Sena Lima<\/mark><\/strong>. Segundo a Pol\u00edcia Civil, suspeitos chegaram ao local em um ve\u00edculo, se aproximaram do adolescente e atiraram contra ele.<\/p>\n\n\n\n<p>Durante a a\u00e7\u00e3o, dois homens que estavam no local tamb\u00e9m foram atingidos. Eles foram socorridos para uma unidade hospitalar. O estado de sa\u00fade deles n\u00e3o foi divulgado.<\/p>\n\n\n\n<p>Ap\u00f3s o crime, os suspeitos fugiram e abandonaram o ve\u00edculo na localidade conhecida como Formiga.<\/p>\n\n\n\n<p>De acordo com a Pol\u00edcia Militar, equipes da 65\u00aa Companhia Independente de Pol\u00edcia Militar (CIPM) foram acionadas ap\u00f3s den\u00fancias de disparos de arma de fogo na regi\u00e3o. Quando chegaram ao local, os policiais confirmaram a ocorr\u00eancia.<\/p>\n\n\n\n<p>Equipes do Servi\u00e7o de Atendimento M\u00f3vel de Urg\u00eancia (Samu) prestaram socorro \u00e0s v\u00edtimas, mas o adolescente n\u00e3o resistiu aos ferimentos.<\/p>\n\n\n\n<p>A Delegacia de Homic\u00eddios (DH) de Feira de Santana informou que j\u00e1 identificou ind\u00edcios de autoria do crime. Guias para remo\u00e7\u00e3o do corpo e realiza\u00e7\u00e3o de per\u00edcia foram expedidas, e dilig\u00eancias seguem em andamento para identificar e localizar os suspeitos.<\/p>\n\n\n\n<p>Rondas e buscas foram realizadas na regi\u00e3o, mas at\u00e9 o momento ningu\u00e9m foi preso. O policiamento foi intensificado no bairro. O corpo do jovem foi encaminhado ao Departamento de Pol\u00edcia T\u00e9cnica (DPT) para necropsia.<\/p>\n","protected":false},"excerpt":{"rendered":"<p>Crime ocorreu no bairro Campo Limpo, em Feira de Santana Por g1 Feira de Santana e regi\u00e3o >> Siga o canal do BEC no WhatsApp Um adolescente de 17 anos foi morto a tiros dentro de uma barbearia na noite de s\u00e1bado (7), na Rua Jaguar\u00e1, no bairro Campo Limpo, em Feira de Santana, segunda [&hellip;]<\/p>\n","protected":false},"author":2,"featured_media":94164,"comment_status":"open","ping_status":"open","sticky":false,"template":"","format":"standard","meta":{"_acf_changed":false,"_monsterinsights_skip_tracking":false,"_monsterinsights_sitenote_active":false,"_monsterinsights_sitenote_note":"","_monsterinsights_sitenote_category":0,"_jetpack_memberships_contains_paid_content":false,"footnotes":"","jetpack_publicize_message":"","jetpack_publicize_feature_enabled":true,"jetpack_social_post_already_shared":true,"jetpack_social_options":{"image_generator_settings":{"template":"highway","default_image_id":0,"font":"","enabled":false},"version":2}},"categories":[15],"tags":[],"class_list":["post-94162","post","type-post","status-publish","format-standard","has-post-thumbnail","hentry","category-policia"],"acf":[],"jetpack_publicize_connections":[],"jetpack_featured_media_url":"https:\/\/i0.wp.com\/blogdoeloiltoncajuhy.com.br\/site\/wp-content\/uploads\/2026\/03\/Adolescente-foi-morto-dentro-de-barbearia-em-Feira-de-Santana-%E2%80%94-Foto-Redes-Sociais-M.png?fit=988%2C563&ssl=1","jetpack_sharing_enabled":true,"publishpress_future_workflow_manual_trigger":{"enabledWorkflows":[]},"_links":{"self":[{"href":"https:\/\/blogdoeloiltoncajuhy.com.br\/site\/wp-json\/wp\/v2\/posts\/94162","targetHints":{"allow":["GET"]}}],"collection":[{"href":"https:\/\/blogdoeloiltoncajuhy.com.br\/site\/wp-json\/wp\/v2\/posts"}],"about":[{"href":"https:\/\/blogdoeloiltoncajuhy.com.br\/site\/wp-json\/wp\/v2\/types\/post"}],"author":[{"embeddable":true,"href":"https:\/\/blogdoeloiltoncajuhy.com.br\/site\/wp-json\/wp\/v2\/users\/2"}],"replies":[{"embeddable":true,"href":"https:\/\/blogdoeloiltoncajuhy.com.br\/site\/wp-json\/wp\/v2\/comments?post=94162"}],"version-history":[{"count":1,"href":"https:\/\/blogdoeloiltoncajuhy.com.br\/site\/wp-json\/wp\/v2\/posts\/94162\/revisions"}],"predecessor-version":[{"id":94165,"href":"https:\/\/blogdoeloiltoncajuhy.com.br\/site\/wp-json\/wp\/v2\/posts\/94162\/revisions\/94165"}],"wp:featuredmedia":[{"embeddable":true,"href":"https:\/\/blogdoeloiltoncajuhy.com.br\/site\/wp-json\/wp\/v2\/media\/94164"}],"wp:attachment":[{"href":"https:\/\/blogdoeloiltoncajuhy.com.br\/site\/wp-json\/wp\/v2\/media?parent=94162"}],"wp:term":[{"taxonomy":"category","embeddable":true,"href":"https:\/\/blogdoeloiltoncajuhy.com.br\/site\/wp-json\/wp\/v2\/categories?post=94162"},{"taxonomy":"post_tag","embeddable":true,"href":"https:\/\/blogdoeloiltoncajuhy.com.br\/site\/wp-json\/wp\/v2\/tags?post=94162"}],"curies":[{"name":"wp","href":"https:\/\/api.w.org\/{rel}","templated":true}]}}