{"id":94158,"date":"2026-03-09T15:32:59","date_gmt":"2026-03-09T18:32:59","guid":{"rendered":"https:\/\/blogdoeloiltoncajuhy.com.br\/site\/?p=94158"},"modified":"2026-03-09T15:33:01","modified_gmt":"2026-03-09T18:33:01","slug":"defensoria-publica-da-bahia-abre-concurso-para-defensores-com-salario-de-r-29-mil","status":"publish","type":"post","link":"https:\/\/blogdoeloiltoncajuhy.com.br\/site\/defensoria-publica-da-bahia-abre-concurso-para-defensores-com-salario-de-r-29-mil\/","title":{"rendered":"Defensoria P\u00fablica da Bahia abre concurso para defensores com sal\u00e1rio de R$ 29 mil"},"content":{"rendered":"\n<p class=\"has-medium-font-size\"><strong>Inscri\u00e7\u00f5es ficam abertas at\u00e9 o dia 18 de mar\u00e7o, atrav\u00e9s do site<\/strong><\/p>\n\n\n\n<p><strong>Por g1 BA<\/strong><\/p>\n\n\n\n<p><strong><a href=\"https:\/\/whatsapp.com\/channel\/0029VaAT7tDLI8Yfj5y9Z50Z\" target=\"_blank\" rel=\"noreferrer noopener\"><mark style=\"background-color:rgba(0, 0, 0, 0)\" class=\"has-inline-color has-luminous-vivid-orange-color\">>> Siga o canal do BEC no WhatsApp<\/mark><\/a><\/strong><\/p>\n\n\n\n<figure class=\"wp-block-image aligncenter size-full\"><a href=\"https:\/\/i0.wp.com\/blogdoeloiltoncajuhy.com.br\/site\/wp-content\/uploads\/2022\/02\/Defensoria-Publica-da-Bahia_07022022.jpg\"><img data-recalc-dims=\"1\" fetchpriority=\"high\" decoding=\"async\" width=\"800\" height=\"589\" src=\"https:\/\/i0.wp.com\/blogdoeloiltoncajuhy.com.br\/site\/wp-content\/uploads\/2022\/02\/Defensoria-Publica-da-Bahia_07022022.jpg?resize=800%2C589\" alt=\"\" class=\"wp-image-62697\" srcset=\"https:\/\/i0.wp.com\/blogdoeloiltoncajuhy.com.br\/site\/wp-content\/uploads\/2022\/02\/Defensoria-Publica-da-Bahia_07022022.jpg?w=984&amp;ssl=1 984w, https:\/\/i0.wp.com\/blogdoeloiltoncajuhy.com.br\/site\/wp-content\/uploads\/2022\/02\/Defensoria-Publica-da-Bahia_07022022.jpg?resize=300%2C221&amp;ssl=1 300w, https:\/\/i0.wp.com\/blogdoeloiltoncajuhy.com.br\/site\/wp-content\/uploads\/2022\/02\/Defensoria-Publica-da-Bahia_07022022.jpg?resize=768%2C566&amp;ssl=1 768w\" sizes=\"(max-width: 800px) 100vw, 800px\" \/><\/a><figcaption class=\"wp-element-caption\"><sub>Foto: Divulga\u00e7\u00e3o\/DPE-BA<\/sub><\/figcaption><\/figure>\n\n\n\n<p>A Defensoria P\u00fablica do Estado da Bahia (DPE-BA) est\u00e1 com concurso p\u00fablico aberto para defensoras e defensores. As inscri\u00e7\u00f5es ficam abertas at\u00e9 18 de mar\u00e7o e podem ser feitas pelo <a href=\"https:\/\/www.concursosfcc.com.br\/concursos\/dpeba125\/index.html\"><strong><mark style=\"background-color:rgba(0, 0, 0, 0)\" class=\"has-inline-color has-vivid-cyan-blue-color\">site<\/mark><\/strong><\/a> da empresa organizadora do certame.<\/p>\n\n\n\n<p>O edital prev\u00ea 25 vagas, sendo 14 para ampla concorr\u00eancia, 8 para pessoas pretas e pardas, 1 para pessoa com defici\u00eancia, 1 para candidatos ind\u00edgenas e 1 para integrantes de comunidades quilombolas. O sal\u00e1rio inicial para o cargo \u00e9 de R$ 29.421.<\/p>\n\n\n\n<p>O processo seletivo ser\u00e1 composto por provas discursivas, orais e objetiva, al\u00e9m de avalia\u00e7\u00e3o de t\u00edtulos, seguindo as normas previstas na legisla\u00e7\u00e3o estadual e nas resolu\u00e7\u00f5es do Conselho Superior da institui\u00e7\u00e3o.<\/p>\n\n\n\n<p>De acordo com a DPE-BA, o novo concurso vai ampliar a atua\u00e7\u00e3o da Defensoria no interior do estado.<\/p>\n","protected":false},"excerpt":{"rendered":"<p>Inscri\u00e7\u00f5es ficam abertas at\u00e9 o dia 18 de mar\u00e7o, atrav\u00e9s do site Por g1 BA >> Siga o canal do BEC no WhatsApp A Defensoria P\u00fablica do Estado da Bahia (DPE-BA) est\u00e1 com concurso p\u00fablico aberto para defensoras e defensores. As inscri\u00e7\u00f5es ficam abertas at\u00e9 18 de mar\u00e7o e podem ser feitas pelo site da [&hellip;]<\/p>\n","protected":false},"author":2,"featured_media":62697,"comment_status":"open","ping_status":"open","sticky":false,"template":"","format":"standard","meta":{"_acf_changed":false,"_monsterinsights_skip_tracking":false,"_monsterinsights_sitenote_active":false,"_monsterinsights_sitenote_note":"","_monsterinsights_sitenote_category":0,"_jetpack_memberships_contains_paid_content":false,"footnotes":"","jetpack_publicize_message":"","jetpack_publicize_feature_enabled":true,"jetpack_social_post_already_shared":true,"jetpack_social_options":{"image_generator_settings":{"template":"highway","default_image_id":0,"font":"","enabled":false},"version":2}},"categories":[32],"tags":[],"class_list":["post-94158","post","type-post","status-publish","format-standard","has-post-thumbnail","hentry","category-emprego"],"acf":[],"jetpack_publicize_connections":[],"jetpack_featured_media_url":"https:\/\/i0.wp.com\/blogdoeloiltoncajuhy.com.br\/site\/wp-content\/uploads\/2022\/02\/Defensoria-Publica-da-Bahia_07022022.jpg?fit=984%2C725&ssl=1","jetpack_sharing_enabled":true,"publishpress_future_workflow_manual_trigger":{"enabledWorkflows":[]},"_links":{"self":[{"href":"https:\/\/blogdoeloiltoncajuhy.com.br\/site\/wp-json\/wp\/v2\/posts\/94158","targetHints":{"allow":["GET"]}}],"collection":[{"href":"https:\/\/blogdoeloiltoncajuhy.com.br\/site\/wp-json\/wp\/v2\/posts"}],"about":[{"href":"https:\/\/blogdoeloiltoncajuhy.com.br\/site\/wp-json\/wp\/v2\/types\/post"}],"author":[{"embeddable":true,"href":"https:\/\/blogdoeloiltoncajuhy.com.br\/site\/wp-json\/wp\/v2\/users\/2"}],"replies":[{"embeddable":true,"href":"https:\/\/blogdoeloiltoncajuhy.com.br\/site\/wp-json\/wp\/v2\/comments?post=94158"}],"version-history":[{"count":1,"href":"https:\/\/blogdoeloiltoncajuhy.com.br\/site\/wp-json\/wp\/v2\/posts\/94158\/revisions"}],"predecessor-version":[{"id":94159,"href":"https:\/\/blogdoeloiltoncajuhy.com.br\/site\/wp-json\/wp\/v2\/posts\/94158\/revisions\/94159"}],"wp:featuredmedia":[{"embeddable":true,"href":"https:\/\/blogdoeloiltoncajuhy.com.br\/site\/wp-json\/wp\/v2\/media\/62697"}],"wp:attachment":[{"href":"https:\/\/blogdoeloiltoncajuhy.com.br\/site\/wp-json\/wp\/v2\/media?parent=94158"}],"wp:term":[{"taxonomy":"category","embeddable":true,"href":"https:\/\/blogdoeloiltoncajuhy.com.br\/site\/wp-json\/wp\/v2\/categories?post=94158"},{"taxonomy":"post_tag","embeddable":true,"href":"https:\/\/blogdoeloiltoncajuhy.com.br\/site\/wp-json\/wp\/v2\/tags?post=94158"}],"curies":[{"name":"wp","href":"https:\/\/api.w.org\/{rel}","templated":true}]}}