{"id":94155,"date":"2026-03-09T15:06:41","date_gmt":"2026-03-09T18:06:41","guid":{"rendered":"https:\/\/blogdoeloiltoncajuhy.com.br\/site\/?p=94155"},"modified":"2026-03-09T15:06:43","modified_gmt":"2026-03-09T18:06:43","slug":"ze-ronaldo-confirma-permanencia-na-prefeitura-de-feira-e-descarta-ser-vice-de-neto","status":"publish","type":"post","link":"https:\/\/blogdoeloiltoncajuhy.com.br\/site\/ze-ronaldo-confirma-permanencia-na-prefeitura-de-feira-e-descarta-ser-vice-de-neto\/","title":{"rendered":"Z\u00e9 Ronaldo confirma perman\u00eancia na prefeitura de Feira e descarta ser vice de Neto"},"content":{"rendered":"\n<p><strong>Por Pol\u00edtica ao Vivo<\/strong><\/p>\n\n\n\n<p><strong><a href=\"https:\/\/whatsapp.com\/channel\/0029VaAT7tDLI8Yfj5y9Z50Z\" target=\"_blank\" rel=\"noreferrer noopener\"><mark style=\"background-color:rgba(0, 0, 0, 0)\" class=\"has-inline-color has-luminous-vivid-orange-color\">>> Siga o canal do BEC no WhatsApp<\/mark><\/a><\/strong><\/p>\n\n\n\n<figure class=\"wp-block-image aligncenter size-full\"><a href=\"https:\/\/i0.wp.com\/blogdoeloiltoncajuhy.com.br\/site\/wp-content\/uploads\/2026\/03\/ACM-Neto-e-Ze-Ronaldo-Reproducao-Instagram.jpg?ssl=1\"><img data-recalc-dims=\"1\" fetchpriority=\"high\" decoding=\"async\" width=\"671\" height=\"394\" src=\"https:\/\/i0.wp.com\/blogdoeloiltoncajuhy.com.br\/site\/wp-content\/uploads\/2026\/03\/ACM-Neto-e-Ze-Ronaldo-Reproducao-Instagram.jpg?resize=671%2C394&#038;ssl=1\" alt=\"\" class=\"wp-image-94156\" srcset=\"https:\/\/i0.wp.com\/blogdoeloiltoncajuhy.com.br\/site\/wp-content\/uploads\/2026\/03\/ACM-Neto-e-Ze-Ronaldo-Reproducao-Instagram.jpg?w=671&amp;ssl=1 671w, https:\/\/i0.wp.com\/blogdoeloiltoncajuhy.com.br\/site\/wp-content\/uploads\/2026\/03\/ACM-Neto-e-Ze-Ronaldo-Reproducao-Instagram.jpg?resize=300%2C176&amp;ssl=1 300w\" sizes=\"(max-width: 671px) 100vw, 671px\" \/><\/a><figcaption class=\"wp-element-caption\"><sub>Foto: Reprodu\u00e7\u00e3o \/ Instagram<\/sub><\/figcaption><\/figure>\n\n\n\n<p>O prefeito de Feira de Santana, Z\u00e9 Ronaldo, afirmou que permanecer\u00e1 no comando da prefeitura e n\u00e3o ser\u00e1 candidato a vice-governador nas elei\u00e7\u00f5es de 2026. A declara\u00e7\u00e3o foi dada ao radialista <strong>Dilton Coutinho<\/strong>, durante entrevista ao programa <strong>Acorda Cidade<\/strong>.<\/p>\n\n\n\n<p>Segundo o prefeito, houve conversas sobre a possibilidade de integrar uma chapa majorit\u00e1ria, mas ele decidiu manter o compromisso assumido com a popula\u00e7\u00e3o feirense ao disputar novamente o comando do munic\u00edpio.<\/p>\n\n\n\n<p>\u201cSe eu falar a voc\u00ea que conversas de vice para ser vice existiram ou n\u00e3o existiram, eu estaria mentindo. Existiram e existem. Mas eu tenho a minha posi\u00e7\u00e3o que \u00e9 bem clara com o povo de Feira de Santana\u201d, afirmou.<\/p>\n\n\n\n<p>Z\u00e9 Ronaldo destacou que sempre deixou claro durante a campanha que, caso voltasse a comandar a prefeitura, permaneceria no cargo at\u00e9 o fim do mandato. \u201cSempre falei ao povo de Feira de Santana que se estivesse na prefeitura novamente eu cumpriria todo o meu mandato. Ent\u00e3o isso eu vou cumprir meu mandato, n\u00e3o vou me afastar e n\u00e3o serei candidato a vice-governador\u201d, disse.<\/p>\n","protected":false},"excerpt":{"rendered":"<p>Por Pol\u00edtica ao Vivo >> Siga o canal do BEC no WhatsApp O prefeito de Feira de Santana, Z\u00e9 Ronaldo, afirmou que permanecer\u00e1 no comando da prefeitura e n\u00e3o ser\u00e1 candidato a vice-governador nas elei\u00e7\u00f5es de 2026. A declara\u00e7\u00e3o foi dada ao radialista Dilton Coutinho, durante entrevista ao programa Acorda Cidade. Segundo o prefeito, houve [&hellip;]<\/p>\n","protected":false},"author":2,"featured_media":94156,"comment_status":"open","ping_status":"open","sticky":false,"template":"","format":"standard","meta":{"_acf_changed":false,"_monsterinsights_skip_tracking":false,"_monsterinsights_sitenote_active":false,"_monsterinsights_sitenote_note":"","_monsterinsights_sitenote_category":0,"_jetpack_memberships_contains_paid_content":false,"footnotes":"","jetpack_publicize_message":"","jetpack_publicize_feature_enabled":true,"jetpack_social_post_already_shared":true,"jetpack_social_options":{"image_generator_settings":{"template":"highway","default_image_id":0,"font":"","enabled":false},"version":2}},"categories":[3],"tags":[],"class_list":["post-94155","post","type-post","status-publish","format-standard","has-post-thumbnail","hentry","category-politica"],"acf":[],"jetpack_publicize_connections":[],"jetpack_featured_media_url":"https:\/\/i0.wp.com\/blogdoeloiltoncajuhy.com.br\/site\/wp-content\/uploads\/2026\/03\/ACM-Neto-e-Ze-Ronaldo-Reproducao-Instagram.jpg?fit=671%2C394&ssl=1","jetpack_sharing_enabled":true,"publishpress_future_workflow_manual_trigger":{"enabledWorkflows":[]},"_links":{"self":[{"href":"https:\/\/blogdoeloiltoncajuhy.com.br\/site\/wp-json\/wp\/v2\/posts\/94155","targetHints":{"allow":["GET"]}}],"collection":[{"href":"https:\/\/blogdoeloiltoncajuhy.com.br\/site\/wp-json\/wp\/v2\/posts"}],"about":[{"href":"https:\/\/blogdoeloiltoncajuhy.com.br\/site\/wp-json\/wp\/v2\/types\/post"}],"author":[{"embeddable":true,"href":"https:\/\/blogdoeloiltoncajuhy.com.br\/site\/wp-json\/wp\/v2\/users\/2"}],"replies":[{"embeddable":true,"href":"https:\/\/blogdoeloiltoncajuhy.com.br\/site\/wp-json\/wp\/v2\/comments?post=94155"}],"version-history":[{"count":1,"href":"https:\/\/blogdoeloiltoncajuhy.com.br\/site\/wp-json\/wp\/v2\/posts\/94155\/revisions"}],"predecessor-version":[{"id":94157,"href":"https:\/\/blogdoeloiltoncajuhy.com.br\/site\/wp-json\/wp\/v2\/posts\/94155\/revisions\/94157"}],"wp:featuredmedia":[{"embeddable":true,"href":"https:\/\/blogdoeloiltoncajuhy.com.br\/site\/wp-json\/wp\/v2\/media\/94156"}],"wp:attachment":[{"href":"https:\/\/blogdoeloiltoncajuhy.com.br\/site\/wp-json\/wp\/v2\/media?parent=94155"}],"wp:term":[{"taxonomy":"category","embeddable":true,"href":"https:\/\/blogdoeloiltoncajuhy.com.br\/site\/wp-json\/wp\/v2\/categories?post=94155"},{"taxonomy":"post_tag","embeddable":true,"href":"https:\/\/blogdoeloiltoncajuhy.com.br\/site\/wp-json\/wp\/v2\/tags?post=94155"}],"curies":[{"name":"wp","href":"https:\/\/api.w.org\/{rel}","templated":true}]}}