{"id":94152,"date":"2026-03-09T14:48:17","date_gmt":"2026-03-09T17:48:17","guid":{"rendered":"https:\/\/blogdoeloiltoncajuhy.com.br\/site\/?p=94152"},"modified":"2026-03-09T14:48:19","modified_gmt":"2026-03-09T17:48:19","slug":"andre-fidalgo-articula-dialogo-e-ajuda-a-aproximar-filadelfia-da-base-do-governo-jeronimo","status":"publish","type":"post","link":"https:\/\/blogdoeloiltoncajuhy.com.br\/site\/andre-fidalgo-articula-dialogo-e-ajuda-a-aproximar-filadelfia-da-base-do-governo-jeronimo\/","title":{"rendered":"Andr\u00e9 Fidalgo articula di\u00e1logo e ajuda a aproximar Filad\u00e9lfia da base do governo Jer\u00f4nimo"},"content":{"rendered":"\n<p><strong>Por Pol\u00edtica ao Vivo<\/strong><\/p>\n\n\n\n<p><strong><a href=\"https:\/\/whatsapp.com\/channel\/0029VaAT7tDLI8Yfj5y9Z50Z\" target=\"_blank\" rel=\"noreferrer noopener\"><mark style=\"background-color:rgba(0, 0, 0, 0)\" class=\"has-inline-color has-luminous-vivid-orange-color\">>> Siga o canal do BEC no WhatsApp<\/mark><\/a><\/strong><\/p>\n\n\n\n<figure class=\"wp-block-image aligncenter size-full\"><a href=\"https:\/\/i0.wp.com\/blogdoeloiltoncajuhy.com.br\/site\/wp-content\/uploads\/2026\/03\/Prefeito-de-Filadelfia-e-Jeronimo-Foto-Politica-ao-Vivo.png?ssl=1\"><img data-recalc-dims=\"1\" fetchpriority=\"high\" decoding=\"async\" width=\"780\" height=\"521\" src=\"https:\/\/i0.wp.com\/blogdoeloiltoncajuhy.com.br\/site\/wp-content\/uploads\/2026\/03\/Prefeito-de-Filadelfia-e-Jeronimo-Foto-Politica-ao-Vivo.png?resize=780%2C521&#038;ssl=1\" alt=\"\" class=\"wp-image-94153\" srcset=\"https:\/\/i0.wp.com\/blogdoeloiltoncajuhy.com.br\/site\/wp-content\/uploads\/2026\/03\/Prefeito-de-Filadelfia-e-Jeronimo-Foto-Politica-ao-Vivo.png?w=780&amp;ssl=1 780w, https:\/\/i0.wp.com\/blogdoeloiltoncajuhy.com.br\/site\/wp-content\/uploads\/2026\/03\/Prefeito-de-Filadelfia-e-Jeronimo-Foto-Politica-ao-Vivo.png?resize=300%2C200&amp;ssl=1 300w, https:\/\/i0.wp.com\/blogdoeloiltoncajuhy.com.br\/site\/wp-content\/uploads\/2026\/03\/Prefeito-de-Filadelfia-e-Jeronimo-Foto-Politica-ao-Vivo.png?resize=768%2C513&amp;ssl=1 768w\" sizes=\"(max-width: 780px) 100vw, 780px\" \/><\/a><figcaption class=\"wp-element-caption\"><sub>Foto: Reprodu\u00e7\u00e3o \/ Pol\u00edtica ao Vivo<\/sub><\/figcaption><\/figure>\n\n\n\n<p>O superintendente da Desenbahia e pr\u00e9-candidato a deputado estadual, Andr\u00e9 Fidalgo tem atuado nos bastidores da pol\u00edtica baiana na constru\u00e7\u00e3o de pontes, entre lideran\u00e7as municipais e o Governo do Estado. Um exemplo recente foi a articula\u00e7\u00e3o que resultou em uma audi\u00eancia do prefeito Andr\u00e9 Maia e de lideran\u00e7as do munic\u00edpio de Filad\u00e9lfia com o governador Jer\u00f4nimo Rodrigues.<\/p>\n\n\n\n<p>A reuni\u00e3o contou com a presen\u00e7a do prefeito, do vice-prefeito Rodrigo Maia, secret\u00e1rios municipais, vereadores da base e representantes de diversas \u00e1reas do governo estadual, como sa\u00fade, educa\u00e7\u00e3o e infraestrutura. O encontro abriu caminho para uma agenda de investimentos e coopera\u00e7\u00e3o institucional entre o munic\u00edpio e o Estado.<\/p>\n\n\n\n<p>Segundo Fidalgo, o di\u00e1logo que possibilitou o encontro foi constru\u00eddo ao longo de 2025, com diversas conversas e articula\u00e7\u00f5es junto ao governo e \u00e0s lideran\u00e7as locais.<\/p>\n\n\n\n<p>\u201cEu me envolvi pessoalmente para que essa agenda acontecesse. Foram v\u00e1rias reuni\u00f5es ao longo do \u00faltimo ano, buscando construir um entendimento sobre como criar uma agenda positiva para Filad\u00e9lfia\u201d, afirmou.<\/p>\n\n\n\n<p>Para Andr\u00e9, o encontro simbolizou um momento importante de articula\u00e7\u00e3o e aproxima\u00e7\u00e3o com o Governo do Estado. Ele destacou ainda, a iniciativa da gest\u00e3o municipal em buscar parcerias que contribuam para o desenvolvimento do munic\u00edpio.<\/p>\n\n\n\n<p>\u201cO prefeito e o vice tiveram coragem de dialogar e construir um novo caminho para Filad\u00e9lfia. Quem ganha com isso \u00e9 a popula\u00e7\u00e3o\u201d, disse.<\/p>\n\n\n\n<p>Segundo o pr\u00e9-candidato, a reuni\u00e3o marcou o in\u00edcio de uma nova etapa de coopera\u00e7\u00e3o entre o munic\u00edpio e o governo estadual.<\/p>\n\n\n\n<p>\u201cA agenda foi muito propositiva e abre a perspectiva de novos investimentos, que tragam mais pol\u00edticas p\u00fablicas para as pessoas que moram em Filad\u00e9lfia e regi\u00e3o\u201d, destacou.<\/p>\n\n\n\n<p>Ao final deste m\u00eas, Andr\u00e9 Fidalgo deixa o cargo de superintendente da Desenbahia, para disputar uma vaga na Assembleia Legislativa da Bahia. Ele trabalha pela amplia\u00e7\u00e3o da base de apoio ao governo Jer\u00f4nimo Rodrigues.<\/p>\n","protected":false},"excerpt":{"rendered":"<p>Por Pol\u00edtica ao Vivo >> Siga o canal do BEC no WhatsApp O superintendente da Desenbahia e pr\u00e9-candidato a deputado estadual, Andr\u00e9 Fidalgo tem atuado nos bastidores da pol\u00edtica baiana na constru\u00e7\u00e3o de pontes, entre lideran\u00e7as municipais e o Governo do Estado. Um exemplo recente foi a articula\u00e7\u00e3o que resultou em uma audi\u00eancia do prefeito [&hellip;]<\/p>\n","protected":false},"author":2,"featured_media":94153,"comment_status":"open","ping_status":"open","sticky":false,"template":"","format":"standard","meta":{"_acf_changed":false,"_monsterinsights_skip_tracking":false,"_monsterinsights_sitenote_active":false,"_monsterinsights_sitenote_note":"","_monsterinsights_sitenote_category":0,"_jetpack_memberships_contains_paid_content":false,"footnotes":"","jetpack_publicize_message":"","jetpack_publicize_feature_enabled":true,"jetpack_social_post_already_shared":true,"jetpack_social_options":{"image_generator_settings":{"template":"highway","default_image_id":0,"font":"","enabled":false},"version":2}},"categories":[3],"tags":[],"class_list":["post-94152","post","type-post","status-publish","format-standard","has-post-thumbnail","hentry","category-politica"],"acf":[],"jetpack_publicize_connections":[],"jetpack_featured_media_url":"https:\/\/i0.wp.com\/blogdoeloiltoncajuhy.com.br\/site\/wp-content\/uploads\/2026\/03\/Prefeito-de-Filadelfia-e-Jeronimo-Foto-Politica-ao-Vivo.png?fit=780%2C521&ssl=1","jetpack_sharing_enabled":true,"publishpress_future_workflow_manual_trigger":{"enabledWorkflows":[]},"_links":{"self":[{"href":"https:\/\/blogdoeloiltoncajuhy.com.br\/site\/wp-json\/wp\/v2\/posts\/94152","targetHints":{"allow":["GET"]}}],"collection":[{"href":"https:\/\/blogdoeloiltoncajuhy.com.br\/site\/wp-json\/wp\/v2\/posts"}],"about":[{"href":"https:\/\/blogdoeloiltoncajuhy.com.br\/site\/wp-json\/wp\/v2\/types\/post"}],"author":[{"embeddable":true,"href":"https:\/\/blogdoeloiltoncajuhy.com.br\/site\/wp-json\/wp\/v2\/users\/2"}],"replies":[{"embeddable":true,"href":"https:\/\/blogdoeloiltoncajuhy.com.br\/site\/wp-json\/wp\/v2\/comments?post=94152"}],"version-history":[{"count":1,"href":"https:\/\/blogdoeloiltoncajuhy.com.br\/site\/wp-json\/wp\/v2\/posts\/94152\/revisions"}],"predecessor-version":[{"id":94154,"href":"https:\/\/blogdoeloiltoncajuhy.com.br\/site\/wp-json\/wp\/v2\/posts\/94152\/revisions\/94154"}],"wp:featuredmedia":[{"embeddable":true,"href":"https:\/\/blogdoeloiltoncajuhy.com.br\/site\/wp-json\/wp\/v2\/media\/94153"}],"wp:attachment":[{"href":"https:\/\/blogdoeloiltoncajuhy.com.br\/site\/wp-json\/wp\/v2\/media?parent=94152"}],"wp:term":[{"taxonomy":"category","embeddable":true,"href":"https:\/\/blogdoeloiltoncajuhy.com.br\/site\/wp-json\/wp\/v2\/categories?post=94152"},{"taxonomy":"post_tag","embeddable":true,"href":"https:\/\/blogdoeloiltoncajuhy.com.br\/site\/wp-json\/wp\/v2\/tags?post=94152"}],"curies":[{"name":"wp","href":"https:\/\/api.w.org\/{rel}","templated":true}]}}