{"id":94149,"date":"2026-03-09T09:00:23","date_gmt":"2026-03-09T12:00:23","guid":{"rendered":"https:\/\/blogdoeloiltoncajuhy.com.br\/site\/?p=94149"},"modified":"2026-03-09T09:00:25","modified_gmt":"2026-03-09T12:00:25","slug":"seis-pessoas-sao-presas-suspeitas-de-envolvimento-na-morte-de-pm-em-santaluz","status":"publish","type":"post","link":"https:\/\/blogdoeloiltoncajuhy.com.br\/site\/seis-pessoas-sao-presas-suspeitas-de-envolvimento-na-morte-de-pm-em-santaluz\/","title":{"rendered":"Seis pessoas s\u00e3o presas suspeitas de envolvimento na morte de PM em Santaluz"},"content":{"rendered":"\n<p class=\"has-medium-font-size\"><strong>Sargento da Pol\u00edcia Militar, Vagner Carneiro Firmo, foi assassinado a tiros na zona rural de Santaluz, no nordeste da Bahia, no s\u00e1bado (7)<\/strong><\/p>\n\n\n\n<p><strong>Por g1 BA<\/strong><\/p>\n\n\n\n<p><strong><a href=\"https:\/\/whatsapp.com\/channel\/0029VaAT7tDLI8Yfj5y9Z50Z\" target=\"_blank\" rel=\"noreferrer noopener\"><mark style=\"background-color:rgba(0, 0, 0, 0)\" class=\"has-inline-color has-luminous-vivid-orange-color\">>> Siga o canal do BEC no WhatsApp<\/mark><\/a><\/strong><\/p>\n\n\n\n<figure class=\"wp-block-image aligncenter size-full\"><a href=\"https:\/\/i0.wp.com\/blogdoeloiltoncajuhy.com.br\/site\/wp-content\/uploads\/2026\/03\/Seis-pessoas-sao-presas-suspeitas-de-envolvimento-na-morte-de-PM-na-Bahia-%E2%80%94-Foto-Divulgacao-Ascom-PCBA.jpg?ssl=1\"><img data-recalc-dims=\"1\" fetchpriority=\"high\" decoding=\"async\" width=\"780\" height=\"468\" src=\"https:\/\/i0.wp.com\/blogdoeloiltoncajuhy.com.br\/site\/wp-content\/uploads\/2026\/03\/Seis-pessoas-sao-presas-suspeitas-de-envolvimento-na-morte-de-PM-na-Bahia-%E2%80%94-Foto-Divulgacao-Ascom-PCBA.jpg?resize=780%2C468&#038;ssl=1\" alt=\"\" class=\"wp-image-94150\" srcset=\"https:\/\/i0.wp.com\/blogdoeloiltoncajuhy.com.br\/site\/wp-content\/uploads\/2026\/03\/Seis-pessoas-sao-presas-suspeitas-de-envolvimento-na-morte-de-PM-na-Bahia-%E2%80%94-Foto-Divulgacao-Ascom-PCBA.jpg?w=780&amp;ssl=1 780w, https:\/\/i0.wp.com\/blogdoeloiltoncajuhy.com.br\/site\/wp-content\/uploads\/2026\/03\/Seis-pessoas-sao-presas-suspeitas-de-envolvimento-na-morte-de-PM-na-Bahia-%E2%80%94-Foto-Divulgacao-Ascom-PCBA.jpg?resize=300%2C180&amp;ssl=1 300w, https:\/\/i0.wp.com\/blogdoeloiltoncajuhy.com.br\/site\/wp-content\/uploads\/2026\/03\/Seis-pessoas-sao-presas-suspeitas-de-envolvimento-na-morte-de-PM-na-Bahia-%E2%80%94-Foto-Divulgacao-Ascom-PCBA.jpg?resize=768%2C461&amp;ssl=1 768w\" sizes=\"(max-width: 780px) 100vw, 780px\" \/><\/a><figcaption class=\"wp-element-caption\"><sub>Seis pessoas s\u00e3o presas suspeitas de envolvimento na morte de PM na Bahia \u2014 Foto: Divulga\u00e7\u00e3o\/Ascom-PCBA<\/sub><\/figcaption><\/figure>\n\n\n\n<p>Seis pessoas foram presas suspeitas de envolvimento na morte do <strong><mark style=\"background-color:rgba(0, 0, 0, 0)\" class=\"has-inline-color has-black-color\">sargento da Pol\u00edcia Militar Vagner Carneiro Firmo<\/mark><\/strong>, assassinado a tiros na zona rural de Santaluz, no nordeste da Bahia. Os mandados de pris\u00e3o preventiva foram cumpridos durante uma a\u00e7\u00e3o das Pol\u00edcia Civil e Militar, no s\u00e1bado (7).<\/p>\n\n\n\n<p>Al\u00e9m das pris\u00f5es, duas pessoas morreram durante a a\u00e7\u00e3o policial, sendo uma delas um adolescente de 17 anos. Conforme a pol\u00edcia, o jovem e outro homem trocaram tiros com os policiais e foram atingidos.<\/p>\n\n\n\n<p>Ambos foram socorridos, mas n\u00e3o resistiram aos ferimentos. Duas armas de fogo foram apreendidas com a dupla.<\/p>\n\n\n\n<p>Segundo informa\u00e7\u00f5es apuradas pela <strong>TV Bahia<\/strong> com a Pol\u00edcia Militar, o sargento Vagner estava de folga no dia em que foi alvejado. Ele foi at\u00e9 uma \u00e1rea de mata da regi\u00e3o, ap\u00f3s receber relatos sobre uma barraca de lona e a presen\u00e7a de suspeitos escondidos. Ao se aproximar para verificar a situa\u00e7\u00e3o, ele foi atingido por disparos e os respons\u00e1veis fugiram.<\/p>\n\n\n\n<p>Conforme as investiga\u00e7\u00f5es da Pol\u00edcia Civil, o policial teria encontrado um dos suspeitos do lado de fora da barraca e conseguido rend\u00ea-lo. Por\u00e9m, outros dois homens que estavam dentro da estrutura atiraram contra ele.<\/p>\n\n\n\n<p>As apura\u00e7\u00f5es indicam ainda que os suspeitos de matar o sargento tamb\u00e9m estariam envolvidos na morte de outro homem, assassinado em Santaluz no dia 4 de mar\u00e7o. A v\u00edtima foi identificada como Railton da Silva Reis, de 24 anos.<\/p>\n\n\n\n<p>Em nota, a pol\u00edcia informou que as investiga\u00e7\u00f5es sobre o caso seguem em andamento.<\/p>\n\n\n\n<figure class=\"wp-block-image aligncenter size-full\"><a href=\"https:\/\/i0.wp.com\/blogdoeloiltoncajuhy.com.br\/site\/wp-content\/uploads\/2026\/03\/Sargento-da-PM-Vagner-Carneiro-%E2%80%94-Foto-PM-BA.jpg\"><img data-recalc-dims=\"1\" decoding=\"async\" width=\"780\" height=\"520\" src=\"https:\/\/i0.wp.com\/blogdoeloiltoncajuhy.com.br\/site\/wp-content\/uploads\/2026\/03\/Sargento-da-PM-Vagner-Carneiro-%E2%80%94-Foto-PM-BA.jpg?resize=780%2C520\" alt=\"\" class=\"wp-image-94126\" srcset=\"https:\/\/i0.wp.com\/blogdoeloiltoncajuhy.com.br\/site\/wp-content\/uploads\/2026\/03\/Sargento-da-PM-Vagner-Carneiro-%E2%80%94-Foto-PM-BA.jpg?w=780&amp;ssl=1 780w, https:\/\/i0.wp.com\/blogdoeloiltoncajuhy.com.br\/site\/wp-content\/uploads\/2026\/03\/Sargento-da-PM-Vagner-Carneiro-%E2%80%94-Foto-PM-BA.jpg?resize=300%2C200&amp;ssl=1 300w, https:\/\/i0.wp.com\/blogdoeloiltoncajuhy.com.br\/site\/wp-content\/uploads\/2026\/03\/Sargento-da-PM-Vagner-Carneiro-%E2%80%94-Foto-PM-BA.jpg?resize=768%2C512&amp;ssl=1 768w\" sizes=\"(max-width: 780px) 100vw, 780px\" \/><\/a><figcaption class=\"wp-element-caption\"><sub>Sargento da PM Vagner Carneiro \u2014 Foto: PM-BA<\/sub><\/figcaption><\/figure>\n","protected":false},"excerpt":{"rendered":"<p>Sargento da Pol\u00edcia Militar, Vagner Carneiro Firmo, foi assassinado a tiros na zona rural de Santaluz, no nordeste da Bahia, no s\u00e1bado (7) Por g1 BA >> Siga o canal do BEC no WhatsApp Seis pessoas foram presas suspeitas de envolvimento na morte do sargento da Pol\u00edcia Militar Vagner Carneiro Firmo, assassinado a tiros na [&hellip;]<\/p>\n","protected":false},"author":2,"featured_media":94150,"comment_status":"open","ping_status":"open","sticky":false,"template":"","format":"standard","meta":{"_acf_changed":false,"_monsterinsights_skip_tracking":false,"_monsterinsights_sitenote_active":false,"_monsterinsights_sitenote_note":"","_monsterinsights_sitenote_category":0,"_jetpack_memberships_contains_paid_content":false,"footnotes":"","jetpack_publicize_message":"","jetpack_publicize_feature_enabled":true,"jetpack_social_post_already_shared":true,"jetpack_social_options":{"image_generator_settings":{"template":"highway","default_image_id":0,"font":"","enabled":false},"version":2}},"categories":[15],"tags":[],"class_list":["post-94149","post","type-post","status-publish","format-standard","has-post-thumbnail","hentry","category-policia"],"acf":[],"jetpack_publicize_connections":[],"jetpack_featured_media_url":"https:\/\/i0.wp.com\/blogdoeloiltoncajuhy.com.br\/site\/wp-content\/uploads\/2026\/03\/Seis-pessoas-sao-presas-suspeitas-de-envolvimento-na-morte-de-PM-na-Bahia-%E2%80%94-Foto-Divulgacao-Ascom-PCBA.jpg?fit=780%2C468&ssl=1","jetpack_sharing_enabled":true,"publishpress_future_workflow_manual_trigger":{"enabledWorkflows":[]},"_links":{"self":[{"href":"https:\/\/blogdoeloiltoncajuhy.com.br\/site\/wp-json\/wp\/v2\/posts\/94149","targetHints":{"allow":["GET"]}}],"collection":[{"href":"https:\/\/blogdoeloiltoncajuhy.com.br\/site\/wp-json\/wp\/v2\/posts"}],"about":[{"href":"https:\/\/blogdoeloiltoncajuhy.com.br\/site\/wp-json\/wp\/v2\/types\/post"}],"author":[{"embeddable":true,"href":"https:\/\/blogdoeloiltoncajuhy.com.br\/site\/wp-json\/wp\/v2\/users\/2"}],"replies":[{"embeddable":true,"href":"https:\/\/blogdoeloiltoncajuhy.com.br\/site\/wp-json\/wp\/v2\/comments?post=94149"}],"version-history":[{"count":1,"href":"https:\/\/blogdoeloiltoncajuhy.com.br\/site\/wp-json\/wp\/v2\/posts\/94149\/revisions"}],"predecessor-version":[{"id":94151,"href":"https:\/\/blogdoeloiltoncajuhy.com.br\/site\/wp-json\/wp\/v2\/posts\/94149\/revisions\/94151"}],"wp:featuredmedia":[{"embeddable":true,"href":"https:\/\/blogdoeloiltoncajuhy.com.br\/site\/wp-json\/wp\/v2\/media\/94150"}],"wp:attachment":[{"href":"https:\/\/blogdoeloiltoncajuhy.com.br\/site\/wp-json\/wp\/v2\/media?parent=94149"}],"wp:term":[{"taxonomy":"category","embeddable":true,"href":"https:\/\/blogdoeloiltoncajuhy.com.br\/site\/wp-json\/wp\/v2\/categories?post=94149"},{"taxonomy":"post_tag","embeddable":true,"href":"https:\/\/blogdoeloiltoncajuhy.com.br\/site\/wp-json\/wp\/v2\/tags?post=94149"}],"curies":[{"name":"wp","href":"https:\/\/api.w.org\/{rel}","templated":true}]}}