{"id":94146,"date":"2026-03-09T08:43:34","date_gmt":"2026-03-09T11:43:34","guid":{"rendered":"https:\/\/blogdoeloiltoncajuhy.com.br\/site\/?p=94146"},"modified":"2026-03-09T08:43:35","modified_gmt":"2026-03-09T11:43:35","slug":"corpo-de-homem-e-encontrado-dentro-de-carrinho-de-compras-em-avenida-de-salvador","status":"publish","type":"post","link":"https:\/\/blogdoeloiltoncajuhy.com.br\/site\/corpo-de-homem-e-encontrado-dentro-de-carrinho-de-compras-em-avenida-de-salvador\/","title":{"rendered":"Corpo de homem \u00e9 encontrado dentro de carrinho de compras em avenida de Salvador"},"content":{"rendered":"\n<p class=\"has-medium-font-size\"><strong>Caso aconteceu na Avenida Jequitaia, na manh\u00e3 desta segunda-feira (9). Pol\u00edcia investiga autoria e motiva\u00e7\u00e3o do crime<\/strong><\/p>\n\n\n\n<p><strong>Por g1 BA e TV Bahia<\/strong><\/p>\n\n\n\n<p><strong><a href=\"https:\/\/whatsapp.com\/channel\/0029VaAT7tDLI8Yfj5y9Z50Z\" target=\"_blank\" rel=\"noreferrer noopener\"><mark style=\"background-color:rgba(0, 0, 0, 0)\" class=\"has-inline-color has-luminous-vivid-orange-color\">>> Siga o canal do BEC no WhatsApp<\/mark><\/a><\/strong><\/p>\n\n\n\n<figure class=\"wp-block-image aligncenter size-full\"><a href=\"https:\/\/i0.wp.com\/blogdoeloiltoncajuhy.com.br\/site\/wp-content\/uploads\/2026\/03\/Corpo-de-homem-encontrado-dentro-de-carro-de-compras-%E2%80%94-Foto-Reproducao-TV-Bahia.jpg?ssl=1\"><img data-recalc-dims=\"1\" fetchpriority=\"high\" decoding=\"async\" width=\"780\" height=\"429\" src=\"https:\/\/i0.wp.com\/blogdoeloiltoncajuhy.com.br\/site\/wp-content\/uploads\/2026\/03\/Corpo-de-homem-encontrado-dentro-de-carro-de-compras-%E2%80%94-Foto-Reproducao-TV-Bahia.jpg?resize=780%2C429&#038;ssl=1\" alt=\"\" class=\"wp-image-94147\" srcset=\"https:\/\/i0.wp.com\/blogdoeloiltoncajuhy.com.br\/site\/wp-content\/uploads\/2026\/03\/Corpo-de-homem-encontrado-dentro-de-carro-de-compras-%E2%80%94-Foto-Reproducao-TV-Bahia.jpg?w=780&amp;ssl=1 780w, https:\/\/i0.wp.com\/blogdoeloiltoncajuhy.com.br\/site\/wp-content\/uploads\/2026\/03\/Corpo-de-homem-encontrado-dentro-de-carro-de-compras-%E2%80%94-Foto-Reproducao-TV-Bahia.jpg?resize=300%2C165&amp;ssl=1 300w, https:\/\/i0.wp.com\/blogdoeloiltoncajuhy.com.br\/site\/wp-content\/uploads\/2026\/03\/Corpo-de-homem-encontrado-dentro-de-carro-de-compras-%E2%80%94-Foto-Reproducao-TV-Bahia.jpg?resize=768%2C422&amp;ssl=1 768w\" sizes=\"(max-width: 780px) 100vw, 780px\" \/><\/a><figcaption class=\"wp-element-caption\"><sub>Corpo de homem morto \u00e9 encontrado dentro de carro de compras em avenida de Salvador \u2014 Foto: Reprodu\u00e7\u00e3o\/TV Bahia<\/sub><\/figcaption><\/figure>\n\n\n\n<p>O corpo de um homem foi encontrado dentro de um carrinho de compras na manh\u00e3 desta segunda-feira (9), na Avenida Jequitaia, uma das principais de Salvador.<\/p>\n\n\n\n<p>Segundo informa\u00e7\u00f5es apuradas pela <strong>TV Bahia<\/strong>, os policiais encontraram a v\u00edtima por volta das 6h ap\u00f3s serem acionados por pessoas que passaram pelo local. O corpo estava amarrado no carro de compras.<\/p>\n\n\n\n<p>Ainda n\u00e3o h\u00e1 informa\u00e7\u00f5es sobre a identidade dele e nem sobre a autoria e motiva\u00e7\u00e3o do crime.<\/p>\n\n\n\n<p>Equipes do Departamento de Pol\u00edcia T\u00e9cnica (DPT) foram ao local e iniciaram o trabalho de per\u00edcia. Por causa disso, uma das faixas da avenida, sentido Avenida Suburbana, foi bloqueada e o tr\u00e2nsito ficou lento.<\/p>\n","protected":false},"excerpt":{"rendered":"<p>Caso aconteceu na Avenida Jequitaia, na manh\u00e3 desta segunda-feira (9). Pol\u00edcia investiga autoria e motiva\u00e7\u00e3o do crime Por g1 BA e TV Bahia >> Siga o canal do BEC no WhatsApp O corpo de um homem foi encontrado dentro de um carrinho de compras na manh\u00e3 desta segunda-feira (9), na Avenida Jequitaia, uma das principais [&hellip;]<\/p>\n","protected":false},"author":2,"featured_media":94147,"comment_status":"open","ping_status":"open","sticky":false,"template":"","format":"standard","meta":{"_acf_changed":false,"_monsterinsights_skip_tracking":false,"_monsterinsights_sitenote_active":false,"_monsterinsights_sitenote_note":"","_monsterinsights_sitenote_category":0,"_jetpack_memberships_contains_paid_content":false,"footnotes":"","jetpack_publicize_message":"","jetpack_publicize_feature_enabled":true,"jetpack_social_post_already_shared":true,"jetpack_social_options":{"image_generator_settings":{"template":"highway","default_image_id":0,"font":"","enabled":false},"version":2}},"categories":[15],"tags":[],"class_list":["post-94146","post","type-post","status-publish","format-standard","has-post-thumbnail","hentry","category-policia"],"acf":[],"jetpack_publicize_connections":[],"jetpack_featured_media_url":"https:\/\/i0.wp.com\/blogdoeloiltoncajuhy.com.br\/site\/wp-content\/uploads\/2026\/03\/Corpo-de-homem-encontrado-dentro-de-carro-de-compras-%E2%80%94-Foto-Reproducao-TV-Bahia.jpg?fit=780%2C429&ssl=1","jetpack_sharing_enabled":true,"publishpress_future_workflow_manual_trigger":{"enabledWorkflows":[]},"_links":{"self":[{"href":"https:\/\/blogdoeloiltoncajuhy.com.br\/site\/wp-json\/wp\/v2\/posts\/94146","targetHints":{"allow":["GET"]}}],"collection":[{"href":"https:\/\/blogdoeloiltoncajuhy.com.br\/site\/wp-json\/wp\/v2\/posts"}],"about":[{"href":"https:\/\/blogdoeloiltoncajuhy.com.br\/site\/wp-json\/wp\/v2\/types\/post"}],"author":[{"embeddable":true,"href":"https:\/\/blogdoeloiltoncajuhy.com.br\/site\/wp-json\/wp\/v2\/users\/2"}],"replies":[{"embeddable":true,"href":"https:\/\/blogdoeloiltoncajuhy.com.br\/site\/wp-json\/wp\/v2\/comments?post=94146"}],"version-history":[{"count":1,"href":"https:\/\/blogdoeloiltoncajuhy.com.br\/site\/wp-json\/wp\/v2\/posts\/94146\/revisions"}],"predecessor-version":[{"id":94148,"href":"https:\/\/blogdoeloiltoncajuhy.com.br\/site\/wp-json\/wp\/v2\/posts\/94146\/revisions\/94148"}],"wp:featuredmedia":[{"embeddable":true,"href":"https:\/\/blogdoeloiltoncajuhy.com.br\/site\/wp-json\/wp\/v2\/media\/94147"}],"wp:attachment":[{"href":"https:\/\/blogdoeloiltoncajuhy.com.br\/site\/wp-json\/wp\/v2\/media?parent=94146"}],"wp:term":[{"taxonomy":"category","embeddable":true,"href":"https:\/\/blogdoeloiltoncajuhy.com.br\/site\/wp-json\/wp\/v2\/categories?post=94146"},{"taxonomy":"post_tag","embeddable":true,"href":"https:\/\/blogdoeloiltoncajuhy.com.br\/site\/wp-json\/wp\/v2\/tags?post=94146"}],"curies":[{"name":"wp","href":"https:\/\/api.w.org\/{rel}","templated":true}]}}