{"id":94139,"date":"2026-03-08T17:16:51","date_gmt":"2026-03-08T20:16:51","guid":{"rendered":"https:\/\/blogdoeloiltoncajuhy.com.br\/site\/?p=94139"},"modified":"2026-03-08T17:16:53","modified_gmt":"2026-03-08T20:16:53","slug":"entre-flores-e-lagrimas-quando-o-8-de-marco-tambem-precisa-chorar","status":"publish","type":"post","link":"https:\/\/blogdoeloiltoncajuhy.com.br\/site\/entre-flores-e-lagrimas-quando-o-8-de-marco-tambem-precisa-chorar\/","title":{"rendered":"Entre flores e l\u00e1grimas: Quando o 8 de Mar\u00e7o tamb\u00e9m precisa chorar"},"content":{"rendered":"\n<p><strong>Por Gl\u00f3ria da Paz<\/strong><\/p>\n\n\n\n<p><strong><a href=\"https:\/\/whatsapp.com\/channel\/0029VaAT7tDLI8Yfj5y9Z50Z\" target=\"_blank\" rel=\"noreferrer noopener\"><mark style=\"background-color:rgba(0, 0, 0, 0)\" class=\"has-inline-color has-luminous-vivid-orange-color\">>> Siga o canal do BEC no WhatsApp<\/mark><\/a><\/strong><\/p>\n\n\n\n<figure class=\"wp-block-image aligncenter size-full is-resized\"><a href=\"https:\/\/i0.wp.com\/blogdoeloiltoncajuhy.com.br\/site\/wp-content\/uploads\/2026\/03\/Dia-da-Mulher_Reflexao_ChatGPT-Image-8-de-mar-de-2026.png\"><img data-recalc-dims=\"1\" fetchpriority=\"high\" decoding=\"async\" width=\"533\" height=\"800\" src=\"https:\/\/i0.wp.com\/blogdoeloiltoncajuhy.com.br\/site\/wp-content\/uploads\/2026\/03\/Dia-da-Mulher_Reflexao_ChatGPT-Image-8-de-mar-de-2026.png?resize=533%2C800\" alt=\"\" class=\"wp-image-94140\" style=\"width:468px;height:auto\" srcset=\"https:\/\/i0.wp.com\/blogdoeloiltoncajuhy.com.br\/site\/wp-content\/uploads\/2026\/03\/Dia-da-Mulher_Reflexao_ChatGPT-Image-8-de-mar-de-2026.png?w=533&amp;ssl=1 533w, https:\/\/i0.wp.com\/blogdoeloiltoncajuhy.com.br\/site\/wp-content\/uploads\/2026\/03\/Dia-da-Mulher_Reflexao_ChatGPT-Image-8-de-mar-de-2026.png?resize=200%2C300&amp;ssl=1 200w\" sizes=\"(max-width: 533px) 100vw, 533px\" \/><\/a><figcaption class=\"wp-element-caption\"><sub>Imagem ilustrativa gerada por IA<\/sub><\/figcaption><\/figure>\n\n\n\n<p>Eu hoje queria contar as coisas boas que resultam das lutas das mulheres. Ah, como eu gostaria de falar sobre as vit\u00f3rias conquistadas, sobre os amores bem amados, sobre uma vida bem mais leve, sem medos, sem cabrestos e sem receios. Infelizmente, o que temos visto ultimamente n\u00e3o me deixa \u00e0 vontade para tal feito.<\/p>\n\n\n\n<p>N\u00e3o d\u00e1 pra ficar amorda\u00e7ada, cega, acomodada ou agraciada com mimos e palavras doces do dia 8 de mar\u00e7o, quando vimos dezenas de MENINAS serem assassinadas de uma s\u00f3 vez, e dentro de uma ESCOLA. N\u00e3o d\u00e1 pra sentir alegria quando somos informadas que mais uma garota foi seviciada por garotos amigos, inclusive um EX- NAMORADO.<\/p>\n\n\n\n<p>Pelas m\u00e3os de quem, tudo isso est\u00e1 acontecendo? Voc\u00ea pode at\u00e9 responder: m\u00e3os da guerra, m\u00e3os de jovens delinquentes. E eu devolvo: &#8211; mas de quem s\u00e3o as m\u00e3os da guerra e de jovens delinquentes? A quem pertencem estas m\u00e3os?<\/p>\n\n\n\n<p>N\u00e3o quero usar o momento pra instigar querelas nem antagonismos, quero apenas que reflitamos sobre a matan\u00e7a e as viol\u00eancias, sejam elas sexuais, psicol\u00f3gicas, financeiras, biol\u00f3gicas ou outras \u201c l\u00f3gicas\u201d que nos circundam todos os dias.<\/p>\n\n\n\n<p>Aproveito a mesma tinta para falar que todos os dias meninas, adolescentes e mulheres s\u00e3o assediadas na escola, no trabalho, nas ruas, dentro de casa, e at\u00e9 nos templos religiosos. Muitos desses ass\u00e9dios terminam vitimando-as, n\u00e3o s\u00f3 f\u00edsica como tamb\u00e9m psicologicamente. Quem \u00e9 que vai pagar (?) por isso? Quem \u00e9 que vai parar com tudo isso? Quais s\u00e3o os interesses que se movem por baixo dessas a\u00e7\u00f5es: massacres, ass\u00e9dios, assassinatos, intimida\u00e7\u00f5es, invisibilidades, c\u00e1rceres psicol\u00f3gicos e f\u00edsicos?<\/p>\n\n\n\n<p>Por que, e como \u00e9 que sentimentos t\u00e3o nocivos como \u00f3dio, desprezo, indiferen\u00e7a, desespero, t\u00e9dio, s\u00e3o internalizados em crian\u00e7as, jovens e ou adultos, para que possam agir de tal maneira? Onde erramos como pais, sociedade e civiliza\u00e7\u00e3o? Que tipo de educa\u00e7\u00e3o temos pensado e realizado para as nossas \u201ccrias\u201d em casa, na escola, na igreja, na rua, nos grupos e na vida?<\/p>\n\n\n\n<p>Eu te juro, que hoje eu queria cantar com muita alegria pelas conquistas femininas e pela alegria de ser mulher; infelizmente hoje em mim n\u00e3o cabe alegrias, n\u00e3o cabe mimos e nem palavras doces, cabe l\u00e1grimas e flores para estas criaturinhas que foram brutalmente violentadas, cabe um abra\u00e7o bem caloroso de m\u00e3e afetiva, para as m\u00e3es das meninas assassinadas na guerra, para a m\u00e3e da garota do Rio que foi brutalmente seviciada, e para as m\u00e3es que todos os dias se colocam no front de todas as lutas di\u00e1rias pelos seus.<\/p>\n\n\n\n<p>Hoje o meu rep\u00fadio vai para as m\u00e3os, que receberam tanto afeto e que hoje nos causam tantas dores, e que revelam em tintas coloridas a perversidade da preserva\u00e7\u00e3o das mazelas que estamos aprendendo a enxergar e abominar: o lixo dos conceitos do patriarcado.<\/p>\n\n\n\n<p><em>Domingo\/ mar\u00e7o 26<\/em><br><strong><mark style=\"background-color:rgba(0, 0, 0, 0)\" class=\"has-inline-color has-black-color\">Gl\u00f3ria da Paz<\/mark><\/strong><\/p>\n","protected":false},"excerpt":{"rendered":"<p>Por Gl\u00f3ria da Paz >> Siga o canal do BEC no WhatsApp Eu hoje queria contar as coisas boas que resultam das lutas das mulheres. Ah, como eu gostaria de falar sobre as vit\u00f3rias conquistadas, sobre os amores bem amados, sobre uma vida bem mais leve, sem medos, sem cabrestos e sem receios. Infelizmente, o [&hellip;]<\/p>\n","protected":false},"author":2,"featured_media":94140,"comment_status":"open","ping_status":"open","sticky":false,"template":"","format":"standard","meta":{"_acf_changed":false,"_monsterinsights_skip_tracking":false,"_monsterinsights_sitenote_active":false,"_monsterinsights_sitenote_note":"","_monsterinsights_sitenote_category":0,"_jetpack_memberships_contains_paid_content":false,"footnotes":"","jetpack_publicize_message":"","jetpack_publicize_feature_enabled":true,"jetpack_social_post_already_shared":true,"jetpack_social_options":{"image_generator_settings":{"template":"highway","default_image_id":0,"font":"","enabled":false},"version":2}},"categories":[2],"tags":[],"class_list":["post-94139","post","type-post","status-publish","format-standard","has-post-thumbnail","hentry","category-opiniao"],"acf":[],"jetpack_publicize_connections":[],"jetpack_featured_media_url":"https:\/\/i0.wp.com\/blogdoeloiltoncajuhy.com.br\/site\/wp-content\/uploads\/2026\/03\/Dia-da-Mulher_Reflexao_ChatGPT-Image-8-de-mar-de-2026.png?fit=533%2C800&ssl=1","jetpack_sharing_enabled":true,"publishpress_future_workflow_manual_trigger":{"enabledWorkflows":[]},"_links":{"self":[{"href":"https:\/\/blogdoeloiltoncajuhy.com.br\/site\/wp-json\/wp\/v2\/posts\/94139","targetHints":{"allow":["GET"]}}],"collection":[{"href":"https:\/\/blogdoeloiltoncajuhy.com.br\/site\/wp-json\/wp\/v2\/posts"}],"about":[{"href":"https:\/\/blogdoeloiltoncajuhy.com.br\/site\/wp-json\/wp\/v2\/types\/post"}],"author":[{"embeddable":true,"href":"https:\/\/blogdoeloiltoncajuhy.com.br\/site\/wp-json\/wp\/v2\/users\/2"}],"replies":[{"embeddable":true,"href":"https:\/\/blogdoeloiltoncajuhy.com.br\/site\/wp-json\/wp\/v2\/comments?post=94139"}],"version-history":[{"count":1,"href":"https:\/\/blogdoeloiltoncajuhy.com.br\/site\/wp-json\/wp\/v2\/posts\/94139\/revisions"}],"predecessor-version":[{"id":94141,"href":"https:\/\/blogdoeloiltoncajuhy.com.br\/site\/wp-json\/wp\/v2\/posts\/94139\/revisions\/94141"}],"wp:featuredmedia":[{"embeddable":true,"href":"https:\/\/blogdoeloiltoncajuhy.com.br\/site\/wp-json\/wp\/v2\/media\/94140"}],"wp:attachment":[{"href":"https:\/\/blogdoeloiltoncajuhy.com.br\/site\/wp-json\/wp\/v2\/media?parent=94139"}],"wp:term":[{"taxonomy":"category","embeddable":true,"href":"https:\/\/blogdoeloiltoncajuhy.com.br\/site\/wp-json\/wp\/v2\/categories?post=94139"},{"taxonomy":"post_tag","embeddable":true,"href":"https:\/\/blogdoeloiltoncajuhy.com.br\/site\/wp-json\/wp\/v2\/tags?post=94139"}],"curies":[{"name":"wp","href":"https:\/\/api.w.org\/{rel}","templated":true}]}}