{"id":94134,"date":"2026-03-07T14:49:03","date_gmt":"2026-03-07T17:49:03","guid":{"rendered":"https:\/\/blogdoeloiltoncajuhy.com.br\/site\/?p=94134"},"modified":"2026-03-07T14:49:05","modified_gmt":"2026-03-07T17:49:05","slug":"moraes-nega-conversas-com-vorcaro-no-dia-em-que-banqueiro-foi-preso","status":"publish","type":"post","link":"https:\/\/blogdoeloiltoncajuhy.com.br\/site\/moraes-nega-conversas-com-vorcaro-no-dia-em-que-banqueiro-foi-preso\/","title":{"rendered":"Moraes nega conversas com Vorcaro no dia em que banqueiro foi preso"},"content":{"rendered":"\n<p class=\"has-medium-font-size\"><strong>STF afirma que mensagens n\u00e3o foram para contato do ministro<\/strong><\/p>\n\n\n\n<p><strong>Por Andr\u00e9 Richter\/Ag\u00eancia Brasil<\/strong><\/p>\n\n\n\n<p><strong><a href=\"https:\/\/whatsapp.com\/channel\/0029VaAT7tDLI8Yfj5y9Z50Z\" target=\"_blank\" rel=\"noreferrer noopener\"><mark style=\"background-color:rgba(0, 0, 0, 0)\" class=\"has-inline-color has-luminous-vivid-orange-color\">>> Siga o canal do BEC no WhatsApp<\/mark><\/a><\/strong><\/p>\n\n\n\n<figure class=\"wp-block-image aligncenter size-full\"><a href=\"https:\/\/i0.wp.com\/blogdoeloiltoncajuhy.com.br\/site\/wp-content\/uploads\/2022\/08\/TSE_Ministro-Presidente-Alexandre-Moraes.jpg\"><img data-recalc-dims=\"1\" fetchpriority=\"high\" decoding=\"async\" width=\"710\" height=\"473\" src=\"https:\/\/i0.wp.com\/blogdoeloiltoncajuhy.com.br\/site\/wp-content\/uploads\/2022\/08\/TSE_Ministro-Presidente-Alexandre-Moraes.jpg?resize=710%2C473\" alt=\"\" class=\"wp-image-67832\" srcset=\"https:\/\/i0.wp.com\/blogdoeloiltoncajuhy.com.br\/site\/wp-content\/uploads\/2022\/08\/TSE_Ministro-Presidente-Alexandre-Moraes.jpg?w=710&amp;ssl=1 710w, https:\/\/i0.wp.com\/blogdoeloiltoncajuhy.com.br\/site\/wp-content\/uploads\/2022\/08\/TSE_Ministro-Presidente-Alexandre-Moraes.jpg?resize=300%2C200&amp;ssl=1 300w\" sizes=\"(max-width: 710px) 100vw, 710px\" \/><\/a><\/figure>\n\n\n\n<p>O ministro Alexandre de Moraes, do Supremo Tribunal Federal (STF), nega ter mantido conversas com o banqueiro Daniel Vorcaro, em 17 de novembro do ano passado. A suposta troca de mensagens foi divulgada pelo <strong>jornal O Globo<\/strong>, que teve acesso aos prints de mensagens encontradas pela Pol\u00edcia Federal (PF) no celular de Vorcaro, que foi preso durante opera\u00e7\u00e3o da Pol\u00edcia Federal.<\/p>\n\n\n\n<p>No dia, Vorcaro foi preso pela primeira vez ao ser alvo da Opera\u00e7\u00e3o Compliance Zero, que investiga fraudes no Banco Master.<\/p>\n\n\n\n<p>Conforme nota divulgada nesta sexta-feira (6) pela Secretaria de Comunica\u00e7\u00e3o do Supremo Tribunal Federal (STF), as mensagens n\u00e3o foram destinadas a Moraes, mas a outros contatos que constam na agenda de Vorcaro. A conclus\u00e3o ocorre ap\u00f3s uma an\u00e1lise dos dados sigilosos que foram divulgados pela reportagem. O STF n\u00e3o informou quem realizou a an\u00e1lise.<\/p>\n\n\n\n<blockquote class=\"wp-block-quote is-layout-flow wp-block-quote-is-layout-flow\">\n<p><strong><mark style=\"background-color:rgba(0, 0, 0, 0)\" class=\"has-inline-color has-black-color\">\u201cNo conte\u00fado extra\u00eddo do celular do executivo pelos investigadores, os prints dessas mensagens enviadas por Vorcaro est\u00e3o vinculadas a pastas de outras pessoas de sua lista de contatos e n\u00e3o constam como direcionadas ao ministro Alexandre de Moraes\u201d, diz o comunicado.<\/mark><\/strong><\/p>\n<\/blockquote>\n\n\n\n<p>A secretaria declarou ainda que as mensagens foram direcionadas a outros contatos, que n\u00e3o ter\u00e3o os nomes divulgados em raz\u00e3o de sigilo.<\/p>\n\n\n\n<blockquote class=\"wp-block-quote is-layout-flow wp-block-quote-is-layout-flow\">\n<p><strong><mark style=\"background-color:rgba(0, 0, 0, 0)\" class=\"has-inline-color has-black-color\">\u201cA mensagem e o respectivo contato est\u00e3o na mesma pasta do computador de quem fez os prints (Vorcaro). Ou seja, fica demonstrado que as mensagens (prints) est\u00e3o vinculadas a outros contatos telef\u00f4nicos no computador de Daniel Vorcaro, jamais ao Ministro Alexandre de Moraes\u201d, completa a nota.<\/mark><\/strong><\/p>\n<\/blockquote>\n\n\n\n<p class=\"has-black-color has-text-color has-link-color has-medium-font-size wp-elements-38b6caf1663f634944c3d735d6a42d5d\"><strong>Transfer\u00eancia<\/strong><\/p>\n\n\n\n<p>Daniel Vorcaro, dono do Banco Master, foi transferido nesta sexta-feira (6) para a Penitenci\u00e1ria Federal em Bras\u00edlia, pres\u00eddio de seguran\u00e7a m\u00e1xima.<\/p>\n\n\n\n<p>Ele estava preso desde quarta-feira (4) e estava custodiado na Penitenci\u00e1ria de Potim, no interior paulista.<\/p>\n\n\n\n<p>A transfer\u00eancia foi autorizada, na quinta-feira (5), pelo ministro do Supremo Tribunal Federal (STF) Andr\u00e9 Mendon\u00e7a, relator das investiga\u00e7\u00f5es da Opera\u00e7\u00e3o Compliance Zero, que apura as fraudes no Banco Master, e atendeu a um pedido da pr\u00f3pria PF.<\/p>\n\n\n\n<p>Segundo a corpora\u00e7\u00e3o, o banqueiro pode influenciar as investiga\u00e7\u00f5es sobre as fraudes no Banco Master.<\/p>\n\n\n\n<p class=\"has-black-color has-text-color has-link-color has-medium-font-size wp-elements-5cace98cd4801f70e5a5fb2603a9ba0a\"><strong>Inqu\u00e9rito<\/strong><\/p>\n\n\n\n<p>O ministro Andr\u00e9 Mendon\u00e7a tamb\u00e9m autorizou nesta sexta-feira (6) abertura de inqu\u00e9rito da Pol\u00edcia Federal (PF) para investigar os vazamentos dos dados dos sigilos banc\u00e1rio, fiscal e telem\u00e1tico do banqueiro Daniel Vorcaro.<\/p>\n\n\n\n<p>A decis\u00e3o do ministro foi motivada por um pedido de investiga\u00e7\u00e3o feito defesa do banqueiro.<\/p>\n\n\n\n<p>Segundo os advogados, os vazamentos come\u00e7aram ap\u00f3s Mendon\u00e7a autorizar o compartilhamento dos dados com a Comiss\u00e3o Parlamentar Mista de Inqu\u00e9rito (CPMI) do INSS.<\/p>\n\n\n\n<p>Os sigilos do banqueiro foram solicitados pela CPMI para apurar a suposta liga\u00e7\u00e3o do Banco Master com fraudes em empr\u00e9stimos consignados de aposentados e pensionistas do INSS.<\/p>\n","protected":false},"excerpt":{"rendered":"<p>STF afirma que mensagens n\u00e3o foram para contato do ministro Por Andr\u00e9 Richter\/Ag\u00eancia Brasil >> Siga o canal do BEC no WhatsApp O ministro Alexandre de Moraes, do Supremo Tribunal Federal (STF), nega ter mantido conversas com o banqueiro Daniel Vorcaro, em 17 de novembro do ano passado. A suposta troca de mensagens foi divulgada [&hellip;]<\/p>\n","protected":false},"author":2,"featured_media":89231,"comment_status":"open","ping_status":"open","sticky":false,"template":"","format":"standard","meta":{"_acf_changed":false,"_monsterinsights_skip_tracking":false,"_monsterinsights_sitenote_active":false,"_monsterinsights_sitenote_note":"","_monsterinsights_sitenote_category":0,"_jetpack_memberships_contains_paid_content":false,"footnotes":"","jetpack_publicize_message":"","jetpack_publicize_feature_enabled":true,"jetpack_social_post_already_shared":true,"jetpack_social_options":{"image_generator_settings":{"template":"highway","default_image_id":0,"font":"","enabled":false},"version":2}},"categories":[3],"tags":[],"class_list":["post-94134","post","type-post","status-publish","format-standard","has-post-thumbnail","hentry","category-politica"],"acf":[],"jetpack_publicize_connections":[],"jetpack_featured_media_url":"https:\/\/i0.wp.com\/blogdoeloiltoncajuhy.com.br\/site\/wp-content\/uploads\/2025\/08\/Moraes-durante-reabertura-do-STF-%E2%80%94-Foto-Rosinei-Coutinho-STF.png?fit=817%2C474&ssl=1","jetpack_sharing_enabled":true,"publishpress_future_workflow_manual_trigger":{"enabledWorkflows":[]},"_links":{"self":[{"href":"https:\/\/blogdoeloiltoncajuhy.com.br\/site\/wp-json\/wp\/v2\/posts\/94134","targetHints":{"allow":["GET"]}}],"collection":[{"href":"https:\/\/blogdoeloiltoncajuhy.com.br\/site\/wp-json\/wp\/v2\/posts"}],"about":[{"href":"https:\/\/blogdoeloiltoncajuhy.com.br\/site\/wp-json\/wp\/v2\/types\/post"}],"author":[{"embeddable":true,"href":"https:\/\/blogdoeloiltoncajuhy.com.br\/site\/wp-json\/wp\/v2\/users\/2"}],"replies":[{"embeddable":true,"href":"https:\/\/blogdoeloiltoncajuhy.com.br\/site\/wp-json\/wp\/v2\/comments?post=94134"}],"version-history":[{"count":1,"href":"https:\/\/blogdoeloiltoncajuhy.com.br\/site\/wp-json\/wp\/v2\/posts\/94134\/revisions"}],"predecessor-version":[{"id":94135,"href":"https:\/\/blogdoeloiltoncajuhy.com.br\/site\/wp-json\/wp\/v2\/posts\/94134\/revisions\/94135"}],"wp:featuredmedia":[{"embeddable":true,"href":"https:\/\/blogdoeloiltoncajuhy.com.br\/site\/wp-json\/wp\/v2\/media\/89231"}],"wp:attachment":[{"href":"https:\/\/blogdoeloiltoncajuhy.com.br\/site\/wp-json\/wp\/v2\/media?parent=94134"}],"wp:term":[{"taxonomy":"category","embeddable":true,"href":"https:\/\/blogdoeloiltoncajuhy.com.br\/site\/wp-json\/wp\/v2\/categories?post=94134"},{"taxonomy":"post_tag","embeddable":true,"href":"https:\/\/blogdoeloiltoncajuhy.com.br\/site\/wp-json\/wp\/v2\/tags?post=94134"}],"curies":[{"name":"wp","href":"https:\/\/api.w.org\/{rel}","templated":true}]}}