{"id":94131,"date":"2026-03-07T14:33:39","date_gmt":"2026-03-07T17:33:39","guid":{"rendered":"https:\/\/blogdoeloiltoncajuhy.com.br\/site\/?p=94131"},"modified":"2026-03-07T14:33:39","modified_gmt":"2026-03-07T17:33:39","slug":"site-levanta-hipotese-de-neto-tirar-joao-roma-da-chapa-por-causa-do-master","status":"publish","type":"post","link":"https:\/\/blogdoeloiltoncajuhy.com.br\/site\/site-levanta-hipotese-de-neto-tirar-joao-roma-da-chapa-por-causa-do-master\/","title":{"rendered":"Site levanta hip\u00f3tese de Neto tirar Jo\u00e3o Roma da chapa por causa do Master"},"content":{"rendered":"\n<p><strong>Por Pol\u00edtica ao Vivo<\/strong><\/p>\n\n\n\n<p><strong><a href=\"https:\/\/whatsapp.com\/channel\/0029VaAT7tDLI8Yfj5y9Z50Z\" target=\"_blank\" rel=\"noreferrer noopener\"><mark style=\"background-color:rgba(0, 0, 0, 0)\" class=\"has-inline-color has-luminous-vivid-orange-color\">>> Siga o canal do BEC no WhatsApp<\/mark><\/a><\/strong><\/p>\n\n\n\n<figure class=\"wp-block-image aligncenter size-full\"><a href=\"https:\/\/i0.wp.com\/blogdoeloiltoncajuhy.com.br\/site\/wp-content\/uploads\/2026\/03\/Roma-e-Neto-Reproducao.jpg?ssl=1\"><img data-recalc-dims=\"1\" fetchpriority=\"high\" decoding=\"async\" width=\"696\" height=\"493\" src=\"https:\/\/i0.wp.com\/blogdoeloiltoncajuhy.com.br\/site\/wp-content\/uploads\/2026\/03\/Roma-e-Neto-Reproducao.jpg?resize=696%2C493&#038;ssl=1\" alt=\"\" class=\"wp-image-94132\" srcset=\"https:\/\/i0.wp.com\/blogdoeloiltoncajuhy.com.br\/site\/wp-content\/uploads\/2026\/03\/Roma-e-Neto-Reproducao.jpg?w=696&amp;ssl=1 696w, https:\/\/i0.wp.com\/blogdoeloiltoncajuhy.com.br\/site\/wp-content\/uploads\/2026\/03\/Roma-e-Neto-Reproducao.jpg?resize=300%2C213&amp;ssl=1 300w\" sizes=\"(max-width: 696px) 100vw, 696px\" \/><\/a><figcaption class=\"wp-element-caption\"><sub>Foto: Reprodu\u00e7\u00e3o<\/sub><\/figcaption><\/figure>\n\n\n\n<p>O ex-ministro baiano, Jo\u00e3o Roma, pode sofrer um rev\u00e9s e acabar sendo limado da chapa do ex-prefeito de Salvador, ACM Neto (Uni\u00e3o Brasil), nas elei\u00e7\u00f5es deste ano, quando concorreria a uma cadeira para o Senado Federal.<\/p>\n\n\n\n<p>A possibilidade de uma dan\u00e7a das cadeiras antes do anuncio da chapa de oposi\u00e7\u00e3o foi levantada pelo site <strong>Pol\u00edticos do Sul da Bahia<\/strong>, que compartilhou, nesta sexta (06), uma publica\u00e7\u00e3o do jornalista Jo\u00e3o Matheus Feitosa, afirmando que ap\u00f3s Roma ser citado dentro do caso do Banco Master por sua proximidade com o banqueiro Augusto Lima, iniciou um \u201cfreio de arruma\u00e7\u00e3o\u201d no grupo.<\/p>\n\n\n\n<p>\u201cA chapa de ACM Neto entrou em &#8216;freio de arruma\u00e7\u00e3o&#8217;. O motivo: o notici\u00e1rio que aproxima Jo\u00e3o Roma do caso Banco Master, pela rela\u00e7\u00e3o com o banqueiro Augusto Lima (preso na Compliance Zero), j\u00e1 muda o clima nos bastidores\u201d, escreveu.<\/p>\n\n\n\n<p>\u201cO alerta aumentou com a CPI do Crime Organizado chamando Roma (e tamb\u00e9m Rui Costa) para esclarecimento. No radar: o credenciamento do Master no consignado do aux\u00edlio emergencial e a explos\u00e3o do CredCesta \u2013 de 104 mil contratos (2022) para 2,75 milh\u00f5es (2024)\u201d, disse.<\/p>\n","protected":false},"excerpt":{"rendered":"<p>Por Pol\u00edtica ao Vivo >> Siga o canal do BEC no WhatsApp O ex-ministro baiano, Jo\u00e3o Roma, pode sofrer um rev\u00e9s e acabar sendo limado da chapa do ex-prefeito de Salvador, ACM Neto (Uni\u00e3o Brasil), nas elei\u00e7\u00f5es deste ano, quando concorreria a uma cadeira para o Senado Federal. A possibilidade de uma dan\u00e7a das cadeiras [&hellip;]<\/p>\n","protected":false},"author":2,"featured_media":94132,"comment_status":"open","ping_status":"open","sticky":false,"template":"","format":"standard","meta":{"_acf_changed":false,"_monsterinsights_skip_tracking":false,"_monsterinsights_sitenote_active":false,"_monsterinsights_sitenote_note":"","_monsterinsights_sitenote_category":0,"_jetpack_memberships_contains_paid_content":false,"footnotes":"","jetpack_publicize_message":"","jetpack_publicize_feature_enabled":true,"jetpack_social_post_already_shared":true,"jetpack_social_options":{"image_generator_settings":{"template":"highway","default_image_id":0,"font":"","enabled":false},"version":2}},"categories":[3],"tags":[],"class_list":["post-94131","post","type-post","status-publish","format-standard","has-post-thumbnail","hentry","category-politica"],"acf":[],"jetpack_publicize_connections":[],"jetpack_featured_media_url":"https:\/\/i0.wp.com\/blogdoeloiltoncajuhy.com.br\/site\/wp-content\/uploads\/2026\/03\/Roma-e-Neto-Reproducao.jpg?fit=696%2C493&ssl=1","jetpack_sharing_enabled":true,"publishpress_future_workflow_manual_trigger":{"enabledWorkflows":[]},"_links":{"self":[{"href":"https:\/\/blogdoeloiltoncajuhy.com.br\/site\/wp-json\/wp\/v2\/posts\/94131","targetHints":{"allow":["GET"]}}],"collection":[{"href":"https:\/\/blogdoeloiltoncajuhy.com.br\/site\/wp-json\/wp\/v2\/posts"}],"about":[{"href":"https:\/\/blogdoeloiltoncajuhy.com.br\/site\/wp-json\/wp\/v2\/types\/post"}],"author":[{"embeddable":true,"href":"https:\/\/blogdoeloiltoncajuhy.com.br\/site\/wp-json\/wp\/v2\/users\/2"}],"replies":[{"embeddable":true,"href":"https:\/\/blogdoeloiltoncajuhy.com.br\/site\/wp-json\/wp\/v2\/comments?post=94131"}],"version-history":[{"count":1,"href":"https:\/\/blogdoeloiltoncajuhy.com.br\/site\/wp-json\/wp\/v2\/posts\/94131\/revisions"}],"predecessor-version":[{"id":94133,"href":"https:\/\/blogdoeloiltoncajuhy.com.br\/site\/wp-json\/wp\/v2\/posts\/94131\/revisions\/94133"}],"wp:featuredmedia":[{"embeddable":true,"href":"https:\/\/blogdoeloiltoncajuhy.com.br\/site\/wp-json\/wp\/v2\/media\/94132"}],"wp:attachment":[{"href":"https:\/\/blogdoeloiltoncajuhy.com.br\/site\/wp-json\/wp\/v2\/media?parent=94131"}],"wp:term":[{"taxonomy":"category","embeddable":true,"href":"https:\/\/blogdoeloiltoncajuhy.com.br\/site\/wp-json\/wp\/v2\/categories?post=94131"},{"taxonomy":"post_tag","embeddable":true,"href":"https:\/\/blogdoeloiltoncajuhy.com.br\/site\/wp-json\/wp\/v2\/tags?post=94131"}],"curies":[{"name":"wp","href":"https:\/\/api.w.org\/{rel}","templated":true}]}}