{"id":94125,"date":"2026-03-07T13:45:30","date_gmt":"2026-03-07T16:45:30","guid":{"rendered":"https:\/\/blogdoeloiltoncajuhy.com.br\/site\/?p=94125"},"modified":"2026-03-07T13:45:32","modified_gmt":"2026-03-07T16:45:32","slug":"sargento-da-pm-e-morto-a-tiros-na-zona-rural-de-santaluz-interior-da-bahia","status":"publish","type":"post","link":"https:\/\/blogdoeloiltoncajuhy.com.br\/site\/sargento-da-pm-e-morto-a-tiros-na-zona-rural-de-santaluz-interior-da-bahia\/","title":{"rendered":"Sargento da PM \u00e9 morto a tiros na zona rural de Santaluz, interior da Bahia"},"content":{"rendered":"\n<p class=\"has-medium-font-size\"><strong>Vagner Carneiro Firmo estava de folga quando foi baleado ao verificar den\u00fancia de moradores sobre presen\u00e7a de suspeitos na mata<\/strong><\/p>\n\n\n\n<p><strong>Por g1 BA e TV Bahia<\/strong><\/p>\n\n\n\n<p><strong><a href=\"https:\/\/whatsapp.com\/channel\/0029VaAT7tDLI8Yfj5y9Z50Z\" target=\"_blank\" rel=\"noreferrer noopener\"><mark style=\"background-color:rgba(0, 0, 0, 0)\" class=\"has-inline-color has-luminous-vivid-orange-color\">>> Siga o canal do BEC no WhatsApp<\/mark><\/a><\/strong><\/p>\n\n\n\n<figure class=\"wp-block-image aligncenter size-full\"><a href=\"https:\/\/i0.wp.com\/blogdoeloiltoncajuhy.com.br\/site\/wp-content\/uploads\/2026\/03\/Sargento-da-PM-Vagner-Carneiro-%E2%80%94-Foto-PM-BA.jpg?ssl=1\"><img data-recalc-dims=\"1\" fetchpriority=\"high\" decoding=\"async\" width=\"780\" height=\"520\" src=\"https:\/\/i0.wp.com\/blogdoeloiltoncajuhy.com.br\/site\/wp-content\/uploads\/2026\/03\/Sargento-da-PM-Vagner-Carneiro-%E2%80%94-Foto-PM-BA.jpg?resize=780%2C520&#038;ssl=1\" alt=\"\" class=\"wp-image-94126\" srcset=\"https:\/\/i0.wp.com\/blogdoeloiltoncajuhy.com.br\/site\/wp-content\/uploads\/2026\/03\/Sargento-da-PM-Vagner-Carneiro-%E2%80%94-Foto-PM-BA.jpg?w=780&amp;ssl=1 780w, https:\/\/i0.wp.com\/blogdoeloiltoncajuhy.com.br\/site\/wp-content\/uploads\/2026\/03\/Sargento-da-PM-Vagner-Carneiro-%E2%80%94-Foto-PM-BA.jpg?resize=300%2C200&amp;ssl=1 300w, https:\/\/i0.wp.com\/blogdoeloiltoncajuhy.com.br\/site\/wp-content\/uploads\/2026\/03\/Sargento-da-PM-Vagner-Carneiro-%E2%80%94-Foto-PM-BA.jpg?resize=768%2C512&amp;ssl=1 768w\" sizes=\"(max-width: 780px) 100vw, 780px\" \/><\/a><figcaption class=\"wp-element-caption\"><sub>Sargento da Pol\u00edcia Militar da Bahia Vagner Carneiro Firmo foi morto a tiros neste s\u00e1bado (07) \u2014 Foto: PM BA<\/sub><\/figcaption><\/figure>\n\n\n\n<p>O sargento <strong><mark style=\"background-color:rgba(0, 0, 0, 0)\" class=\"has-inline-color has-black-color\">Vagner Carneiro Firmo<\/mark><\/strong>, da Pol\u00edcia Militar da Bahia, foi morto a tiros na manh\u00e3 deste s\u00e1bado (7) na zona rural de Santaluz, no nordeste do estado, na regi\u00e3o sisaleira. Ele foi encontrado por equipes do 16\u00ba Batalh\u00e3o ap\u00f3s moradores avisarem que um policial havia sido baleado perto do a\u00e7ude Tapera.<\/p>\n\n\n\n<p>Em nota, a Pol\u00edcia Militar lamentou a morte do sargento. Segundo a PM, as primeiras informa\u00e7\u00f5es apontam que o militar estava de folga e foi at\u00e9 a \u00e1rea depois de receber relatos sobre uma barraca de lona e a presen\u00e7a de suspeitos escondidos na regi\u00e3o.<\/p>\n\n\n\n<p>Ao se aproximar para verificar a situa\u00e7\u00e3o, ele foi atingido por disparos. Os respons\u00e1veis fugiram em seguida.<\/p>\n\n\n\n<p>A Pol\u00edcia Militar faz buscas para localizar os suspeitos e refor\u00e7ou o policiamento na zona rural de Santaluz. As circunst\u00e2ncias do caso seguem sob investiga\u00e7\u00e3o.<\/p>\n\n\n\n<p>O sargento Vagner Carneiro Firmo tinha 22 anos de servi\u00e7os prestados \u00e0 corpora\u00e7\u00e3o. Ele deixa esposa e dois filhos. A PM manifestou solidariedade aos familiares, amigos e colegas de farda.<\/p>\n","protected":false},"excerpt":{"rendered":"<p>Vagner Carneiro Firmo estava de folga quando foi baleado ao verificar den\u00fancia de moradores sobre presen\u00e7a de suspeitos na mata Por g1 BA e TV Bahia >> Siga o canal do BEC no WhatsApp O sargento Vagner Carneiro Firmo, da Pol\u00edcia Militar da Bahia, foi morto a tiros na manh\u00e3 deste s\u00e1bado (7) na zona [&hellip;]<\/p>\n","protected":false},"author":2,"featured_media":94126,"comment_status":"open","ping_status":"open","sticky":false,"template":"","format":"standard","meta":{"_acf_changed":false,"_monsterinsights_skip_tracking":false,"_monsterinsights_sitenote_active":false,"_monsterinsights_sitenote_note":"","_monsterinsights_sitenote_category":0,"_jetpack_memberships_contains_paid_content":false,"footnotes":"","jetpack_publicize_message":"","jetpack_publicize_feature_enabled":true,"jetpack_social_post_already_shared":true,"jetpack_social_options":{"image_generator_settings":{"template":"highway","default_image_id":0,"font":"","enabled":false},"version":2}},"categories":[15],"tags":[],"class_list":["post-94125","post","type-post","status-publish","format-standard","has-post-thumbnail","hentry","category-policia"],"acf":[],"jetpack_publicize_connections":[],"jetpack_featured_media_url":"https:\/\/i0.wp.com\/blogdoeloiltoncajuhy.com.br\/site\/wp-content\/uploads\/2026\/03\/Sargento-da-PM-Vagner-Carneiro-%E2%80%94-Foto-PM-BA.jpg?fit=780%2C520&ssl=1","jetpack_sharing_enabled":true,"publishpress_future_workflow_manual_trigger":{"enabledWorkflows":[]},"_links":{"self":[{"href":"https:\/\/blogdoeloiltoncajuhy.com.br\/site\/wp-json\/wp\/v2\/posts\/94125","targetHints":{"allow":["GET"]}}],"collection":[{"href":"https:\/\/blogdoeloiltoncajuhy.com.br\/site\/wp-json\/wp\/v2\/posts"}],"about":[{"href":"https:\/\/blogdoeloiltoncajuhy.com.br\/site\/wp-json\/wp\/v2\/types\/post"}],"author":[{"embeddable":true,"href":"https:\/\/blogdoeloiltoncajuhy.com.br\/site\/wp-json\/wp\/v2\/users\/2"}],"replies":[{"embeddable":true,"href":"https:\/\/blogdoeloiltoncajuhy.com.br\/site\/wp-json\/wp\/v2\/comments?post=94125"}],"version-history":[{"count":1,"href":"https:\/\/blogdoeloiltoncajuhy.com.br\/site\/wp-json\/wp\/v2\/posts\/94125\/revisions"}],"predecessor-version":[{"id":94127,"href":"https:\/\/blogdoeloiltoncajuhy.com.br\/site\/wp-json\/wp\/v2\/posts\/94125\/revisions\/94127"}],"wp:featuredmedia":[{"embeddable":true,"href":"https:\/\/blogdoeloiltoncajuhy.com.br\/site\/wp-json\/wp\/v2\/media\/94126"}],"wp:attachment":[{"href":"https:\/\/blogdoeloiltoncajuhy.com.br\/site\/wp-json\/wp\/v2\/media?parent=94125"}],"wp:term":[{"taxonomy":"category","embeddable":true,"href":"https:\/\/blogdoeloiltoncajuhy.com.br\/site\/wp-json\/wp\/v2\/categories?post=94125"},{"taxonomy":"post_tag","embeddable":true,"href":"https:\/\/blogdoeloiltoncajuhy.com.br\/site\/wp-json\/wp\/v2\/tags?post=94125"}],"curies":[{"name":"wp","href":"https:\/\/api.w.org\/{rel}","templated":true}]}}