{"id":94121,"date":"2026-03-07T00:10:00","date_gmt":"2026-03-07T03:10:00","guid":{"rendered":"https:\/\/blogdoeloiltoncajuhy.com.br\/site\/?p=94121"},"modified":"2026-03-06T20:38:04","modified_gmt":"2026-03-06T23:38:04","slug":"nordeste-registra-maior-queda-do-desemprego-no-brasil-em-2025","status":"publish","type":"post","link":"https:\/\/blogdoeloiltoncajuhy.com.br\/site\/nordeste-registra-maior-queda-do-desemprego-no-brasil-em-2025\/","title":{"rendered":"Nordeste registra maior queda do desemprego no Brasil em 2025"},"content":{"rendered":"\n<p><strong>Blog do Eloilton Cajuhy \u2013 BEC<\/strong><\/p>\n\n\n\n<p><strong><a href=\"https:\/\/whatsapp.com\/channel\/0029VaAT7tDLI8Yfj5y9Z50Z\" target=\"_blank\" rel=\"noreferrer noopener\"><mark style=\"background-color:rgba(0, 0, 0, 0)\" class=\"has-inline-color has-luminous-vivid-orange-color\">>> Siga o canal do BEC no WhatsApp<\/mark><\/a><\/strong><\/p>\n\n\n\n<figure class=\"wp-block-image aligncenter size-full is-resized\"><a href=\"https:\/\/i0.wp.com\/blogdoeloiltoncajuhy.com.br\/site\/wp-content\/uploads\/2026\/03\/Trabalho-Emprego-Desemprego-Foto-Gabriel-Goncalves.jpg?ssl=1\"><img data-recalc-dims=\"1\" fetchpriority=\"high\" decoding=\"async\" width=\"800\" height=\"533\" src=\"https:\/\/i0.wp.com\/blogdoeloiltoncajuhy.com.br\/site\/wp-content\/uploads\/2026\/03\/Trabalho-Emprego-Desemprego-Foto-Gabriel-Goncalves.jpg?resize=800%2C533&#038;ssl=1\" alt=\"\" class=\"wp-image-94122\" style=\"width:674px;height:auto\" srcset=\"https:\/\/i0.wp.com\/blogdoeloiltoncajuhy.com.br\/site\/wp-content\/uploads\/2026\/03\/Trabalho-Emprego-Desemprego-Foto-Gabriel-Goncalves.jpg?w=800&amp;ssl=1 800w, https:\/\/i0.wp.com\/blogdoeloiltoncajuhy.com.br\/site\/wp-content\/uploads\/2026\/03\/Trabalho-Emprego-Desemprego-Foto-Gabriel-Goncalves.jpg?resize=300%2C200&amp;ssl=1 300w, https:\/\/i0.wp.com\/blogdoeloiltoncajuhy.com.br\/site\/wp-content\/uploads\/2026\/03\/Trabalho-Emprego-Desemprego-Foto-Gabriel-Goncalves.jpg?resize=768%2C512&amp;ssl=1 768w\" sizes=\"(max-width: 800px) 100vw, 800px\" \/><\/a><figcaption class=\"wp-element-caption\"><sub>Foto: Gabriel Gon\u00e7alves<\/sub><\/figcaption><\/figure>\n\n\n\n<p>A taxa de desocupa\u00e7\u00e3o no Brasil atingiu em 2025 o menor n\u00edvel da s\u00e9rie hist\u00f3rica, com m\u00e9dia anual de 5,6%, ante 6,6% em 2024. No Nordeste, a redu\u00e7\u00e3o foi ainda mais expressiva: a regi\u00e3o apresentou a maior queda do desemprego entre todas as regi\u00f5es do Pa\u00eds, com recuo de 1,2 ponto percentual no per\u00edodo. Os n\u00fameros s\u00e3o da Pesquisa Nacional por Amostra de Domic\u00edlios (PNAD) Cont\u00ednua, divulgada pelo Instituto Brasileiro de Geografia e Estat\u00edstica (IBGE), e analisados pelo Escrit\u00f3rio T\u00e9cnico de Estudos Econ\u00f4micos do Nordeste (Etene), \u00e1rea de estudos do Banco do Nordeste.<\/p>\n\n\n\n<p>A queda do desemprego foi registrada em todos os estados nordestinos na compara\u00e7\u00e3o entre 2024 e 2025. Os maiores recuos ocorreram na Para\u00edba, onde a taxa caiu de 8,3% para 6,0%, e em Pernambuco, que encerrou o ano com 8,7% ap\u00f3s redu\u00e7\u00e3o de 2,2 pontos percentuais.<\/p>\n\n\n\n<p>Segundo a pesquisadora do Etene, Hellen Saraiva Le\u00e3o, o resultado reflete o fortalecimento recente do mercado de trabalho regional. \u201cA queda mais expressiva da taxa de desocupa\u00e7\u00e3o no Nordeste est\u00e1 associada ao dinamismo do mercado de trabalho e ao crescimento da atividade econ\u00f4mica na regi\u00e3o\u201d, afirma.<\/p>\n\n\n\n<p>O levantamento tamb\u00e9m mostra que a popula\u00e7\u00e3o ocupada no Nordeste alcan\u00e7ou cerca de 22,9 milh\u00f5es de pessoas em 2025, crescimento de 1,2% em rela\u00e7\u00e3o ao ano anterior. Maranh\u00e3o e Para\u00edba registraram os maiores avan\u00e7os no n\u00famero de trabalhadores ocupados, enquanto Bahia, Pernambuco e Cear\u00e1 continuam concentrando as maiores participa\u00e7\u00f5es no total de empregos da regi\u00e3o.<\/p>\n\n\n\n<p>O rendimento m\u00e9dio do trabalho tamb\u00e9m apresentou crescimento. No Brasil, o valor m\u00e9dio foi estimado em R$ 3.560 em 2025, alta de 5,7% frente ao ano anterior. No Nordeste, o avan\u00e7o foi de 6,0%, embora a regi\u00e3o ainda registre o menor rendimento m\u00e9dio do pa\u00eds, estimado em R$ 2.475.<\/p>\n\n\n\n<p>Para a pesquisadora, os dados indicam um momento favor\u00e1vel para o mercado de trabalho regional. \u201cA popula\u00e7\u00e3o ocupada no Nordeste alcan\u00e7ou um patamar hist\u00f3rico em 2025, impulsionada pelo crescimento do PIB regional, estimado em 2,3%, acima da m\u00e9dia nacional (+2,2%)\u201d, destaca Hellen Saraiva Le\u00e3o.<\/p>\n\n\n\n<p>\u201cOs resultados do mercado de trabalho no Nordeste em 2025 tamb\u00e9m refletem o papel ativo do Banco do Nordeste na economia regional\u201d, avalia Allisson Martins, gerente do Etene. \u201cSegundo nossas estimativas, as opera\u00e7\u00f5es de cr\u00e9dito do banco contribu\u00edram para a gera\u00e7\u00e3o e manuten\u00e7\u00e3o de mais de 620 mil empregos diretos e indiretos ao longo do ano, em toda a sua \u00e1rea de atua\u00e7\u00e3o, al\u00e9m de elevar a massa salarial da regi\u00e3o em mais de R$ 9,1 bilh\u00f5es. Esses n\u00fameros mostram que o cr\u00e9dito p\u00fablico orientado ao desenvolvimento tem um impacto concreto na vida das pessoas e na din\u00e2mica do emprego no Nordeste\u201d.<\/p>\n\n\n\n<p><a href=\"https:\/\/entrar.homemurbano.com.br\/campaigns\/ja697p5myl67b\/track-url\/az957m9cr6fdc\/ea24c9f7f45b46993a53f91b299fe56bc4503cc2\"><strong><mark style=\"background-color:rgba(0, 0, 0, 0)\" class=\"has-inline-color has-vivid-cyan-blue-color\">O estudo pode ser conferido na \u00edntegra aqui<\/mark><\/strong><\/a>.<\/p>\n","protected":false},"excerpt":{"rendered":"<p>Blog do Eloilton Cajuhy \u2013 BEC >> Siga o canal do BEC no WhatsApp A taxa de desocupa\u00e7\u00e3o no Brasil atingiu em 2025 o menor n\u00edvel da s\u00e9rie hist\u00f3rica, com m\u00e9dia anual de 5,6%, ante 6,6% em 2024. No Nordeste, a redu\u00e7\u00e3o foi ainda mais expressiva: a regi\u00e3o apresentou a maior queda do desemprego entre [&hellip;]<\/p>\n","protected":false},"author":2,"featured_media":94122,"comment_status":"open","ping_status":"open","sticky":false,"template":"","format":"standard","meta":{"_acf_changed":false,"_monsterinsights_skip_tracking":false,"_monsterinsights_sitenote_active":false,"_monsterinsights_sitenote_note":"","_monsterinsights_sitenote_category":0,"_jetpack_memberships_contains_paid_content":false,"footnotes":"","jetpack_publicize_message":"","jetpack_publicize_feature_enabled":true,"jetpack_social_post_already_shared":true,"jetpack_social_options":{"image_generator_settings":{"template":"highway","default_image_id":0,"font":"","enabled":false},"version":2}},"categories":[31],"tags":[],"class_list":["post-94121","post","type-post","status-publish","format-standard","has-post-thumbnail","hentry","category-economia"],"acf":[],"jetpack_publicize_connections":[],"jetpack_featured_media_url":"https:\/\/i0.wp.com\/blogdoeloiltoncajuhy.com.br\/site\/wp-content\/uploads\/2026\/03\/Trabalho-Emprego-Desemprego-Foto-Gabriel-Goncalves.jpg?fit=800%2C533&ssl=1","jetpack_sharing_enabled":true,"publishpress_future_workflow_manual_trigger":{"enabledWorkflows":[]},"_links":{"self":[{"href":"https:\/\/blogdoeloiltoncajuhy.com.br\/site\/wp-json\/wp\/v2\/posts\/94121","targetHints":{"allow":["GET"]}}],"collection":[{"href":"https:\/\/blogdoeloiltoncajuhy.com.br\/site\/wp-json\/wp\/v2\/posts"}],"about":[{"href":"https:\/\/blogdoeloiltoncajuhy.com.br\/site\/wp-json\/wp\/v2\/types\/post"}],"author":[{"embeddable":true,"href":"https:\/\/blogdoeloiltoncajuhy.com.br\/site\/wp-json\/wp\/v2\/users\/2"}],"replies":[{"embeddable":true,"href":"https:\/\/blogdoeloiltoncajuhy.com.br\/site\/wp-json\/wp\/v2\/comments?post=94121"}],"version-history":[{"count":1,"href":"https:\/\/blogdoeloiltoncajuhy.com.br\/site\/wp-json\/wp\/v2\/posts\/94121\/revisions"}],"predecessor-version":[{"id":94123,"href":"https:\/\/blogdoeloiltoncajuhy.com.br\/site\/wp-json\/wp\/v2\/posts\/94121\/revisions\/94123"}],"wp:featuredmedia":[{"embeddable":true,"href":"https:\/\/blogdoeloiltoncajuhy.com.br\/site\/wp-json\/wp\/v2\/media\/94122"}],"wp:attachment":[{"href":"https:\/\/blogdoeloiltoncajuhy.com.br\/site\/wp-json\/wp\/v2\/media?parent=94121"}],"wp:term":[{"taxonomy":"category","embeddable":true,"href":"https:\/\/blogdoeloiltoncajuhy.com.br\/site\/wp-json\/wp\/v2\/categories?post=94121"},{"taxonomy":"post_tag","embeddable":true,"href":"https:\/\/blogdoeloiltoncajuhy.com.br\/site\/wp-json\/wp\/v2\/tags?post=94121"}],"curies":[{"name":"wp","href":"https:\/\/api.w.org\/{rel}","templated":true}]}}