{"id":94114,"date":"2026-03-07T00:10:00","date_gmt":"2026-03-07T03:10:00","guid":{"rendered":"https:\/\/blogdoeloiltoncajuhy.com.br\/site\/?p=94114"},"modified":"2026-03-06T20:22:39","modified_gmt":"2026-03-06T23:22:39","slug":"trio-eletrico-e-reconhecido-como-patrimonio-imaterial-cultural-e-historico-de-salvador","status":"publish","type":"post","link":"https:\/\/blogdoeloiltoncajuhy.com.br\/site\/trio-eletrico-e-reconhecido-como-patrimonio-imaterial-cultural-e-historico-de-salvador\/","title":{"rendered":"Trio el\u00e9trico \u00e9 reconhecido como Patrim\u00f4nio Imaterial, Cultural e Hist\u00f3rico de Salvador"},"content":{"rendered":"\n<p class=\"has-medium-font-size\"><strong>Lei reconhece import\u00e2ncia do equipamento para a cultura da capital baiana<\/strong><\/p>\n\n\n\n<p><strong>Por g1 BA<\/strong><\/p>\n\n\n\n<p><strong><a href=\"https:\/\/whatsapp.com\/channel\/0029VaAT7tDLI8Yfj5y9Z50Z\" target=\"_blank\" rel=\"noreferrer noopener\"><mark style=\"background-color:rgba(0, 0, 0, 0)\" class=\"has-inline-color has-luminous-vivid-orange-color\">>> Siga o canal do BEC no WhatsApp<\/mark><\/a><\/strong><\/p>\n\n\n\n<figure class=\"wp-block-image aligncenter size-full\"><a href=\"https:\/\/i0.wp.com\/blogdoeloiltoncajuhy.com.br\/site\/wp-content\/uploads\/2026\/03\/Trio-eletrico-no-carnaval-de-Salvador-%E2%80%94-Foto-Rhafael-Padilha-Ag.-FPontes.jpg?ssl=1\"><img data-recalc-dims=\"1\" fetchpriority=\"high\" decoding=\"async\" width=\"780\" height=\"439\" src=\"https:\/\/i0.wp.com\/blogdoeloiltoncajuhy.com.br\/site\/wp-content\/uploads\/2026\/03\/Trio-eletrico-no-carnaval-de-Salvador-%E2%80%94-Foto-Rhafael-Padilha-Ag.-FPontes.jpg?resize=780%2C439&#038;ssl=1\" alt=\"\" class=\"wp-image-94116\" srcset=\"https:\/\/i0.wp.com\/blogdoeloiltoncajuhy.com.br\/site\/wp-content\/uploads\/2026\/03\/Trio-eletrico-no-carnaval-de-Salvador-%E2%80%94-Foto-Rhafael-Padilha-Ag.-FPontes.jpg?w=780&amp;ssl=1 780w, https:\/\/i0.wp.com\/blogdoeloiltoncajuhy.com.br\/site\/wp-content\/uploads\/2026\/03\/Trio-eletrico-no-carnaval-de-Salvador-%E2%80%94-Foto-Rhafael-Padilha-Ag.-FPontes.jpg?resize=300%2C169&amp;ssl=1 300w, https:\/\/i0.wp.com\/blogdoeloiltoncajuhy.com.br\/site\/wp-content\/uploads\/2026\/03\/Trio-eletrico-no-carnaval-de-Salvador-%E2%80%94-Foto-Rhafael-Padilha-Ag.-FPontes.jpg?resize=768%2C432&amp;ssl=1 768w\" sizes=\"(max-width: 780px) 100vw, 780px\" \/><\/a><figcaption class=\"wp-element-caption\"><sub>Trio el\u00e9trico no carnaval de Salvador \u2014 Foto: Rhafael Padilha \/ Ag. FPontes<\/sub><\/figcaption><\/figure>\n\n\n\n<p>O trio el\u00e9trico foi reconhecido como Patrim\u00f4nio Imaterial, Cultural e Hist\u00f3rico da cidade de Salvador. A medida foi sancionada pelo prefeito Bruno Reis e publicada no Di\u00e1rio Oficial do Munic\u00edpio (DOM), nesta sexta-feira (6).<\/p>\n\n\n\n<p>De acordo com o texto, fica oficialmente reconhecida a import\u00e2ncia do trio el\u00e9trico para a cultura e a hist\u00f3ria da capital baiana.<\/p>\n\n\n\n<p>A lei determina ainda que o \u00f3rg\u00e3o municipal respons\u00e1vel pela prote\u00e7\u00e3o do patrim\u00f4nio cultural adote as medidas necess\u00e1rias para garantir o cumprimento da norma.<\/p>\n\n\n\n<p>O documento foi assinado na quarta-feira (4) pelo prefeito e pelos secret\u00e1rios municipais Carlos Felipe Vazquez de Souza Le\u00e3o e Ana Paula Andrade Matos Moreira.<\/p>\n\n\n\n<p>Criado na d\u00e9cada de 1950 por Dod\u00f4 e Osmar Macedo, o trio el\u00e9trico se consolidou como um dos principais s\u00edmbolos culturais da cidade e \u00e9 um dos elementos mais marcantes do carnaval de Salvador, festa que re\u00fane milh\u00f5es de foli\u00f5es todos os anos nas ruas da capital baiana.<\/p>\n\n\n\n<p>O nome &#8220;trio&#8221; foi associado ao fato de que tr\u00eas pessoas faziam o som: a pr\u00f3pria dupla criadora e o m\u00fasico Tem\u00edstocles Arag\u00e3o. J\u00e1 o &#8220;el\u00e9trico&#8221; surgiu da busca de querer amplificar o som dos instrumentos.<\/p>\n\n\n\n<p>O primeiro desfile foi na fobica, um carro aberto com um potente equipamento de som e um tipo de palco montado em um plano superior. No segundo ano, Dod\u00f4 e Osmar levaram seus equipamentos para uma caminhonete.<\/p>\n\n\n\n<p>Depois da caminhonete, o trio el\u00e9trico evoluiu para o caminh\u00e3o, em meados da d\u00e9cada de 1970.<\/p>\n\n\n\n<figure class=\"wp-block-image aligncenter size-full\"><a href=\"https:\/\/i0.wp.com\/blogdoeloiltoncajuhy.com.br\/site\/wp-content\/uploads\/2026\/03\/Dodo-e-Osmar-em-cima-do-grupo-de-Trio-Eletrico-%E2%80%94-Foto-Familia-Macedo-Arquivo-Pessoal.png?ssl=1\"><img data-recalc-dims=\"1\" decoding=\"async\" width=\"792\" height=\"489\" src=\"https:\/\/i0.wp.com\/blogdoeloiltoncajuhy.com.br\/site\/wp-content\/uploads\/2026\/03\/Dodo-e-Osmar-em-cima-do-grupo-de-Trio-Eletrico-%E2%80%94-Foto-Familia-Macedo-Arquivo-Pessoal.png?resize=792%2C489&#038;ssl=1\" alt=\"\" class=\"wp-image-94115\" srcset=\"https:\/\/i0.wp.com\/blogdoeloiltoncajuhy.com.br\/site\/wp-content\/uploads\/2026\/03\/Dodo-e-Osmar-em-cima-do-grupo-de-Trio-Eletrico-%E2%80%94-Foto-Familia-Macedo-Arquivo-Pessoal.png?w=792&amp;ssl=1 792w, https:\/\/i0.wp.com\/blogdoeloiltoncajuhy.com.br\/site\/wp-content\/uploads\/2026\/03\/Dodo-e-Osmar-em-cima-do-grupo-de-Trio-Eletrico-%E2%80%94-Foto-Familia-Macedo-Arquivo-Pessoal.png?resize=300%2C185&amp;ssl=1 300w, https:\/\/i0.wp.com\/blogdoeloiltoncajuhy.com.br\/site\/wp-content\/uploads\/2026\/03\/Dodo-e-Osmar-em-cima-do-grupo-de-Trio-Eletrico-%E2%80%94-Foto-Familia-Macedo-Arquivo-Pessoal.png?resize=768%2C474&amp;ssl=1 768w\" sizes=\"(max-width: 792px) 100vw, 792px\" \/><\/a><figcaption class=\"wp-element-caption\"><sub>Na d\u00e9cada de 1950, Dod\u00f4 e Osmar em cima de um caminh\u00e3o j\u00e1 com o nome do grupo de &#8216;Trio El\u00e9trico&#8217; \u2014 Foto: Fam\u00edlia Macedo \/ Arquivo Pessoal<\/sub><\/figcaption><\/figure>\n","protected":false},"excerpt":{"rendered":"<p>Lei reconhece import\u00e2ncia do equipamento para a cultura da capital baiana Por g1 BA >> Siga o canal do BEC no WhatsApp O trio el\u00e9trico foi reconhecido como Patrim\u00f4nio Imaterial, Cultural e Hist\u00f3rico da cidade de Salvador. A medida foi sancionada pelo prefeito Bruno Reis e publicada no Di\u00e1rio Oficial do Munic\u00edpio (DOM), nesta sexta-feira [&hellip;]<\/p>\n","protected":false},"author":2,"featured_media":94116,"comment_status":"open","ping_status":"open","sticky":false,"template":"","format":"standard","meta":{"_acf_changed":false,"_monsterinsights_skip_tracking":false,"_monsterinsights_sitenote_active":false,"_monsterinsights_sitenote_note":"","_monsterinsights_sitenote_category":0,"_jetpack_memberships_contains_paid_content":false,"footnotes":"","jetpack_publicize_message":"","jetpack_publicize_feature_enabled":true,"jetpack_social_post_already_shared":true,"jetpack_social_options":{"image_generator_settings":{"template":"highway","default_image_id":0,"font":"","enabled":false},"version":2}},"categories":[8],"tags":[],"class_list":["post-94114","post","type-post","status-publish","format-standard","has-post-thumbnail","hentry","category-cultura"],"acf":[],"jetpack_publicize_connections":[],"jetpack_featured_media_url":"https:\/\/i0.wp.com\/blogdoeloiltoncajuhy.com.br\/site\/wp-content\/uploads\/2026\/03\/Trio-eletrico-no-carnaval-de-Salvador-%E2%80%94-Foto-Rhafael-Padilha-Ag.-FPontes.jpg?fit=780%2C439&ssl=1","jetpack_sharing_enabled":true,"publishpress_future_workflow_manual_trigger":{"enabledWorkflows":[]},"_links":{"self":[{"href":"https:\/\/blogdoeloiltoncajuhy.com.br\/site\/wp-json\/wp\/v2\/posts\/94114","targetHints":{"allow":["GET"]}}],"collection":[{"href":"https:\/\/blogdoeloiltoncajuhy.com.br\/site\/wp-json\/wp\/v2\/posts"}],"about":[{"href":"https:\/\/blogdoeloiltoncajuhy.com.br\/site\/wp-json\/wp\/v2\/types\/post"}],"author":[{"embeddable":true,"href":"https:\/\/blogdoeloiltoncajuhy.com.br\/site\/wp-json\/wp\/v2\/users\/2"}],"replies":[{"embeddable":true,"href":"https:\/\/blogdoeloiltoncajuhy.com.br\/site\/wp-json\/wp\/v2\/comments?post=94114"}],"version-history":[{"count":1,"href":"https:\/\/blogdoeloiltoncajuhy.com.br\/site\/wp-json\/wp\/v2\/posts\/94114\/revisions"}],"predecessor-version":[{"id":94117,"href":"https:\/\/blogdoeloiltoncajuhy.com.br\/site\/wp-json\/wp\/v2\/posts\/94114\/revisions\/94117"}],"wp:featuredmedia":[{"embeddable":true,"href":"https:\/\/blogdoeloiltoncajuhy.com.br\/site\/wp-json\/wp\/v2\/media\/94116"}],"wp:attachment":[{"href":"https:\/\/blogdoeloiltoncajuhy.com.br\/site\/wp-json\/wp\/v2\/media?parent=94114"}],"wp:term":[{"taxonomy":"category","embeddable":true,"href":"https:\/\/blogdoeloiltoncajuhy.com.br\/site\/wp-json\/wp\/v2\/categories?post=94114"},{"taxonomy":"post_tag","embeddable":true,"href":"https:\/\/blogdoeloiltoncajuhy.com.br\/site\/wp-json\/wp\/v2\/tags?post=94114"}],"curies":[{"name":"wp","href":"https:\/\/api.w.org\/{rel}","templated":true}]}}