{"id":94083,"date":"2026-03-06T00:10:00","date_gmt":"2026-03-06T03:10:00","guid":{"rendered":"https:\/\/blogdoeloiltoncajuhy.com.br\/site\/?p=94083"},"modified":"2026-03-05T21:32:22","modified_gmt":"2026-03-06T00:32:22","slug":"autismo-em-mulheres-a-verdade-que-a-saude-feminina-precisa-enxergar","status":"publish","type":"post","link":"https:\/\/blogdoeloiltoncajuhy.com.br\/site\/autismo-em-mulheres-a-verdade-que-a-saude-feminina-precisa-enxergar\/","title":{"rendered":"Autismo em mulheres: A verdade que a sa\u00fade feminina precisa enxergar"},"content":{"rendered":"\n<p><strong>Blog do Eloilton Cajuhy \u2013 BEC<\/strong><\/p>\n\n\n\n<p><strong><a href=\"https:\/\/whatsapp.com\/channel\/0029VaAT7tDLI8Yfj5y9Z50Z\" target=\"_blank\" rel=\"noreferrer noopener\"><mark style=\"background-color:rgba(0, 0, 0, 0)\" class=\"has-inline-color has-luminous-vivid-orange-color\">&gt;&gt; Siga o canal do BEC no WhatsApp<\/mark><\/a><\/strong><\/p>\n\n\n\n<figure class=\"wp-block-image aligncenter size-full\"><a href=\"https:\/\/i0.wp.com\/blogdoeloiltoncajuhy.com.br\/site\/wp-content\/uploads\/2026\/03\/Mulheres-Redes-Sociais-M.png?ssl=1\"><img data-recalc-dims=\"1\" fetchpriority=\"high\" decoding=\"async\" width=\"800\" height=\"454\" src=\"https:\/\/i0.wp.com\/blogdoeloiltoncajuhy.com.br\/site\/wp-content\/uploads\/2026\/03\/Mulheres-Redes-Sociais-M.png?resize=800%2C454&#038;ssl=1\" alt=\"\" class=\"wp-image-94089\" srcset=\"https:\/\/i0.wp.com\/blogdoeloiltoncajuhy.com.br\/site\/wp-content\/uploads\/2026\/03\/Mulheres-Redes-Sociais-M.png?w=990&amp;ssl=1 990w, https:\/\/i0.wp.com\/blogdoeloiltoncajuhy.com.br\/site\/wp-content\/uploads\/2026\/03\/Mulheres-Redes-Sociais-M.png?resize=300%2C170&amp;ssl=1 300w, https:\/\/i0.wp.com\/blogdoeloiltoncajuhy.com.br\/site\/wp-content\/uploads\/2026\/03\/Mulheres-Redes-Sociais-M.png?resize=768%2C436&amp;ssl=1 768w\" sizes=\"(max-width: 800px) 100vw, 800px\" \/><\/a><figcaption class=\"wp-element-caption\"><sub>Foto: Reprodu\u00e7\u00e3o<\/sub><\/figcaption><\/figure>\n\n\n\n<p>Durante d\u00e9cadas, muitas mulheres foram definidas como \u201csens\u00edveis demais\u201d, \u201cintensas\u201d, \u201cperfeccionistas\u201d ou \u201ct\u00edmidas\u201d. Poucas ouviram a palavra que poderia explicar suas viv\u00eancias desde a inf\u00e2ncia: autismo.<\/p>\n\n\n\n<p>O diagn\u00f3stico tardio de TEA em mulheres adultas n\u00e3o \u00e9 exce\u00e7\u00e3o: \u00e9 regra. Na pr\u00e1tica cl\u00ednica, segundo o neurologista Dr. Matheus Trilico, neurologista refer\u00eancia em TEA e TDAH em adultos, \u00e9 comum atender mulheres que passaram 30, 40 ou at\u00e9 50 anos tentando se encaixar.<\/p>\n\n\n\n<p>\u201cElas aprendem a observar, copiar, ensaiar intera\u00e7\u00f5es sociais. Desenvolvem estrat\u00e9gias sofisticadas para mascarar dificuldades. Mas o custo emocional \u00e9 alt\u00edssimo\u201d, explica o m\u00e9dico.<\/p>\n\n\n\n<p class=\"has-black-color has-text-color has-link-color has-medium-font-size wp-elements-1e813d88d81f73a6e4cb6b83af61071b\"><strong>O fen\u00f3tipo feminino: quando o autismo n\u00e3o parece \u201cautismo\u201d<\/strong><\/p>\n\n\n\n<p>Os crit\u00e9rios diagn\u00f3sticos cl\u00e1ssicos foram estruturados com base majorit\u00e1ria em estudos com meninos. O que isso significa? Que muitas mulheres ficaram invis\u00edveis.<\/p>\n\n\n\n<p>O chamado fen\u00f3tipo feminino do autismo costuma envolver:<\/p>\n\n\n\n<ul class=\"wp-block-list\">\n<li>Maior capacidade de camuflagem social<\/li>\n\n\n\n<li>Interesses intensos, por\u00e9m socialmente aceitos<\/li>\n\n\n\n<li>Tend\u00eancia \u00e0 internaliza\u00e7\u00e3o do sofrimento<\/li>\n\n\n\n<li>Altos n\u00edveis de autocr\u00edtica<\/li>\n\n\n\n<li>Hist\u00f3rico frequente de ansiedade e depress\u00e3o<\/li>\n<\/ul>\n\n\n\n<p><\/p>\n\n\n\n<p>Essa habilidade de \u201cperformar socialmente\u201d faz com que muitas s\u00f3 recebam diagn\u00f3stico ap\u00f3s crises de exaust\u00e3o, burnout, colapsos emocionais ou rupturas importantes na vida.<\/p>\n\n\n\n<p class=\"has-black-color has-text-color has-link-color has-medium-font-size wp-elements-3056b5e294aab83b465c4eccd970c122\"><strong>Sa\u00fade feminina e ciclos hormonais: um ponto-chave<\/strong><\/p>\n\n\n\n<p>A rela\u00e7\u00e3o entre autismo e sa\u00fade da mulher ainda \u00e9 pouco discutida. Puberdade, gesta\u00e7\u00e3o, p\u00f3s-parto e climat\u00e9rio podem intensificar quest\u00f5es sensoriais, desregula\u00e7\u00e3o emocional e sobrecarga mental. Altera\u00e7\u00f5es hormonais muitas vezes amplificam caracter\u00edsticas que sempre estiveram ali apenas n\u00e3o nomeadas.<\/p>\n\n\n\n<p>N\u00e3o \u00e9 raro que o diagn\u00f3stico surja durante o climat\u00e9rio ou ap\u00f3s anos de tratamentos para depress\u00e3o, transtornos alimentares ou ansiedade, quando, na verdade, o TEA sempre esteve na base do sofrimento.<\/p>\n\n\n\n<p>\u201cO diagn\u00f3stico tardio significa d\u00e9cadas de interven\u00e7\u00f5es que tratam sintomas, mas n\u00e3o a raiz da quest\u00e3o. Quando a mulher entende que \u00e9 neurodivergente, h\u00e1 uma mudan\u00e7a profunda: sai a culpa, entra o autoconhecimento\u201d, refor\u00e7a Dr. Matheus Trilico.<\/p>\n\n\n\n<p class=\"has-black-color has-text-color has-link-color has-medium-font-size wp-elements-306a768aa1f7cbedf264dcfe2c79c04e\"><strong>Representatividade importa sim<\/strong><\/p>\n\n\n\n<p>A visibilidade tamb\u00e9m tem papel transformador. No Brasil, a atriz Let\u00edcia Sabatella compartilhou seu diagn\u00f3stico na vida adulta, ampliando o debate nacional. Internacionalmente, nomes como Greta Thunberg e Alexis Wineman mostram que mulheres no espectro ocupam espa\u00e7os de lideran\u00e7a, arte, ci\u00eancia e ativismo. Elas n\u00e3o representam exce\u00e7\u00f5es. Representam possibilidades. Mais do que diagn\u00f3stico: valida\u00e7\u00e3o.<\/p>\n\n\n\n<p>Receber o diagn\u00f3stico na vida adulta n\u00e3o apaga o passado, mas reorganiza a narrativa. Muitas mulheres relatam sensa\u00e7\u00e3o de liberta\u00e7\u00e3o ao compreender que nunca foram \u201cdif\u00edceis demais\u201d, e sim diferentes em um mundo pouco adaptado \u00e0 diversidade neurol\u00f3gica.<\/p>\n\n\n\n<p class=\"has-black-color has-text-color has-link-color wp-elements-2c5f61ecf06a852434af966d582a8b03\"><strong>Para Dr. Matheus Trilico, o avan\u00e7o passa por tr\u00eas pilares fundamentais:<\/strong><\/p>\n\n\n\n<ul class=\"wp-block-list\">\n<li>Atualiza\u00e7\u00e3o dos crit\u00e9rios diagn\u00f3sticos com olhar sens\u00edvel ao g\u00eanero<\/li>\n\n\n\n<li>Capacita\u00e7\u00e3o de profissionais de sa\u00fade para reconhecer o fen\u00f3tipo feminino<\/li>\n\n\n\n<li>Amplia\u00e7\u00e3o do acesso ao diagn\u00f3stico em todas as regi\u00f5es do pa\u00eds<\/li>\n<\/ul>\n\n\n\n<p><\/p>\n\n\n\n<p>No M\u00eas da Mulher e em todos os meses falar sobre autismo \u00e9 falar sobre sa\u00fade feminina integral. \u00c9 reconhecer que autocuidado tamb\u00e9m envolve autoconhecimento.<\/p>\n\n\n\n<blockquote class=\"wp-block-quote is-layout-flow wp-block-quote-is-layout-flow\">\n<p><strong><mark style=\"background-color:rgba(0, 0, 0, 0)\" class=\"has-inline-color has-black-color\">\u201c\u00c9 permitir que mais mulheres se enxerguem, busquem apoio e construam trajet\u00f3rias com menos culpa e mais pertencimento. Porque quando uma mulher entende sua neurodiverg\u00eancia, ela n\u00e3o descobre uma limita\u00e7\u00e3o e sim descobre uma nova forma de existir no mundo, com dignidade, autonomia e verdade\u201d finaliza o neurologista.<\/mark><\/strong><\/p>\n<\/blockquote>\n","protected":false},"excerpt":{"rendered":"<p>Blog do Eloilton Cajuhy \u2013 BEC &gt;&gt; Siga o canal do BEC no WhatsApp Durante d\u00e9cadas, muitas mulheres foram definidas como \u201csens\u00edveis demais\u201d, \u201cintensas\u201d, \u201cperfeccionistas\u201d ou \u201ct\u00edmidas\u201d. Poucas ouviram a palavra que poderia explicar suas viv\u00eancias desde a inf\u00e2ncia: autismo. O diagn\u00f3stico tardio de TEA em mulheres adultas n\u00e3o \u00e9 exce\u00e7\u00e3o: \u00e9 regra. Na pr\u00e1tica [&hellip;]<\/p>\n","protected":false},"author":2,"featured_media":94089,"comment_status":"open","ping_status":"open","sticky":false,"template":"","format":"standard","meta":{"_acf_changed":false,"_monsterinsights_skip_tracking":false,"_monsterinsights_sitenote_active":false,"_monsterinsights_sitenote_note":"","_monsterinsights_sitenote_category":0,"_jetpack_memberships_contains_paid_content":false,"footnotes":"","jetpack_publicize_message":"","jetpack_publicize_feature_enabled":true,"jetpack_social_post_already_shared":true,"jetpack_social_options":{"image_generator_settings":{"template":"highway","default_image_id":0,"font":"","enabled":false},"version":2}},"categories":[7],"tags":[],"class_list":["post-94083","post","type-post","status-publish","format-standard","has-post-thumbnail","hentry","category-saude"],"acf":[],"jetpack_publicize_connections":[],"jetpack_featured_media_url":"https:\/\/i0.wp.com\/blogdoeloiltoncajuhy.com.br\/site\/wp-content\/uploads\/2026\/03\/Mulheres-Redes-Sociais-M.png?fit=990%2C562&ssl=1","jetpack_sharing_enabled":true,"publishpress_future_workflow_manual_trigger":{"enabledWorkflows":[]},"_links":{"self":[{"href":"https:\/\/blogdoeloiltoncajuhy.com.br\/site\/wp-json\/wp\/v2\/posts\/94083","targetHints":{"allow":["GET"]}}],"collection":[{"href":"https:\/\/blogdoeloiltoncajuhy.com.br\/site\/wp-json\/wp\/v2\/posts"}],"about":[{"href":"https:\/\/blogdoeloiltoncajuhy.com.br\/site\/wp-json\/wp\/v2\/types\/post"}],"author":[{"embeddable":true,"href":"https:\/\/blogdoeloiltoncajuhy.com.br\/site\/wp-json\/wp\/v2\/users\/2"}],"replies":[{"embeddable":true,"href":"https:\/\/blogdoeloiltoncajuhy.com.br\/site\/wp-json\/wp\/v2\/comments?post=94083"}],"version-history":[{"count":2,"href":"https:\/\/blogdoeloiltoncajuhy.com.br\/site\/wp-json\/wp\/v2\/posts\/94083\/revisions"}],"predecessor-version":[{"id":94091,"href":"https:\/\/blogdoeloiltoncajuhy.com.br\/site\/wp-json\/wp\/v2\/posts\/94083\/revisions\/94091"}],"wp:featuredmedia":[{"embeddable":true,"href":"https:\/\/blogdoeloiltoncajuhy.com.br\/site\/wp-json\/wp\/v2\/media\/94089"}],"wp:attachment":[{"href":"https:\/\/blogdoeloiltoncajuhy.com.br\/site\/wp-json\/wp\/v2\/media?parent=94083"}],"wp:term":[{"taxonomy":"category","embeddable":true,"href":"https:\/\/blogdoeloiltoncajuhy.com.br\/site\/wp-json\/wp\/v2\/categories?post=94083"},{"taxonomy":"post_tag","embeddable":true,"href":"https:\/\/blogdoeloiltoncajuhy.com.br\/site\/wp-json\/wp\/v2\/tags?post=94083"}],"curies":[{"name":"wp","href":"https:\/\/api.w.org\/{rel}","templated":true}]}}