{"id":94060,"date":"2026-03-05T00:10:00","date_gmt":"2026-03-05T03:10:00","guid":{"rendered":"https:\/\/blogdoeloiltoncajuhy.com.br\/site\/?p=94060"},"modified":"2026-03-04T19:48:33","modified_gmt":"2026-03-04T22:48:33","slug":"sobrecarga-feminina-amplia-riscos-fisicos-e-emocionais","status":"publish","type":"post","link":"https:\/\/blogdoeloiltoncajuhy.com.br\/site\/sobrecarga-feminina-amplia-riscos-fisicos-e-emocionais\/","title":{"rendered":"Sobrecarga feminina amplia riscos f\u00edsicos e emocionais"},"content":{"rendered":"\n<p class=\"has-black-color has-text-color has-link-color has-medium-font-size wp-elements-bda75e8706febfb6f6886877743c9403\"><strong>Rotina de trabalho, casa e cuidados postergam check-ups e acompanhamento da sa\u00fade mental das mulheres<\/strong><\/p>\n\n\n\n<p><strong>Blog do Eloilton Cajuhy \u2013 BEC<\/strong><\/p>\n\n\n\n<p><strong><a href=\"https:\/\/whatsapp.com\/channel\/0029VaAT7tDLI8Yfj5y9Z50Z\" target=\"_blank\" rel=\"noreferrer noopener\"><mark style=\"background-color:rgba(0, 0, 0, 0)\" class=\"has-inline-color has-luminous-vivid-orange-color\">>> Siga o canal do BEC no WhatsApp<\/mark><\/a><\/strong><\/p>\n\n\n\n<figure class=\"wp-block-image aligncenter size-full\"><a href=\"https:\/\/i0.wp.com\/blogdoeloiltoncajuhy.com.br\/site\/wp-content\/uploads\/2026\/03\/Sobrecarga-emocional-feminina-Reproducao.jpg?ssl=1\"><img data-recalc-dims=\"1\" fetchpriority=\"high\" decoding=\"async\" width=\"740\" height=\"493\" src=\"https:\/\/i0.wp.com\/blogdoeloiltoncajuhy.com.br\/site\/wp-content\/uploads\/2026\/03\/Sobrecarga-emocional-feminina-Reproducao.jpg?resize=740%2C493&#038;ssl=1\" alt=\"\" class=\"wp-image-94061\" srcset=\"https:\/\/i0.wp.com\/blogdoeloiltoncajuhy.com.br\/site\/wp-content\/uploads\/2026\/03\/Sobrecarga-emocional-feminina-Reproducao.jpg?w=740&amp;ssl=1 740w, https:\/\/i0.wp.com\/blogdoeloiltoncajuhy.com.br\/site\/wp-content\/uploads\/2026\/03\/Sobrecarga-emocional-feminina-Reproducao.jpg?resize=300%2C200&amp;ssl=1 300w\" sizes=\"(max-width: 740px) 100vw, 740px\" \/><\/a><figcaption class=\"wp-element-caption\"><sub>Foto: Reprodu\u00e7\u00e3o<\/sub><\/figcaption><\/figure>\n\n\n\n<p>A soma das jornadas, como trabalho, casa, fam\u00edlia e cuidado de outras pessoas, segue postergando a sa\u00fade das mulheres para o fim da lista. Em 2022, mulheres com 14 anos ou mais se dedicaram, em m\u00e9dia, 21,3 horas semanais aos afazeres dom\u00e9sticos e\/ou ao cuidado de pessoas, quase o dobro de tempo entre homens (11,7 horas), segundo o IBGE. Essa sobrecarga aparece nos consult\u00f3rios como consultas adiadas, exames fora do prazo e uma busca por atendimento apenas quando sintomas persistem ou se agravam.<\/p>\n\n\n\n<p>Do ponto de vista da preven\u00e7\u00e3o, o atraso tem efeito direto sobre o rastreamento e a detec\u00e7\u00e3o precoce. Nas capitais e do Distrito Federal, o Vigitel do Minist\u00e9rio da Sa\u00fade mostra que, em 2024, 75,2% das mulheres de 50 a 69 anos relataram ter realizado mamografia nos \u00faltimos dois anos. J\u00e1 a cobertura do exame citopatol\u00f3gico (Papanicolau), entre mulheres de 25 a 64 anos, ficou em 80,3% no mesmo per\u00edodo. Embora positivos, os indicadores n\u00e3o anulam os riscos: lacunas individuais permanecem quando o acompanhamento \u00e9 irregular, feito fora do tempo recomendado ou interrompido por falta de tempo de agenda.<\/p>\n\n\n\n<p>A dimens\u00e3o emocional tamb\u00e9m pesa. O Vigitel aponta aumento no diagn\u00f3stico m\u00e9dico de depress\u00e3o entre mulheres nas capitais e no DF, chegando a 19,7% em 2024. No mesmo levantamento, 31,7% das pessoas relataram sintomas de ins\u00f4nia, \u00edndice maior entre mulheres (36,2%) do que entre homens (26,2%).<\/p>\n\n\n\n<p>\u201cQuando a mulher passa muito tempo operando no modo \u2018dar conta de tudo\u2019, ela tende a normalizar sinais que deveriam acender alerta: exaust\u00e3o persistente, altera\u00e7\u00f5es de sono, ansiedade, sintomas depressivos, dor p\u00e9lvica e sangramentos fora do padr\u00e3o. Adiar avalia\u00e7\u00e3o e acompanhamento transforma inc\u00f4modos trat\u00e1veis em quadros mais complexos\u201d, afirma Dra. Aline Marques, ginecologista do Hospital e Maternidade Santa Joana.<\/p>\n\n\n\n<p>O tema ganha ainda mais relev\u00e2ncia diante do cen\u00e1rio do c\u00e2ncer de mama. De acordo com a estimativa mais recente dispon\u00edvel do Minist\u00e9rio da Sa\u00fade e do INCA (v\u00e1lida at\u00e9 2025), o Brasil deve registrar 73.610 novos casos de c\u00e2ncer de mama. O levantamento aponta ainda que o SUS realizou 4,4 milh\u00f5es de mamografias em 2024, sendo 2,6 milh\u00f5es na faixa et\u00e1ria priorit\u00e1ria (50 a 74 anos), e registrou mais de 20 mil \u00f3bitos por c\u00e2ncer de mama em 2023.<\/p>\n\n\n\n<p>\u201cQuando a sa\u00fade fica para depois, o risco chega antes. \u00c9 por isso que incluir o cuidado f\u00edsico e mental na rotina, com a mesma prioridade das outras responsabilidades, n\u00e3o \u00e9 op\u00e7\u00e3o, \u00e9 necessidade\u201d, completa Dra. Aline.<\/p>\n","protected":false},"excerpt":{"rendered":"<p>Rotina de trabalho, casa e cuidados postergam check-ups e acompanhamento da sa\u00fade mental das mulheres Blog do Eloilton Cajuhy \u2013 BEC >> Siga o canal do BEC no WhatsApp A soma das jornadas, como trabalho, casa, fam\u00edlia e cuidado de outras pessoas, segue postergando a sa\u00fade das mulheres para o fim da lista. Em 2022, [&hellip;]<\/p>\n","protected":false},"author":2,"featured_media":94061,"comment_status":"open","ping_status":"open","sticky":false,"template":"","format":"standard","meta":{"_acf_changed":false,"_monsterinsights_skip_tracking":false,"_monsterinsights_sitenote_active":false,"_monsterinsights_sitenote_note":"","_monsterinsights_sitenote_category":0,"_jetpack_memberships_contains_paid_content":false,"footnotes":"","jetpack_publicize_message":"","jetpack_publicize_feature_enabled":true,"jetpack_social_post_already_shared":true,"jetpack_social_options":{"image_generator_settings":{"template":"highway","default_image_id":0,"font":"","enabled":false},"version":2}},"categories":[7],"tags":[],"class_list":["post-94060","post","type-post","status-publish","format-standard","has-post-thumbnail","hentry","category-saude"],"acf":[],"jetpack_publicize_connections":[],"jetpack_featured_media_url":"https:\/\/i0.wp.com\/blogdoeloiltoncajuhy.com.br\/site\/wp-content\/uploads\/2026\/03\/Sobrecarga-emocional-feminina-Reproducao.jpg?fit=740%2C493&ssl=1","jetpack_sharing_enabled":true,"publishpress_future_workflow_manual_trigger":{"enabledWorkflows":[]},"_links":{"self":[{"href":"https:\/\/blogdoeloiltoncajuhy.com.br\/site\/wp-json\/wp\/v2\/posts\/94060","targetHints":{"allow":["GET"]}}],"collection":[{"href":"https:\/\/blogdoeloiltoncajuhy.com.br\/site\/wp-json\/wp\/v2\/posts"}],"about":[{"href":"https:\/\/blogdoeloiltoncajuhy.com.br\/site\/wp-json\/wp\/v2\/types\/post"}],"author":[{"embeddable":true,"href":"https:\/\/blogdoeloiltoncajuhy.com.br\/site\/wp-json\/wp\/v2\/users\/2"}],"replies":[{"embeddable":true,"href":"https:\/\/blogdoeloiltoncajuhy.com.br\/site\/wp-json\/wp\/v2\/comments?post=94060"}],"version-history":[{"count":1,"href":"https:\/\/blogdoeloiltoncajuhy.com.br\/site\/wp-json\/wp\/v2\/posts\/94060\/revisions"}],"predecessor-version":[{"id":94062,"href":"https:\/\/blogdoeloiltoncajuhy.com.br\/site\/wp-json\/wp\/v2\/posts\/94060\/revisions\/94062"}],"wp:featuredmedia":[{"embeddable":true,"href":"https:\/\/blogdoeloiltoncajuhy.com.br\/site\/wp-json\/wp\/v2\/media\/94061"}],"wp:attachment":[{"href":"https:\/\/blogdoeloiltoncajuhy.com.br\/site\/wp-json\/wp\/v2\/media?parent=94060"}],"wp:term":[{"taxonomy":"category","embeddable":true,"href":"https:\/\/blogdoeloiltoncajuhy.com.br\/site\/wp-json\/wp\/v2\/categories?post=94060"},{"taxonomy":"post_tag","embeddable":true,"href":"https:\/\/blogdoeloiltoncajuhy.com.br\/site\/wp-json\/wp\/v2\/tags?post=94060"}],"curies":[{"name":"wp","href":"https:\/\/api.w.org\/{rel}","templated":true}]}}