{"id":94035,"date":"2026-03-04T00:10:00","date_gmt":"2026-03-04T03:10:00","guid":{"rendered":"https:\/\/blogdoeloiltoncajuhy.com.br\/site\/?p=94035"},"modified":"2026-03-03T19:07:36","modified_gmt":"2026-03-03T22:07:36","slug":"cancer-do-colo-do-utero-avanca-em-silencio-prevencao-e-diagnostico-ainda-sao-gargalos","status":"publish","type":"post","link":"https:\/\/blogdoeloiltoncajuhy.com.br\/site\/cancer-do-colo-do-utero-avanca-em-silencio-prevencao-e-diagnostico-ainda-sao-gargalos\/","title":{"rendered":"C\u00e2ncer do colo do \u00fatero avan\u00e7a em sil\u00eancio: preven\u00e7\u00e3o e diagn\u00f3stico ainda s\u00e3o gargalos"},"content":{"rendered":"\n<p class=\"has-medium-font-size\"><strong>Mesmo com vacina e exames capazes de prevenir e detectar precocemente a doen\u00e7a, o c\u00e2ncer de colo do \u00fatero ainda mata milhares de brasileiras todos os anos \u2014 e exp\u00f5e falhas no acesso \u00e0 informa\u00e7\u00e3o, ao rastreamento e ao tratamento adequado<\/strong><\/p>\n\n\n\n<p><strong>Blog do Eloilton Cajuhy \u2013 BEC<\/strong><\/p>\n\n\n\n<p><strong><a href=\"https:\/\/whatsapp.com\/channel\/0029VaAT7tDLI8Yfj5y9Z50Z\" target=\"_blank\" rel=\"noreferrer noopener\"><mark style=\"background-color:rgba(0, 0, 0, 0)\" class=\"has-inline-color has-luminous-vivid-orange-color\">>> Siga o canal do BEC no WhatsApp<\/mark><\/a><\/strong><\/p>\n\n\n\n<figure class=\"wp-block-image aligncenter size-full\"><a href=\"https:\/\/i0.wp.com\/blogdoeloiltoncajuhy.com.br\/site\/wp-content\/uploads\/2026\/03\/Cancer-do-colo-do-utero-Foto-Imed-Saude.jpg?ssl=1\"><img data-recalc-dims=\"1\" fetchpriority=\"high\" decoding=\"async\" width=\"780\" height=\"544\" src=\"https:\/\/i0.wp.com\/blogdoeloiltoncajuhy.com.br\/site\/wp-content\/uploads\/2026\/03\/Cancer-do-colo-do-utero-Foto-Imed-Saude.jpg?resize=780%2C544&#038;ssl=1\" alt=\"\" class=\"wp-image-94036\" srcset=\"https:\/\/i0.wp.com\/blogdoeloiltoncajuhy.com.br\/site\/wp-content\/uploads\/2026\/03\/Cancer-do-colo-do-utero-Foto-Imed-Saude.jpg?w=780&amp;ssl=1 780w, https:\/\/i0.wp.com\/blogdoeloiltoncajuhy.com.br\/site\/wp-content\/uploads\/2026\/03\/Cancer-do-colo-do-utero-Foto-Imed-Saude.jpg?resize=300%2C209&amp;ssl=1 300w, https:\/\/i0.wp.com\/blogdoeloiltoncajuhy.com.br\/site\/wp-content\/uploads\/2026\/03\/Cancer-do-colo-do-utero-Foto-Imed-Saude.jpg?resize=768%2C536&amp;ssl=1 768w\" sizes=\"(max-width: 780px) 100vw, 780px\" \/><\/a><\/figure>\n\n\n\n<p>Apesar de ser um dos poucos tipos de c\u00e2ncer que podem ser efetivamente prevenidos e at\u00e9 eliminados como problema de sa\u00fade p\u00fablica, o c\u00e2ncer do colo do \u00fatero ainda imp\u00f5e uma realidade dura \u00e0s mulheres brasileiras. A cada ano, o pa\u00eds registra cerca de 17 mil novos casos, segundo estimativas do Instituto Nacional de C\u00e2ncer (INCA), mantendo a doen\u00e7a entre as principais causas de morte por c\u00e2ncer na popula\u00e7\u00e3o feminina, especialmente nas regi\u00f5es Norte e Nordeste.<\/p>\n\n\n\n<p>Globalmente, a Organiza\u00e7\u00e3o Mundial da Sa\u00fade (OMS) estabeleceu, em 2020, uma estrat\u00e9gia para eliminar o c\u00e2ncer do colo do \u00fatero at\u00e9 o fim do s\u00e9culo, com metas claras: 90% das meninas vacinadas contra o HPV at\u00e9 os 15 anos, 70% das mulheres rastreadas com teste de alta performance ao longo da vida e 90% das mulheres diagnosticadas tratadas adequadamente. O Brasil aderiu ao compromisso, mas ainda enfrenta dificuldades para alcan\u00e7ar a cobertura vacinal ideal e ampliar o acesso a exames mais sens\u00edveis.<\/p>\n\n\n\n<p>A medida \u00e9 importante porque quase todos os casos de c\u00e2ncer do colo do \u00fatero est\u00e3o associados \u00e0 infec\u00e7\u00e3o persistente pelo papilomav\u00edrus humano (HPV), um v\u00edrus extremamente comum, transmitido principalmente por via sexual. \u201cNa maioria das vezes, o HPV \u00e9 eliminado naturalmente pelo organismo. O risco surge quando essa infec\u00e7\u00e3o persiste ao longo dos anos e provoca altera\u00e7\u00f5es nas c\u00e9lulas do colo do \u00fatero, que podem evoluir gradualmente at\u00e9 se tornarem um c\u00e2ncer invasivo\u201d, explica a Dra. Michelle Samora, oncologista do Hcor.<\/p>\n\n\n\n<p>Um dos maiores desafios \u00e9 que a doen\u00e7a costuma evoluir sem sinais evidentes nas fases iniciais. \u201cEsse \u00e9 um tumor que pode permanecer assintom\u00e1tico por muito tempo. Quando surgem sintomas, como sangramento fora do per\u00edodo menstrual, sangramento ap\u00f3s a rela\u00e7\u00e3o sexual ou corrimento persistente, muitas vezes a doen\u00e7a j\u00e1 est\u00e1 em est\u00e1gio mais avan\u00e7ado\u201d, alerta a especialista. \u201cPor isso, o rastreamento regular \u00e9 essencial, mesmo na aus\u00eancia de qualquer desconforto.\u201d<\/p>\n\n\n\n<p>Para a m\u00e9dica, o cen\u00e1rio brasileiro revela uma contradi\u00e7\u00e3o preocupante. \u201cEstamos falando de um c\u00e2ncer que tem vacina e m\u00e9todos eficazes de detec\u00e7\u00e3o precoce. Ainda assim, ele continua afetando mulheres em idade produtiva. Isso mostra que o desafio hoje n\u00e3o \u00e9 falta de tecnologia, mas garantir acesso consistente \u00e0 preven\u00e7\u00e3o e ao diagn\u00f3stico\u201d, afirma.<\/p>\n\n\n\n<p>Tradicionalmente, o rastreamento era feito por meio do exame citopatol\u00f3gico, conhecido como Papanicolau. No entanto, evid\u00eancias cient\u00edficas recentes apontam que o teste molecular para detec\u00e7\u00e3o do HPV \u00e9 mais sens\u00edvel para identificar mulheres em risco, permitindo intervalos maiores entre os exames quando o resultado \u00e9 negativo. Pa\u00edses que migraram para o teste de HPV como m\u00e9todo prim\u00e1rio de rastreamento j\u00e1 observam redu\u00e7\u00e3o mais acelerada na incid\u00eancia da doen\u00e7a. No Brasil, a incorpora\u00e7\u00e3o desse modelo ainda \u00e9 gradual e desigual.<\/p>\n\n\n\n<p>\u201cO c\u00e2ncer do colo do \u00fatero n\u00e3o \u00e9 uma doen\u00e7a \u00fanica. Existem subtipos com comportamentos diferentes. O adenocarcinoma, por exemplo, tem aumentado proporcionalmente e pode ser mais dif\u00edcil de identificar apenas com a citologia convencional. Isso refor\u00e7a a necessidade de m\u00e9todos de rastreamento mais sens\u00edveis e estrat\u00e9gias atualizadas\u201d, destaca a Dra. Michelle.<\/p>\n\n\n\n<p>A preven\u00e7\u00e3o se apoia em dois pilares principais: vacina\u00e7\u00e3o e rastreamento. A vacina contra o HPV, dispon\u00edvel gratuitamente no Sistema \u00danico de Sa\u00fade para meninas e meninos, protege contra os principais tipos virais associados ao c\u00e2ncer. Estudos de longo prazo j\u00e1 demonstram queda significativa nas les\u00f5es pr\u00e9-cancerosas em pa\u00edses com alta cobertura vacinal. No Brasil, o esquema preconizado pelo Programa Nacional de Imuniza\u00e7\u00f5es \u00e9 de dose \u00fanica para meninas e meninos de 9 a 14 anos. O Brasil atingiu em 2024, mais de 82% de cobertura vacinal contra o HPV entre meninas desta faixa et\u00e1ria, superando a m\u00e9dia global de 12%, segundo dados OMS. Entre os meninos da mesma faixa et\u00e1ria, a cobertura chega a 67%. Para indiv\u00edduos fora dessa faixa et\u00e1ria ou pertencentes a grupos especiais, a vacina\u00e7\u00e3o segue esquemas diferenciados.<\/p>\n\n\n\n<p>No campo do tratamento, os avan\u00e7os tamb\u00e9m s\u00e3o relevantes e t\u00eam permitido abordagens cada vez mais individualizadas. Al\u00e9m da cirurgia, da radioterapia e quimioterapia, que continuam sendo pilares no tratamento do c\u00e2ncer do colo do \u00fatero, contamos com terapias mais modernas como a imunoterapia, que estimula o pr\u00f3prio sistema imunol\u00f3gico da paciente a reconhecer e combater as c\u00e9lulas tumorais e medicamentos que funcionam como uma esp\u00e9cie de \u201centrega direcionada\u201d de quimioterapia, buscando maior precis\u00e3o e menor impacto em tecidos saud\u00e1veis.<\/p>\n\n\n\n<p>\u201cTemos ferramentas eficazes para reduzir drasticamente a incid\u00eancia e a mortalidade por esse c\u00e2ncer nas pr\u00f3ximas d\u00e9cadas. O que precisamos \u00e9 ampliar a cobertura vacinal, fortalecer o rastreamento e garantir que o tratamento seja iniciado no tempo adequado. A elimina\u00e7\u00e3o do c\u00e2ncer de colo do \u00fatero como problema de sa\u00fade p\u00fablica \u00e9 poss\u00edvel, mas depende de compromisso cont\u00ednuo\u201d, conclui.<\/p>\n","protected":false},"excerpt":{"rendered":"<p>Mesmo com vacina e exames capazes de prevenir e detectar precocemente a doen\u00e7a, o c\u00e2ncer de colo do \u00fatero ainda mata milhares de brasileiras todos os anos \u2014 e exp\u00f5e falhas no acesso \u00e0 informa\u00e7\u00e3o, ao rastreamento e ao tratamento adequado Blog do Eloilton Cajuhy \u2013 BEC >> Siga o canal do BEC no WhatsApp [&hellip;]<\/p>\n","protected":false},"author":2,"featured_media":94036,"comment_status":"open","ping_status":"open","sticky":false,"template":"","format":"standard","meta":{"_acf_changed":false,"_monsterinsights_skip_tracking":false,"_monsterinsights_sitenote_active":false,"_monsterinsights_sitenote_note":"","_monsterinsights_sitenote_category":0,"_jetpack_memberships_contains_paid_content":false,"footnotes":"","jetpack_publicize_message":"","jetpack_publicize_feature_enabled":true,"jetpack_social_post_already_shared":true,"jetpack_social_options":{"image_generator_settings":{"template":"highway","default_image_id":0,"font":"","enabled":false},"version":2}},"categories":[7],"tags":[],"class_list":["post-94035","post","type-post","status-publish","format-standard","has-post-thumbnail","hentry","category-saude"],"acf":[],"jetpack_publicize_connections":[],"jetpack_featured_media_url":"https:\/\/i0.wp.com\/blogdoeloiltoncajuhy.com.br\/site\/wp-content\/uploads\/2026\/03\/Cancer-do-colo-do-utero-Foto-Imed-Saude.jpg?fit=780%2C544&ssl=1","jetpack_sharing_enabled":true,"publishpress_future_workflow_manual_trigger":{"enabledWorkflows":[]},"_links":{"self":[{"href":"https:\/\/blogdoeloiltoncajuhy.com.br\/site\/wp-json\/wp\/v2\/posts\/94035","targetHints":{"allow":["GET"]}}],"collection":[{"href":"https:\/\/blogdoeloiltoncajuhy.com.br\/site\/wp-json\/wp\/v2\/posts"}],"about":[{"href":"https:\/\/blogdoeloiltoncajuhy.com.br\/site\/wp-json\/wp\/v2\/types\/post"}],"author":[{"embeddable":true,"href":"https:\/\/blogdoeloiltoncajuhy.com.br\/site\/wp-json\/wp\/v2\/users\/2"}],"replies":[{"embeddable":true,"href":"https:\/\/blogdoeloiltoncajuhy.com.br\/site\/wp-json\/wp\/v2\/comments?post=94035"}],"version-history":[{"count":1,"href":"https:\/\/blogdoeloiltoncajuhy.com.br\/site\/wp-json\/wp\/v2\/posts\/94035\/revisions"}],"predecessor-version":[{"id":94037,"href":"https:\/\/blogdoeloiltoncajuhy.com.br\/site\/wp-json\/wp\/v2\/posts\/94035\/revisions\/94037"}],"wp:featuredmedia":[{"embeddable":true,"href":"https:\/\/blogdoeloiltoncajuhy.com.br\/site\/wp-json\/wp\/v2\/media\/94036"}],"wp:attachment":[{"href":"https:\/\/blogdoeloiltoncajuhy.com.br\/site\/wp-json\/wp\/v2\/media?parent=94035"}],"wp:term":[{"taxonomy":"category","embeddable":true,"href":"https:\/\/blogdoeloiltoncajuhy.com.br\/site\/wp-json\/wp\/v2\/categories?post=94035"},{"taxonomy":"post_tag","embeddable":true,"href":"https:\/\/blogdoeloiltoncajuhy.com.br\/site\/wp-json\/wp\/v2\/tags?post=94035"}],"curies":[{"name":"wp","href":"https:\/\/api.w.org\/{rel}","templated":true}]}}