{"id":94031,"date":"2026-03-03T18:44:38","date_gmt":"2026-03-03T21:44:38","guid":{"rendered":"https:\/\/blogdoeloiltoncajuhy.com.br\/site\/?p=94031"},"modified":"2026-03-03T18:44:39","modified_gmt":"2026-03-03T21:44:39","slug":"bahia-abre-61-mil-novos-postos-formais-de-trabalho-em-janeiro","status":"publish","type":"post","link":"https:\/\/blogdoeloiltoncajuhy.com.br\/site\/bahia-abre-61-mil-novos-postos-formais-de-trabalho-em-janeiro\/","title":{"rendered":"Bahia abre 6,1 mil novos postos formais de trabalho em janeiro"},"content":{"rendered":"\n<p class=\"has-medium-font-size\"><strong>Em todo o pa\u00eds foram gerados 112,3 mil empregos com carteira assinada, segundo dados do Novo Caged, divulgados nesta ter\u00e7a-feira (3) pelo Minist\u00e9rio do Trabalho e Emprego<\/strong><\/p>\n\n\n\n<p><strong>Blog do Eloilton Cajuhy \u2013 BEC<\/strong><\/p>\n\n\n\n<p><strong><a href=\"https:\/\/whatsapp.com\/channel\/0029VaAT7tDLI8Yfj5y9Z50Z\" target=\"_blank\" rel=\"noreferrer noopener\"><mark style=\"background-color:rgba(0, 0, 0, 0)\" class=\"has-inline-color has-luminous-vivid-orange-color\">>> Siga o canal do BEC no WhatsApp<\/mark><\/a><\/strong><\/p>\n\n\n\n<figure class=\"wp-block-image aligncenter size-full\"><a href=\"https:\/\/i0.wp.com\/blogdoeloiltoncajuhy.com.br\/site\/wp-content\/uploads\/2026\/03\/Trabalho-Emprego-Carteira-Vagas-Foto-Paulo-Pinto-Agencia-Brasil.jpg?ssl=1\"><img data-recalc-dims=\"1\" fetchpriority=\"high\" decoding=\"async\" width=\"768\" height=\"512\" src=\"https:\/\/i0.wp.com\/blogdoeloiltoncajuhy.com.br\/site\/wp-content\/uploads\/2026\/03\/Trabalho-Emprego-Carteira-Vagas-Foto-Paulo-Pinto-Agencia-Brasil.jpg?resize=768%2C512&#038;ssl=1\" alt=\"\" class=\"wp-image-94032\" srcset=\"https:\/\/i0.wp.com\/blogdoeloiltoncajuhy.com.br\/site\/wp-content\/uploads\/2026\/03\/Trabalho-Emprego-Carteira-Vagas-Foto-Paulo-Pinto-Agencia-Brasil.jpg?w=768&amp;ssl=1 768w, https:\/\/i0.wp.com\/blogdoeloiltoncajuhy.com.br\/site\/wp-content\/uploads\/2026\/03\/Trabalho-Emprego-Carteira-Vagas-Foto-Paulo-Pinto-Agencia-Brasil.jpg?resize=300%2C200&amp;ssl=1 300w\" sizes=\"(max-width: 768px) 100vw, 768px\" \/><\/a><figcaption class=\"wp-element-caption\"><sub>No recorte populacional, os homens ocuparam, em janeiro, a maioria das vagas formais geradas. Por faixa et\u00e1ria, jovens de at\u00e9 24 anos ocuparam 99,5% dos postos. No quesito ra\u00e7a, a maior parte foi preenchida por pessoas pardas &#8211; Foto: Paulo Pinto\/Ag\u00eancia Brasil<\/sub><\/figcaption><\/figure>\n\n\n\n<p>A Bahia gerou, em janeiro, 6.124 novos empregos com carteira assinada. Os dados s\u00e3o do Novo Caged e foram divulgados nesta ter\u00e7a-feira (3), pelo Minist\u00e9rio do Trabalho e Emprego.<\/p>\n\n\n\n<p>Dos cinco principais grupos de atividades econ\u00f4micas, quatro apresentaram resultado positivo no primeiro m\u00eas do ano no estado. O setor de Servi\u00e7os foi o que mais gerou postos de trabalho formais, tendo aberto 4.324 novos empregos com carteira assinada. Em seguida, aparecem Constru\u00e7\u00e3o (2.722), Ind\u00fastria (1.022) e Agropecu\u00e1ria (980). Apenas Com\u00e9rcio registrou desempenho negativo (-2.924).<\/p>\n\n\n\n<p>Salvador foi o munic\u00edpio baiano que mais criou vagas de trabalho formais em janeiro: 3,1 mil. A capital da Bahia tem atualmente um estoque formal de 700 mil v\u00ednculos. Em seguida, os munic\u00edpios que mais geraram vagas com carteira assinada no estado foram: Ourol\u00e2ndia (823), Ribeira do Amparo (561), Lu\u00eds Eduardo Magalh\u00e3es (383) e S\u00e3o Desid\u00e9rio (309).<\/p>\n\n\n\n<p>Os novos empregos com carteira assinada gerados em janeiro no estado foram ocupados, em sua maioria, por pessoas do sexo masculino (4,3 mil), com as mulheres tendo ocupado 1,7 mil vagas. Pessoas com ensino m\u00e9dio completo foram as principais atendidas com as vagas na Bahia (4,8 mil). Jovens entre 18 e 24 anos s\u00e3o o grupo com maior saldo de vagas no estado: 3,8 mil.<\/p>\n\n\n\n<p class=\"has-black-color has-text-color has-link-color has-medium-font-size wp-elements-fe981ac98933db42f29fddecc9df0163\"><strong>Nacional<\/strong><\/p>\n\n\n\n<p>O Brasil gerou 112.334 novos empregos com carteira assinada em janeiro de 2026, resultado de 2.208.030 admiss\u00f5es e 2.095.696 desligamentos. No acumulado de 12 meses, de fevereiro de 2025 a janeiro de 2026, foram gerados mais de 1,22 milh\u00e3o de novos postos formais. Com isso, o estoque total de v\u00ednculos cresceu 2,6%, passando de 47,34 milh\u00f5es para 48,57 milh\u00f5es de trabalhadores formalizados.<\/p>\n\n\n\n<figure class=\"wp-block-image aligncenter size-full\"><a href=\"https:\/\/i0.wp.com\/blogdoeloiltoncajuhy.com.br\/site\/wp-content\/uploads\/2026\/03\/GOVFED_Dados-do-Novo-Caged-em-janeiro-de-2026.jpg?ssl=1\"><img data-recalc-dims=\"1\" decoding=\"async\" width=\"657\" height=\"920\" src=\"https:\/\/i0.wp.com\/blogdoeloiltoncajuhy.com.br\/site\/wp-content\/uploads\/2026\/03\/GOVFED_Dados-do-Novo-Caged-em-janeiro-de-2026.jpg?resize=657%2C920&#038;ssl=1\" alt=\"\" class=\"wp-image-94033\" srcset=\"https:\/\/i0.wp.com\/blogdoeloiltoncajuhy.com.br\/site\/wp-content\/uploads\/2026\/03\/GOVFED_Dados-do-Novo-Caged-em-janeiro-de-2026.jpg?w=657&amp;ssl=1 657w, https:\/\/i0.wp.com\/blogdoeloiltoncajuhy.com.br\/site\/wp-content\/uploads\/2026\/03\/GOVFED_Dados-do-Novo-Caged-em-janeiro-de-2026.jpg?resize=214%2C300&amp;ssl=1 214w\" sizes=\"(max-width: 657px) 100vw, 657px\" \/><\/a><figcaption class=\"wp-element-caption\"><sub>Dados do Novo Caged em janeiro de 2026<\/sub><\/figcaption><\/figure>\n","protected":false},"excerpt":{"rendered":"<p>Em todo o pa\u00eds foram gerados 112,3 mil empregos com carteira assinada, segundo dados do Novo Caged, divulgados nesta ter\u00e7a-feira (3) pelo Minist\u00e9rio do Trabalho e Emprego Blog do Eloilton Cajuhy \u2013 BEC >> Siga o canal do BEC no WhatsApp A Bahia gerou, em janeiro, 6.124 novos empregos com carteira assinada. Os dados s\u00e3o [&hellip;]<\/p>\n","protected":false},"author":2,"featured_media":94032,"comment_status":"open","ping_status":"open","sticky":false,"template":"","format":"standard","meta":{"_acf_changed":false,"_monsterinsights_skip_tracking":false,"_monsterinsights_sitenote_active":false,"_monsterinsights_sitenote_note":"","_monsterinsights_sitenote_category":0,"_jetpack_memberships_contains_paid_content":false,"footnotes":"","jetpack_publicize_message":"","jetpack_publicize_feature_enabled":true,"jetpack_social_post_already_shared":false,"jetpack_social_options":{"image_generator_settings":{"template":"highway","default_image_id":0,"font":"","enabled":false},"version":2}},"categories":[31],"tags":[],"class_list":["post-94031","post","type-post","status-publish","format-standard","has-post-thumbnail","hentry","category-economia"],"acf":[],"jetpack_publicize_connections":[],"jetpack_featured_media_url":"https:\/\/i0.wp.com\/blogdoeloiltoncajuhy.com.br\/site\/wp-content\/uploads\/2026\/03\/Trabalho-Emprego-Carteira-Vagas-Foto-Paulo-Pinto-Agencia-Brasil.jpg?fit=768%2C512&ssl=1","jetpack_sharing_enabled":true,"publishpress_future_workflow_manual_trigger":{"enabledWorkflows":[]},"_links":{"self":[{"href":"https:\/\/blogdoeloiltoncajuhy.com.br\/site\/wp-json\/wp\/v2\/posts\/94031","targetHints":{"allow":["GET"]}}],"collection":[{"href":"https:\/\/blogdoeloiltoncajuhy.com.br\/site\/wp-json\/wp\/v2\/posts"}],"about":[{"href":"https:\/\/blogdoeloiltoncajuhy.com.br\/site\/wp-json\/wp\/v2\/types\/post"}],"author":[{"embeddable":true,"href":"https:\/\/blogdoeloiltoncajuhy.com.br\/site\/wp-json\/wp\/v2\/users\/2"}],"replies":[{"embeddable":true,"href":"https:\/\/blogdoeloiltoncajuhy.com.br\/site\/wp-json\/wp\/v2\/comments?post=94031"}],"version-history":[{"count":1,"href":"https:\/\/blogdoeloiltoncajuhy.com.br\/site\/wp-json\/wp\/v2\/posts\/94031\/revisions"}],"predecessor-version":[{"id":94034,"href":"https:\/\/blogdoeloiltoncajuhy.com.br\/site\/wp-json\/wp\/v2\/posts\/94031\/revisions\/94034"}],"wp:featuredmedia":[{"embeddable":true,"href":"https:\/\/blogdoeloiltoncajuhy.com.br\/site\/wp-json\/wp\/v2\/media\/94032"}],"wp:attachment":[{"href":"https:\/\/blogdoeloiltoncajuhy.com.br\/site\/wp-json\/wp\/v2\/media?parent=94031"}],"wp:term":[{"taxonomy":"category","embeddable":true,"href":"https:\/\/blogdoeloiltoncajuhy.com.br\/site\/wp-json\/wp\/v2\/categories?post=94031"},{"taxonomy":"post_tag","embeddable":true,"href":"https:\/\/blogdoeloiltoncajuhy.com.br\/site\/wp-json\/wp\/v2\/tags?post=94031"}],"curies":[{"name":"wp","href":"https:\/\/api.w.org\/{rel}","templated":true}]}}