{"id":94024,"date":"2026-03-03T15:58:15","date_gmt":"2026-03-03T18:58:15","guid":{"rendered":"https:\/\/blogdoeloiltoncajuhy.com.br\/site\/?p=94024"},"modified":"2026-03-03T15:58:17","modified_gmt":"2026-03-03T18:58:17","slug":"homem-e-preso-apos-sequestrar-a-filha-de-2-anos-jogar-combustivel-nela-e-enviar-ameaca-a-ex-vou-por-fogo-no-carro-com-tudo-dentro","status":"publish","type":"post","link":"https:\/\/blogdoeloiltoncajuhy.com.br\/site\/homem-e-preso-apos-sequestrar-a-filha-de-2-anos-jogar-combustivel-nela-e-enviar-ameaca-a-ex-vou-por-fogo-no-carro-com-tudo-dentro\/","title":{"rendered":"Homem \u00e9 preso ap\u00f3s sequestrar a filha de 2 anos, jogar combust\u00edvel nela e enviar amea\u00e7a \u00e0 ex: &#8216;Vou p\u00f4r fogo no carro com tudo dentro&#8217;"},"content":{"rendered":"\n<p class=\"has-medium-font-size\"><strong>C\u00e2meras registraram momento em que ele comprou combust\u00edvel<\/strong><\/p>\n\n\n\n<p><strong>Por Daniely Fernades, EPTV e g1 Campinas e Regi\u00e3o<\/strong><\/p>\n\n\n\n<p><strong><a href=\"https:\/\/whatsapp.com\/channel\/0029VaAT7tDLI8Yfj5y9Z50Z\" target=\"_blank\" rel=\"noreferrer noopener\"><mark style=\"background-color:rgba(0, 0, 0, 0)\" class=\"has-inline-color has-luminous-vivid-orange-color\">>> Siga o canal do BEC no WhatsApp<\/mark><\/a><\/strong><\/p>\n\n\n\n<figure class=\"wp-block-image aligncenter size-full is-resized\"><a href=\"https:\/\/i0.wp.com\/blogdoeloiltoncajuhy.com.br\/site\/wp-content\/uploads\/2026\/03\/Homem-e-preso-por-tentativa-de-homicidio-%E2%80%94-Foto-Reproducao-EPTV.jpeg?ssl=1\"><img data-recalc-dims=\"1\" fetchpriority=\"high\" decoding=\"async\" width=\"800\" height=\"585\" src=\"https:\/\/i0.wp.com\/blogdoeloiltoncajuhy.com.br\/site\/wp-content\/uploads\/2026\/03\/Homem-e-preso-por-tentativa-de-homicidio-%E2%80%94-Foto-Reproducao-EPTV.jpeg?resize=800%2C585&#038;ssl=1\" alt=\"\" class=\"wp-image-94025\" style=\"aspect-ratio:1.3666817927021329;width:677px;height:auto\" srcset=\"https:\/\/i0.wp.com\/blogdoeloiltoncajuhy.com.br\/site\/wp-content\/uploads\/2026\/03\/Homem-e-preso-por-tentativa-de-homicidio-%E2%80%94-Foto-Reproducao-EPTV.jpeg?w=820&amp;ssl=1 820w, https:\/\/i0.wp.com\/blogdoeloiltoncajuhy.com.br\/site\/wp-content\/uploads\/2026\/03\/Homem-e-preso-por-tentativa-de-homicidio-%E2%80%94-Foto-Reproducao-EPTV.jpeg?resize=300%2C220&amp;ssl=1 300w, https:\/\/i0.wp.com\/blogdoeloiltoncajuhy.com.br\/site\/wp-content\/uploads\/2026\/03\/Homem-e-preso-por-tentativa-de-homicidio-%E2%80%94-Foto-Reproducao-EPTV.jpeg?resize=768%2C562&amp;ssl=1 768w\" sizes=\"(max-width: 800px) 100vw, 800px\" \/><\/a><figcaption class=\"wp-element-caption\"><sub>Homem \u00e9 preso por tentativa de homic\u00eddio ap\u00f3s sequestrar filha e jogar combust\u00edvel nela em Sumar\u00e9 \u2014 Foto: Reprodu\u00e7\u00e3o\/EPTV<\/sub><\/figcaption><\/figure>\n\n\n\n<p>Um homem de 34 anos foi preso por tentativa de homic\u00eddio em Sumar\u00e9 (SP), na noite desta segunda-feira (2), depois de jogar combust\u00edvel na filha de 2 anos, no carro em que eles estavam e nele pr\u00f3prio.<\/p>\n\n\n\n<p>Segundo informa\u00e7\u00f5es da pol\u00edcia, o suspeito enviou amea\u00e7as para a m\u00e3e da crian\u00e7a, de quem se separou no fim do ano passado, dizendo que colocaria fogo no ve\u00edculo.<\/p>\n\n\n\n<p>Perseguido pela Pol\u00edcia Militar durante a fuga, ele chegou a capotar o carro e a menina teve ferimentos leves. O pai foi preso em flagrante e a Pol\u00edcia Civil pediu a pris\u00e3o preventiva dele.<\/p>\n\n\n\n<blockquote class=\"wp-block-quote is-layout-flow wp-block-quote-is-layout-flow\">\n<p><strong><mark style=\"background-color:rgba(0, 0, 0, 0)\" class=\"has-inline-color has-black-color\">&#8220;\u00d3, a pol\u00edcia t\u00e1 atr\u00e1s de mim, t\u00e1 bom? Vou por fogo no carro com tudo dentro, t\u00e1 bom? S\u00f3 para voc\u00ea saber quem sou eu&#8221;, disse o pai no \u00e1udio.<\/mark><\/strong><\/p>\n<\/blockquote>\n\n\n\n<p class=\"has-black-color has-text-color has-link-color has-medium-font-size wp-elements-60cf768ea0d1e3d687eb38f8c6312093\"><strong>Suspeito comprou combust\u00edvel durante a tarde<\/strong><\/p>\n\n\n\n<p>A delegada Nath\u00e1lia Cabral conta que o casal ficou junto por cinco anos, at\u00e9 que a mulher decidiu fugir de casa, em dezembro do ano passado, porque &#8220;n\u00e3o aguentava mais o comportamento dele e as agress\u00f5es&#8221;. Tempos depois, permitiu que o homem mantivesse contato com a filha, pois ele tinha um bom relacionamento com a menina.<\/p>\n\n\n\n<p>Imagens obtidas pela <strong>EPTV<\/strong>, mostram o momento em que o pai foi a um posto de combust\u00edveis, durante a tarde, em Hortol\u00e2ndia (SP). Ele chegou em um carro branco e entregou dois gal\u00f5es vazios ao frentista, que encheu com um l\u00edquido claro e, depois, com outro mais escuro. Ele tamb\u00e9m abasteceu o tanque, pagou e foi embora.<\/p>\n\n\n\n<p>Depois, buscou a filha na casa da av\u00f3. &#8220;Ele foi passear e come\u00e7ou a enviar \u00e1udios para a m\u00e3e da crian\u00e7a perguntando o que ela tinha feito no final de semana. Foi escalando e se tornando mais agressivo, falando: &#8216;vem aqui me encontrar, sen\u00e3o eu vou tacar fogo no carro, comigo e com a crian\u00e7a dentro'&#8221;, contou a delegada.<\/p>\n\n\n\n<p>Quando recebeu as mensagens, a m\u00e3e foi at\u00e9 a Pol\u00edcia Militar e informou a localiza\u00e7\u00e3o do ex-companheiro. Os agentes conseguiram encontrar o carro. Durante a fuga, o suspeito capotou com a crian\u00e7a dentro. Ela teve ferimentos leves e, segundo a PM, ficou muito assustada. O homem n\u00e3o ficou ferido e foi levado para a Delegacia de Plant\u00e3o de Sumar\u00e9.<\/p>\n\n\n\n<p>&#8220;A gente v\u00ea que ele tinha premeditado o que ia fazer. A Pol\u00edcia Militar, quando abordou, viu que ele j\u00e1 tinha despejado combust\u00edvel no carro, nele, na crian\u00e7a. O gal\u00e3o estava desrosqueado. Ele foi autuado por tentativa de homic\u00eddio qualificado, amea\u00e7a e sequestro&#8221;, completou a delegada.<\/p>\n","protected":false},"excerpt":{"rendered":"<p>C\u00e2meras registraram momento em que ele comprou combust\u00edvel Por Daniely Fernades, EPTV e g1 Campinas e Regi\u00e3o >> Siga o canal do BEC no WhatsApp Um homem de 34 anos foi preso por tentativa de homic\u00eddio em Sumar\u00e9 (SP), na noite desta segunda-feira (2), depois de jogar combust\u00edvel na filha de 2 anos, no carro [&hellip;]<\/p>\n","protected":false},"author":2,"featured_media":94025,"comment_status":"open","ping_status":"open","sticky":false,"template":"","format":"standard","meta":{"_acf_changed":false,"_monsterinsights_skip_tracking":false,"_monsterinsights_sitenote_active":false,"_monsterinsights_sitenote_note":"","_monsterinsights_sitenote_category":0,"_jetpack_memberships_contains_paid_content":false,"footnotes":"","jetpack_publicize_message":"","jetpack_publicize_feature_enabled":true,"jetpack_social_post_already_shared":true,"jetpack_social_options":{"image_generator_settings":{"template":"highway","default_image_id":0,"font":"","enabled":false},"version":2}},"categories":[15],"tags":[],"class_list":["post-94024","post","type-post","status-publish","format-standard","has-post-thumbnail","hentry","category-policia"],"acf":[],"jetpack_publicize_connections":[],"jetpack_featured_media_url":"https:\/\/i0.wp.com\/blogdoeloiltoncajuhy.com.br\/site\/wp-content\/uploads\/2026\/03\/Homem-e-preso-por-tentativa-de-homicidio-%E2%80%94-Foto-Reproducao-EPTV.jpeg?fit=820%2C600&ssl=1","jetpack_sharing_enabled":true,"publishpress_future_workflow_manual_trigger":{"enabledWorkflows":[]},"_links":{"self":[{"href":"https:\/\/blogdoeloiltoncajuhy.com.br\/site\/wp-json\/wp\/v2\/posts\/94024","targetHints":{"allow":["GET"]}}],"collection":[{"href":"https:\/\/blogdoeloiltoncajuhy.com.br\/site\/wp-json\/wp\/v2\/posts"}],"about":[{"href":"https:\/\/blogdoeloiltoncajuhy.com.br\/site\/wp-json\/wp\/v2\/types\/post"}],"author":[{"embeddable":true,"href":"https:\/\/blogdoeloiltoncajuhy.com.br\/site\/wp-json\/wp\/v2\/users\/2"}],"replies":[{"embeddable":true,"href":"https:\/\/blogdoeloiltoncajuhy.com.br\/site\/wp-json\/wp\/v2\/comments?post=94024"}],"version-history":[{"count":1,"href":"https:\/\/blogdoeloiltoncajuhy.com.br\/site\/wp-json\/wp\/v2\/posts\/94024\/revisions"}],"predecessor-version":[{"id":94026,"href":"https:\/\/blogdoeloiltoncajuhy.com.br\/site\/wp-json\/wp\/v2\/posts\/94024\/revisions\/94026"}],"wp:featuredmedia":[{"embeddable":true,"href":"https:\/\/blogdoeloiltoncajuhy.com.br\/site\/wp-json\/wp\/v2\/media\/94025"}],"wp:attachment":[{"href":"https:\/\/blogdoeloiltoncajuhy.com.br\/site\/wp-json\/wp\/v2\/media?parent=94024"}],"wp:term":[{"taxonomy":"category","embeddable":true,"href":"https:\/\/blogdoeloiltoncajuhy.com.br\/site\/wp-json\/wp\/v2\/categories?post=94024"},{"taxonomy":"post_tag","embeddable":true,"href":"https:\/\/blogdoeloiltoncajuhy.com.br\/site\/wp-json\/wp\/v2\/tags?post=94024"}],"curies":[{"name":"wp","href":"https:\/\/api.w.org\/{rel}","templated":true}]}}