{"id":94014,"date":"2026-03-03T09:09:52","date_gmt":"2026-03-03T12:09:52","guid":{"rendered":"https:\/\/blogdoeloiltoncajuhy.com.br\/site\/?p=94014"},"modified":"2026-03-03T09:09:54","modified_gmt":"2026-03-03T12:09:54","slug":"deputado-bobo-participa-da-apresentacao-da-proposta-de-estadualizacao-do-hospital-dom-antonio-monteiro-em-senhor-do-bonfim","status":"publish","type":"post","link":"https:\/\/blogdoeloiltoncajuhy.com.br\/site\/deputado-bobo-participa-da-apresentacao-da-proposta-de-estadualizacao-do-hospital-dom-antonio-monteiro-em-senhor-do-bonfim\/","title":{"rendered":"Deputado Bob\u00f4 participa da apresenta\u00e7\u00e3o da proposta de estadualiza\u00e7\u00e3o do Hospital Dom Ant\u00f4nio Monteiro em Senhor do Bonfim"},"content":{"rendered":"\n<p><strong>Blog do Eloilton Cajuhy \u2013 BEC<\/strong><\/p>\n\n\n\n<p><strong><a href=\"https:\/\/whatsapp.com\/channel\/0029VaAT7tDLI8Yfj5y9Z50Z\" target=\"_blank\" rel=\"noreferrer noopener\"><mark style=\"background-color:rgba(0, 0, 0, 0)\" class=\"has-inline-color has-luminous-vivid-orange-color\">>> Siga o canal do BEC no WhatsApp<\/mark><\/a><\/strong><\/p>\n\n\n\n<figure class=\"wp-block-image aligncenter size-full\"><a href=\"https:\/\/i0.wp.com\/blogdoeloiltoncajuhy.com.br\/site\/wp-content\/uploads\/2026\/03\/Bobo-Hdam-01-030326.webp?ssl=1\"><img data-recalc-dims=\"1\" fetchpriority=\"high\" decoding=\"async\" width=\"402\" height=\"602\" src=\"https:\/\/i0.wp.com\/blogdoeloiltoncajuhy.com.br\/site\/wp-content\/uploads\/2026\/03\/Bobo-Hdam-01-030326.webp?resize=402%2C602&#038;ssl=1\" alt=\"\" class=\"wp-image-94015\" srcset=\"https:\/\/i0.wp.com\/blogdoeloiltoncajuhy.com.br\/site\/wp-content\/uploads\/2026\/03\/Bobo-Hdam-01-030326.webp?w=402&amp;ssl=1 402w, https:\/\/i0.wp.com\/blogdoeloiltoncajuhy.com.br\/site\/wp-content\/uploads\/2026\/03\/Bobo-Hdam-01-030326.webp?resize=200%2C300&amp;ssl=1 200w\" sizes=\"(max-width: 402px) 100vw, 402px\" \/><\/a><figcaption class=\"wp-element-caption\"><sub>Foto: Ascom deputado Bob\u00f4<\/sub><\/figcaption><\/figure>\n\n\n\n<p>Na manh\u00e3 desta segunda-feira (02), o deputado estadual Bob\u00f4 esteve na C\u00e2mara de Vereadores de Senhor do Bonfim para participar da apresenta\u00e7\u00e3o da proposta de estadualiza\u00e7\u00e3o do Hospital Dom Ant\u00f4nio Monteiro (HDAM). O encontro contou com a presen\u00e7a da secret\u00e1ria estadual da Sa\u00fade, Roberta Santana, e do secret\u00e1rio de Rela\u00e7\u00f5es Institucionais, Adolpho Loyola, al\u00e9m de deputados, prefeitos, vice-prefeitos, vereadores, secret\u00e1rios municipais de sa\u00fade e representantes da imprensa regional.<\/p>\n\n\n\n<p>Ao abrir o evento, Adolpho Loyola destacou a import\u00e2ncia da estadualiza\u00e7\u00e3o para o fortalecimento da rede p\u00fablica de sa\u00fade da regi\u00e3o. Segundo ele, a iniciativa integra o compromisso do governador Jer\u00f4nimo Rodrigues de ampliar o acesso da popula\u00e7\u00e3o a servi\u00e7os de sa\u00fade mais estruturados por meio do Sistema \u00danico de Sa\u00fade (SUS).<\/p>\n\n\n\n<p>\u201cA estadualiza\u00e7\u00e3o do HDAM representar\u00e1 um grande avan\u00e7o para toda a regi\u00e3o, garantindo mais qualidade no atendimento e ampliando o acesso da popula\u00e7\u00e3o aos servi\u00e7os de sa\u00fade\u201d, afirmou o secret\u00e1rio.<\/p>\n\n\n\n<p>A proposta representa um passo decisivo para o fortalecimento da rede p\u00fablica regional, ampliando o acesso da popula\u00e7\u00e3o a servi\u00e7os especializados e reafirmando o compromisso do Governo do Estado com a melhoria e a amplia\u00e7\u00e3o do atendimento pelo SUS.<\/p>\n\n\n\n<figure class=\"wp-block-image aligncenter size-full is-resized\"><a href=\"https:\/\/i0.wp.com\/blogdoeloiltoncajuhy.com.br\/site\/wp-content\/uploads\/2026\/03\/Bobo-Hdam-02-030326.webp?ssl=1\"><img data-recalc-dims=\"1\" decoding=\"async\" width=\"439\" height=\"262\" src=\"https:\/\/i0.wp.com\/blogdoeloiltoncajuhy.com.br\/site\/wp-content\/uploads\/2026\/03\/Bobo-Hdam-02-030326.webp?resize=439%2C262&#038;ssl=1\" alt=\"\" class=\"wp-image-94016\" style=\"width:597px;height:auto\" srcset=\"https:\/\/i0.wp.com\/blogdoeloiltoncajuhy.com.br\/site\/wp-content\/uploads\/2026\/03\/Bobo-Hdam-02-030326.webp?w=439&amp;ssl=1 439w, https:\/\/i0.wp.com\/blogdoeloiltoncajuhy.com.br\/site\/wp-content\/uploads\/2026\/03\/Bobo-Hdam-02-030326.webp?resize=300%2C179&amp;ssl=1 300w\" sizes=\"(max-width: 439px) 100vw, 439px\" \/><\/a><figcaption class=\"wp-element-caption\"><sub>Foto: Ascom deputado Bob\u00f4<\/sub><\/figcaption><\/figure>\n\n\n\n<p>Em sua fala, o deputado Bob\u00f4 ressaltou o car\u00e1ter hist\u00f3rico do momento e relembrou etapas importantes que possibilitaram o avan\u00e7o da proposta.<\/p>\n\n\n\n<p>\u201cHoje \u00e9 um dia marcante para todos n\u00f3s, com esse passo em dire\u00e7\u00e3o a uma nova realidade n\u00e3o apenas para Senhor do Bonfim, mas para toda a regi\u00e3o. Esse sonho come\u00e7ou h\u00e1 muito tempo, com diversas discuss\u00f5es. O ex-governador Rui Costa inaugurou a primeira etapa da reforma do hospital quando Carlos Brasileiro ainda era prefeito. Tamb\u00e9m n\u00e3o podemos esquecer que o ex-prefeito Dr. Correia deu o passo decisivo ao adquirir o terreno do hospital e integr\u00e1-lo \u00e0 gest\u00e3o municipal, permitindo que hoje possamos avan\u00e7ar com esse grande investimento na sa\u00fade\u201d, destacou.<\/p>\n\n\n\n<p>Durante a apresenta\u00e7\u00e3o, Roberta Santana detalhou o cronograma para a cess\u00e3o da unidade ao Governo do Estado e anunciou investimentos superiores a R$ 20 milh\u00f5es destinados \u00e0 reforma e amplia\u00e7\u00e3o da estrutura f\u00edsica, aquisi\u00e7\u00e3o de equipamentos e implanta\u00e7\u00e3o de novas especialidades m\u00e9dicas. A expectativa \u00e9 ampliar a capacidade de atendimento e fortalecer a assist\u00eancia hospitalar para Senhor do Bonfim e os munic\u00edpios do entorno.<\/p>\n\n\n\n<p>O evento reuniu diversas lideran\u00e7as, entre elas os vereadores Jeorge Catatau, Sarah do Milt\u00e3o e R\u00ea do Sindicato; o vice-prefeito de Andorinha, Vagner Lavor; os ex-vereadores Mimo de Igara e L\u00facia Cerqueira; o diretor do N\u00facleo Territorial de Educa\u00e7\u00e3o (NTE), Helder Amorim; o secret\u00e1rio executivo do Cons\u00f3rcio, Toinho Cerqueira; o presidente do PCdoB de Ponto Novo, Artur Paiva; o ex-prefeito Carlos Brasileiro; e o prefeito de Jaguarari, Ant\u00f4nio Nascimento, al\u00e9m de outras autoridades e representantes da sociedade civil.<\/p>\n","protected":false},"excerpt":{"rendered":"<p>Blog do Eloilton Cajuhy \u2013 BEC >> Siga o canal do BEC no WhatsApp Na manh\u00e3 desta segunda-feira (02), o deputado estadual Bob\u00f4 esteve na C\u00e2mara de Vereadores de Senhor do Bonfim para participar da apresenta\u00e7\u00e3o da proposta de estadualiza\u00e7\u00e3o do Hospital Dom Ant\u00f4nio Monteiro (HDAM). O encontro contou com a presen\u00e7a da secret\u00e1ria estadual [&hellip;]<\/p>\n","protected":false},"author":2,"featured_media":94015,"comment_status":"open","ping_status":"open","sticky":false,"template":"","format":"standard","meta":{"_acf_changed":false,"_monsterinsights_skip_tracking":false,"_monsterinsights_sitenote_active":false,"_monsterinsights_sitenote_note":"","_monsterinsights_sitenote_category":0,"_jetpack_memberships_contains_paid_content":false,"footnotes":"","jetpack_publicize_message":"","jetpack_publicize_feature_enabled":true,"jetpack_social_post_already_shared":false,"jetpack_social_options":{"image_generator_settings":{"template":"highway","default_image_id":0,"font":"","enabled":false},"version":2}},"categories":[4],"tags":[],"class_list":["post-94014","post","type-post","status-publish","format-standard","has-post-thumbnail","hentry","category-local"],"acf":[],"jetpack_publicize_connections":[],"jetpack_featured_media_url":"https:\/\/i0.wp.com\/blogdoeloiltoncajuhy.com.br\/site\/wp-content\/uploads\/2026\/03\/Bobo-Hdam-01-030326.webp?fit=402%2C602&ssl=1","jetpack_sharing_enabled":true,"publishpress_future_workflow_manual_trigger":{"enabledWorkflows":[]},"_links":{"self":[{"href":"https:\/\/blogdoeloiltoncajuhy.com.br\/site\/wp-json\/wp\/v2\/posts\/94014","targetHints":{"allow":["GET"]}}],"collection":[{"href":"https:\/\/blogdoeloiltoncajuhy.com.br\/site\/wp-json\/wp\/v2\/posts"}],"about":[{"href":"https:\/\/blogdoeloiltoncajuhy.com.br\/site\/wp-json\/wp\/v2\/types\/post"}],"author":[{"embeddable":true,"href":"https:\/\/blogdoeloiltoncajuhy.com.br\/site\/wp-json\/wp\/v2\/users\/2"}],"replies":[{"embeddable":true,"href":"https:\/\/blogdoeloiltoncajuhy.com.br\/site\/wp-json\/wp\/v2\/comments?post=94014"}],"version-history":[{"count":1,"href":"https:\/\/blogdoeloiltoncajuhy.com.br\/site\/wp-json\/wp\/v2\/posts\/94014\/revisions"}],"predecessor-version":[{"id":94017,"href":"https:\/\/blogdoeloiltoncajuhy.com.br\/site\/wp-json\/wp\/v2\/posts\/94014\/revisions\/94017"}],"wp:featuredmedia":[{"embeddable":true,"href":"https:\/\/blogdoeloiltoncajuhy.com.br\/site\/wp-json\/wp\/v2\/media\/94015"}],"wp:attachment":[{"href":"https:\/\/blogdoeloiltoncajuhy.com.br\/site\/wp-json\/wp\/v2\/media?parent=94014"}],"wp:term":[{"taxonomy":"category","embeddable":true,"href":"https:\/\/blogdoeloiltoncajuhy.com.br\/site\/wp-json\/wp\/v2\/categories?post=94014"},{"taxonomy":"post_tag","embeddable":true,"href":"https:\/\/blogdoeloiltoncajuhy.com.br\/site\/wp-json\/wp\/v2\/tags?post=94014"}],"curies":[{"name":"wp","href":"https:\/\/api.w.org\/{rel}","templated":true}]}}