{"id":94006,"date":"2026-03-02T22:09:38","date_gmt":"2026-03-03T01:09:38","guid":{"rendered":"https:\/\/blogdoeloiltoncajuhy.com.br\/site\/?p=94006"},"modified":"2026-03-04T18:46:39","modified_gmt":"2026-03-04T21:46:39","slug":"caseiro-suspeito-de-matar-mulher-do-patrao-em-feira-de-santana-morre-em-acidente-na-br-407-em-jaguarari","status":"publish","type":"post","link":"https:\/\/blogdoeloiltoncajuhy.com.br\/site\/caseiro-suspeito-de-matar-mulher-do-patrao-em-feira-de-santana-morre-em-acidente-na-br-407-em-jaguarari\/","title":{"rendered":"Caseiro suspeito de matar mulher do patr\u00e3o em Feira de Santana morre em acidente na BR 407 em Jaguarari"},"content":{"rendered":"\n<p class=\"has-medium-font-size\"><strong>Pol\u00edcia trabalha com a hip\u00f3tese de latroc\u00ednio; suspeito estava com o carro do patr\u00e3o<\/strong><\/p>\n\n\n\n<p><strong>Blog do Eloilton Cajuhy \u2013 BEC<\/strong><\/p>\n\n\n\n<p><strong><a href=\"https:\/\/whatsapp.com\/channel\/0029VaAT7tDLI8Yfj5y9Z50Z\" target=\"_blank\" rel=\"noreferrer noopener\"><mark style=\"background-color:rgba(0, 0, 0, 0)\" class=\"has-inline-color has-luminous-vivid-orange-color\">&gt;&gt; Siga o canal do BEC no WhatsApp<\/mark><\/a><\/strong><\/p>\n\n\n\n<figure class=\"wp-block-image aligncenter size-full\"><a href=\"https:\/\/i0.wp.com\/blogdoeloiltoncajuhy.com.br\/site\/wp-content\/uploads\/2026\/03\/Mulher-morta-em-Feira-2026-03-03.jpeg?ssl=1\"><img data-recalc-dims=\"1\" fetchpriority=\"high\" decoding=\"async\" width=\"780\" height=\"439\" src=\"https:\/\/i0.wp.com\/blogdoeloiltoncajuhy.com.br\/site\/wp-content\/uploads\/2026\/03\/Mulher-morta-em-Feira-2026-03-03.jpeg?resize=780%2C439&#038;ssl=1\" alt=\"\" class=\"wp-image-94052\" srcset=\"https:\/\/i0.wp.com\/blogdoeloiltoncajuhy.com.br\/site\/wp-content\/uploads\/2026\/03\/Mulher-morta-em-Feira-2026-03-03.jpeg?w=780&amp;ssl=1 780w, https:\/\/i0.wp.com\/blogdoeloiltoncajuhy.com.br\/site\/wp-content\/uploads\/2026\/03\/Mulher-morta-em-Feira-2026-03-03.jpeg?resize=300%2C169&amp;ssl=1 300w, https:\/\/i0.wp.com\/blogdoeloiltoncajuhy.com.br\/site\/wp-content\/uploads\/2026\/03\/Mulher-morta-em-Feira-2026-03-03.jpeg?resize=768%2C432&amp;ssl=1 768w\" sizes=\"(max-width: 780px) 100vw, 780px\" \/><\/a><figcaption class=\"wp-element-caption\"><sub>Mulher foi morta com golpe de faca e marido tamb\u00e9m foi agredido em Feira de Santana \u2014 Foto: Redes Sociais<\/sub><\/figcaption><\/figure>\n\n\n\n<p>Uma mulher de 45 anos foi morta com golpe de faca e o marido dela, de 72, ficou ferido ap\u00f3s ser agredido com uma marreta dentro de casa, no distrito de Maria Quit\u00e9ria, em Feira de Santana, segunda maior cidade da Bahia. O crime aconteceu na madrugada desta segunda-feira (2), ao lado de uma f\u00e1brica onde o casal morava. Segundo a Pol\u00edcia Civil, o caseiro da propriedade \u00e9 o principal suspeito.<\/p>\n\n\n\n<p>O propriet\u00e1rio do im\u00f3vel, identificado como <strong><mark style=\"background-color:rgba(0, 0, 0, 0)\" class=\"has-inline-color has-black-color\">Valter Pedreira da Silva<\/mark><\/strong>, foi encontrado desorientado, com hematomas e ferimentos no rosto. No quarto da resid\u00eancia, <strong><mark style=\"background-color:rgba(0, 0, 0, 0)\" class=\"has-inline-color has-black-color\">Eliane Matos Santana Pedreira<\/mark><\/strong> foi localizada ca\u00edda, sem vida.<\/p>\n\n\n\n<p>Equipes policiais estiveram no local e constataram a morte da mulher. Havia marcas de sangue em diferentes pontos da casa. O Servi\u00e7o de Atendimento M\u00f3vel de Urg\u00eancia (Samu) confirmou o \u00f3bito e socorreu o idoso.<\/p>\n\n\n\n<figure class=\"wp-block-image aligncenter size-full\"><a href=\"https:\/\/i0.wp.com\/blogdoeloiltoncajuhy.com.br\/site\/wp-content\/uploads\/2026\/03\/Renato.webp?ssl=1\"><img data-recalc-dims=\"1\" decoding=\"async\" width=\"639\" height=\"442\" src=\"https:\/\/i0.wp.com\/blogdoeloiltoncajuhy.com.br\/site\/wp-content\/uploads\/2026\/03\/Renato.webp?resize=639%2C442&#038;ssl=1\" alt=\"\" class=\"wp-image-94008\" srcset=\"https:\/\/i0.wp.com\/blogdoeloiltoncajuhy.com.br\/site\/wp-content\/uploads\/2026\/03\/Renato.webp?w=639&amp;ssl=1 639w, https:\/\/i0.wp.com\/blogdoeloiltoncajuhy.com.br\/site\/wp-content\/uploads\/2026\/03\/Renato.webp?resize=300%2C208&amp;ssl=1 300w\" sizes=\"(max-width: 639px) 100vw, 639px\" \/><\/a><figcaption class=\"wp-element-caption\"><sub>Caseiro suspeito de matar mulher do patr\u00e3o em Feira de Santana morre em acidente na BR 407, em Jaguarari &#8211; Foto: Reprodu\u00e7\u00e3o \/ Blog do Netto Maravilha<\/sub><\/figcaption><\/figure>\n\n\n\n<p>Conforme relato do marido \u00e0 pol\u00edcia, o casal estava dormindo quando foi surpreendido. Ele afirmou que teve um desentendimento recente com o caseiro da empresa, <strong><mark style=\"background-color:rgba(0, 0, 0, 0)\" class=\"has-inline-color has-black-color\">Renato Souza do Carmo<\/mark><\/strong>, de 36 anos, contratado h\u00e1 cerca de quatro meses.<\/p>\n\n\n\n<p>Segundo o idoso, o funcion\u00e1rio havia feito empr\u00e9stimos sucessivos, alegando dificuldades financeiras, e o dinheiro estaria sendo usado para jogos de azar. A suspeita \u00e9 de que ele tenha ido ao local em busca de mais dinheiro.<\/p>\n\n\n\n<p>O carro da fam\u00edlia n\u00e3o foi encontrado na resid\u00eancia, assim como o caseiro. A pol\u00edcia o localizou \u00e0 tarde na BR 407, ap\u00f3s ele abastecer o ve\u00edculo de Valter, um Renault Kwid, em um posto de combust\u00edvel, no Flamengo, munic\u00edpio de Jaguarari, e fugir sem pagar.<\/p>\n\n\n\n<p>Depois de persegui\u00e7\u00e3o policial, o caseiro tentou fazer uma ultrapassagem e acabou batendo de frente com uma carreta. Ele morreu no local. <\/p>\n\n\n\n<p>Valter foi encaminhado para o Hospital Geral Cl\u00e9riston Andrade (HGCA), onde segue internado.<\/p>\n\n\n\n<p>O caso \u00e9 investigado pela Delegacia de Homic\u00eddios (DH) de Feira de Santana como latroc\u00ednio. O corpo de Eliane Matos foi encaminhado ao Departamento de Pol\u00edcia T\u00e9cnica para necropsia.<\/p>\n\n\n\n<p><strong><em>Com informa\u00e7\u00f5es do g1 BA e Blog do Netto Maravilha<\/em><\/strong><\/p>\n","protected":false},"excerpt":{"rendered":"<p>Pol\u00edcia trabalha com a hip\u00f3tese de latroc\u00ednio; suspeito estava com o carro do patr\u00e3o Blog do Eloilton Cajuhy \u2013 BEC &gt;&gt; Siga o canal do BEC no WhatsApp Uma mulher de 45 anos foi morta com golpe de faca e o marido dela, de 72, ficou ferido ap\u00f3s ser agredido com uma marreta dentro de [&hellip;]<\/p>\n","protected":false},"author":2,"featured_media":94052,"comment_status":"open","ping_status":"open","sticky":false,"template":"","format":"standard","meta":{"_acf_changed":false,"_monsterinsights_skip_tracking":false,"_monsterinsights_sitenote_active":false,"_monsterinsights_sitenote_note":"","_monsterinsights_sitenote_category":0,"_jetpack_memberships_contains_paid_content":false,"footnotes":"","jetpack_publicize_message":"","jetpack_publicize_feature_enabled":true,"jetpack_social_post_already_shared":true,"jetpack_social_options":{"image_generator_settings":{"template":"highway","default_image_id":0,"font":"","enabled":false},"version":2}},"categories":[15],"tags":[],"class_list":["post-94006","post","type-post","status-publish","format-standard","has-post-thumbnail","hentry","category-policia"],"acf":[],"jetpack_publicize_connections":[],"jetpack_featured_media_url":"https:\/\/i0.wp.com\/blogdoeloiltoncajuhy.com.br\/site\/wp-content\/uploads\/2026\/03\/Mulher-morta-em-Feira-2026-03-03.jpeg?fit=780%2C439&ssl=1","jetpack_sharing_enabled":true,"publishpress_future_workflow_manual_trigger":{"enabledWorkflows":[]},"_links":{"self":[{"href":"https:\/\/blogdoeloiltoncajuhy.com.br\/site\/wp-json\/wp\/v2\/posts\/94006","targetHints":{"allow":["GET"]}}],"collection":[{"href":"https:\/\/blogdoeloiltoncajuhy.com.br\/site\/wp-json\/wp\/v2\/posts"}],"about":[{"href":"https:\/\/blogdoeloiltoncajuhy.com.br\/site\/wp-json\/wp\/v2\/types\/post"}],"author":[{"embeddable":true,"href":"https:\/\/blogdoeloiltoncajuhy.com.br\/site\/wp-json\/wp\/v2\/users\/2"}],"replies":[{"embeddable":true,"href":"https:\/\/blogdoeloiltoncajuhy.com.br\/site\/wp-json\/wp\/v2\/comments?post=94006"}],"version-history":[{"count":3,"href":"https:\/\/blogdoeloiltoncajuhy.com.br\/site\/wp-json\/wp\/v2\/posts\/94006\/revisions"}],"predecessor-version":[{"id":94053,"href":"https:\/\/blogdoeloiltoncajuhy.com.br\/site\/wp-json\/wp\/v2\/posts\/94006\/revisions\/94053"}],"wp:featuredmedia":[{"embeddable":true,"href":"https:\/\/blogdoeloiltoncajuhy.com.br\/site\/wp-json\/wp\/v2\/media\/94052"}],"wp:attachment":[{"href":"https:\/\/blogdoeloiltoncajuhy.com.br\/site\/wp-json\/wp\/v2\/media?parent=94006"}],"wp:term":[{"taxonomy":"category","embeddable":true,"href":"https:\/\/blogdoeloiltoncajuhy.com.br\/site\/wp-json\/wp\/v2\/categories?post=94006"},{"taxonomy":"post_tag","embeddable":true,"href":"https:\/\/blogdoeloiltoncajuhy.com.br\/site\/wp-json\/wp\/v2\/tags?post=94006"}],"curies":[{"name":"wp","href":"https:\/\/api.w.org\/{rel}","templated":true}]}}