{"id":93992,"date":"2026-03-02T16:45:11","date_gmt":"2026-03-02T19:45:11","guid":{"rendered":"https:\/\/blogdoeloiltoncajuhy.com.br\/site\/?p=93992"},"modified":"2026-03-02T16:45:13","modified_gmt":"2026-03-02T19:45:13","slug":"mulher-leva-tres-tiros-durante-o-velorio-da-propria-mae-em-mg","status":"publish","type":"post","link":"https:\/\/blogdoeloiltoncajuhy.com.br\/site\/mulher-leva-tres-tiros-durante-o-velorio-da-propria-mae-em-mg\/","title":{"rendered":"Mulher leva tr\u00eas tiros durante o vel\u00f3rio da pr\u00f3pria m\u00e3e em MG"},"content":{"rendered":"\n<p class=\"has-medium-font-size\"><strong>V\u00edtima, baleada em frente \u00e0 igreja em Baependi, segue internada em Varginha<\/strong><\/p>\n\n\n\n<p><strong>Por g1 Sul de Minas<\/strong><\/p>\n\n\n\n<p><strong><a href=\"https:\/\/whatsapp.com\/channel\/0029VaAT7tDLI8Yfj5y9Z50Z\" target=\"_blank\" rel=\"noreferrer noopener\"><mark style=\"background-color:rgba(0, 0, 0, 0)\" class=\"has-inline-color has-luminous-vivid-orange-color\">>> Siga o canal do BEC no WhatsApp<\/mark><\/a><\/strong><\/p>\n\n\n\n<figure class=\"wp-block-image aligncenter size-full\"><a href=\"https:\/\/i0.wp.com\/blogdoeloiltoncajuhy.com.br\/site\/wp-content\/uploads\/2026\/03\/Mulher-baleada-em-MG-%E2%80%94-Foto-Reproducao-Redes-Sociais.png?ssl=1\"><img data-recalc-dims=\"1\" fetchpriority=\"high\" decoding=\"async\" width=\"800\" height=\"505\" src=\"https:\/\/i0.wp.com\/blogdoeloiltoncajuhy.com.br\/site\/wp-content\/uploads\/2026\/03\/Mulher-baleada-em-MG-%E2%80%94-Foto-Reproducao-Redes-Sociais.png?resize=800%2C505&#038;ssl=1\" alt=\"\" class=\"wp-image-93993\" srcset=\"https:\/\/i0.wp.com\/blogdoeloiltoncajuhy.com.br\/site\/wp-content\/uploads\/2026\/03\/Mulher-baleada-em-MG-%E2%80%94-Foto-Reproducao-Redes-Sociais.png?w=815&amp;ssl=1 815w, https:\/\/i0.wp.com\/blogdoeloiltoncajuhy.com.br\/site\/wp-content\/uploads\/2026\/03\/Mulher-baleada-em-MG-%E2%80%94-Foto-Reproducao-Redes-Sociais.png?resize=300%2C189&amp;ssl=1 300w, https:\/\/i0.wp.com\/blogdoeloiltoncajuhy.com.br\/site\/wp-content\/uploads\/2026\/03\/Mulher-baleada-em-MG-%E2%80%94-Foto-Reproducao-Redes-Sociais.png?resize=768%2C484&amp;ssl=1 768w\" sizes=\"(max-width: 800px) 100vw, 800px\" \/><\/a><figcaption class=\"wp-element-caption\"><sub>Homem atira \u00e0 queima-roupa contra mulher que participava do vel\u00f3rio da m\u00e3e em rua de Baependi \u2014 Foto: Reprodu\u00e7\u00e3o \/ Redes Sociais<br><\/sub><br><\/figcaption><\/figure>\n\n\n\n<p>Um v\u00eddeo mostra o momento em que dois homens chegam em uma moto e um deles atira contra uma mulher de 27 anos, que estava no vel\u00f3rio da pr\u00f3pria m\u00e3e, em uma rua do centro de Baependi (MG), na tarde de sexta-feira (27). A mulher foi atingida por tr\u00eas disparos e est\u00e1 internada. Uma pessoa foi presa e outros suspeitos s\u00e3o procurados pela pol\u00edcia.<\/p>\n\n\n\n<p>As imagens mostram o cortejo f\u00fanebre passando em frente a uma igreja quando a moto avan\u00e7a sobre as pessoas e para ao lado da mulher. A pessoa que est\u00e1 na garupa atira \u00e0 queima-roupa.<\/p>\n\n\n\n<p>A v\u00edtima, identificada como <strong><mark style=\"background-color:rgba(0, 0, 0, 0)\" class=\"has-inline-color has-black-color\">Amanda Arantes<\/mark><\/strong>, fica ca\u00edda na rua, enquanto as pessoas assustadas se dispersam. Os elementos fogem na moto em seguida.<\/p>\n\n\n\n<p class=\"has-black-color has-text-color has-link-color has-medium-font-size wp-elements-6ffadf19558f7e1572fc56db99409269\"><strong>Pris\u00e3o<\/strong><\/p>\n\n\n\n<p>No s\u00e1bado (28), a Pol\u00edcia Militar prendeu um dos suspeitos de envolvimento na tentativa de homic\u00eddio. Os militares receberam informa\u00e7\u00f5es de que a motocicleta usada na a\u00e7\u00e3o havia sido vista na zona rural de Baependi e, ap\u00f3s buscas em uma \u00e1rea de mata, encontraram o ve\u00edculo escondido em meio \u00e0 vegeta\u00e7\u00e3o. No mesmo ponto, foram encontrados dois capacetes e um casaco preto.<\/p>\n\n\n\n<p>De acordo com a corpora\u00e7\u00e3o, os itens apreendidos t\u00eam as mesmas caracter\u00edsticas descritas por testemunhas e registradas nas imagens das c\u00e2meras de seguran\u00e7a.<\/p>\n\n\n\n<p>Segundo a PM, o suspeito havia sido visto com frequ\u00eancia usando a moto nas \u00faltimas semanas. Ao ser abordado, ele apresentou vers\u00f5es contradit\u00f3rias sobre a posse e o uso do ve\u00edculo no dia do crime.<\/p>\n\n\n\n<p>Diante dos ind\u00edcios, ele foi preso e encaminhado \u00e0 delegacia de Pol\u00edcia Civil de plant\u00e3o, em S\u00e3o Louren\u00e7o (MG), onde o flagrante foi ratificado. A pol\u00edcia n\u00e3o informou, at\u00e9 a \u00faltima atualiza\u00e7\u00e3o desta reportagem, a identidade do preso.<\/p>\n\n\n\n<p>As dilig\u00eancias continuam para identificar e responsabilizar outros poss\u00edveis envolvidos.<\/p>\n\n\n\n<p class=\"has-black-color has-text-color has-link-color has-medium-font-size wp-elements-7eda1ca773b48e448b9a8462ff88ebf3\"><strong>O crime<\/strong><\/p>\n\n\n\n<p>O caso, que foi registrado como tentativa de homic\u00eddio, aconteceu na tarde de sexta-feira (27), em frente \u00e0 Igreja Matriz Nossa Senhora do Montserrat, na regi\u00e3o central de Baependi.<\/p>\n\n\n\n<p>A mulher foi atingida pelos tiros quando estava na \u00e1rea externa da igreja, por volta das 17h. Segundo a Pol\u00edcia Militar, dois homens em uma motocicleta passaram pelo local, efetuaram os tiros e fugiram.<\/p>\n\n\n\n<p>Ela foi socorrida e levada ao Hospital C\u00f4nego Monte Raso, em Baependi. Devido \u00e0 gravidade dos ferimentos, foi transferida para o Hospital Regional em Varginha. At\u00e9 a \u00faltima atualiza\u00e7\u00e3o, o estado de sa\u00fade era considerado est\u00e1vel.<\/p>\n","protected":false},"excerpt":{"rendered":"<p>V\u00edtima, baleada em frente \u00e0 igreja em Baependi, segue internada em Varginha Por g1 Sul de Minas >> Siga o canal do BEC no WhatsApp Um v\u00eddeo mostra o momento em que dois homens chegam em uma moto e um deles atira contra uma mulher de 27 anos, que estava no vel\u00f3rio da pr\u00f3pria m\u00e3e, [&hellip;]<\/p>\n","protected":false},"author":2,"featured_media":93993,"comment_status":"open","ping_status":"open","sticky":false,"template":"","format":"standard","meta":{"_acf_changed":false,"_monsterinsights_skip_tracking":false,"_monsterinsights_sitenote_active":false,"_monsterinsights_sitenote_note":"","_monsterinsights_sitenote_category":0,"_jetpack_memberships_contains_paid_content":false,"footnotes":"","jetpack_publicize_message":"","jetpack_publicize_feature_enabled":true,"jetpack_social_post_already_shared":true,"jetpack_social_options":{"image_generator_settings":{"template":"highway","default_image_id":0,"font":"","enabled":false},"version":2}},"categories":[15],"tags":[],"class_list":["post-93992","post","type-post","status-publish","format-standard","has-post-thumbnail","hentry","category-policia"],"acf":[],"jetpack_publicize_connections":[],"jetpack_featured_media_url":"https:\/\/i0.wp.com\/blogdoeloiltoncajuhy.com.br\/site\/wp-content\/uploads\/2026\/03\/Mulher-baleada-em-MG-%E2%80%94-Foto-Reproducao-Redes-Sociais.png?fit=815%2C514&ssl=1","jetpack_sharing_enabled":true,"publishpress_future_workflow_manual_trigger":{"enabledWorkflows":[]},"_links":{"self":[{"href":"https:\/\/blogdoeloiltoncajuhy.com.br\/site\/wp-json\/wp\/v2\/posts\/93992","targetHints":{"allow":["GET"]}}],"collection":[{"href":"https:\/\/blogdoeloiltoncajuhy.com.br\/site\/wp-json\/wp\/v2\/posts"}],"about":[{"href":"https:\/\/blogdoeloiltoncajuhy.com.br\/site\/wp-json\/wp\/v2\/types\/post"}],"author":[{"embeddable":true,"href":"https:\/\/blogdoeloiltoncajuhy.com.br\/site\/wp-json\/wp\/v2\/users\/2"}],"replies":[{"embeddable":true,"href":"https:\/\/blogdoeloiltoncajuhy.com.br\/site\/wp-json\/wp\/v2\/comments?post=93992"}],"version-history":[{"count":1,"href":"https:\/\/blogdoeloiltoncajuhy.com.br\/site\/wp-json\/wp\/v2\/posts\/93992\/revisions"}],"predecessor-version":[{"id":93994,"href":"https:\/\/blogdoeloiltoncajuhy.com.br\/site\/wp-json\/wp\/v2\/posts\/93992\/revisions\/93994"}],"wp:featuredmedia":[{"embeddable":true,"href":"https:\/\/blogdoeloiltoncajuhy.com.br\/site\/wp-json\/wp\/v2\/media\/93993"}],"wp:attachment":[{"href":"https:\/\/blogdoeloiltoncajuhy.com.br\/site\/wp-json\/wp\/v2\/media?parent=93992"}],"wp:term":[{"taxonomy":"category","embeddable":true,"href":"https:\/\/blogdoeloiltoncajuhy.com.br\/site\/wp-json\/wp\/v2\/categories?post=93992"},{"taxonomy":"post_tag","embeddable":true,"href":"https:\/\/blogdoeloiltoncajuhy.com.br\/site\/wp-json\/wp\/v2\/tags?post=93992"}],"curies":[{"name":"wp","href":"https:\/\/api.w.org\/{rel}","templated":true}]}}