{"id":93989,"date":"2026-03-02T15:13:32","date_gmt":"2026-03-02T18:13:32","guid":{"rendered":"https:\/\/blogdoeloiltoncajuhy.com.br\/site\/?p=93989"},"modified":"2026-03-02T15:13:34","modified_gmt":"2026-03-02T18:13:34","slug":"especialistas-apontam-inviabilidade-do-abate-de-jumentos-e-pedem-revisao-judicial","status":"publish","type":"post","link":"https:\/\/blogdoeloiltoncajuhy.com.br\/site\/especialistas-apontam-inviabilidade-do-abate-de-jumentos-e-pedem-revisao-judicial\/","title":{"rendered":"Especialistas apontam inviabilidade do abate de jumentos e pedem revis\u00e3o judicial"},"content":{"rendered":"\n<p>Carta aberta de cientistas pede a suspens\u00e3o imediata do abate de jegues, com risco de extin\u00e7\u00e3o, maus tratos e inviabilidade econ\u00f4mica<\/p>\n\n\n\n<p><strong>Por Conex\u00e3o Agro<\/strong><\/p>\n\n\n\n<figure class=\"wp-block-image aligncenter size-full\"><a href=\"https:\/\/i0.wp.com\/blogdoeloiltoncajuhy.com.br\/site\/wp-content\/uploads\/2026\/03\/Jumentos-Jegues-Divulgacao.jpg?ssl=1\"><img data-recalc-dims=\"1\" fetchpriority=\"high\" decoding=\"async\" width=\"768\" height=\"512\" src=\"https:\/\/i0.wp.com\/blogdoeloiltoncajuhy.com.br\/site\/wp-content\/uploads\/2026\/03\/Jumentos-Jegues-Divulgacao.jpg?resize=768%2C512&#038;ssl=1\" alt=\"\" class=\"wp-image-93990\" srcset=\"https:\/\/i0.wp.com\/blogdoeloiltoncajuhy.com.br\/site\/wp-content\/uploads\/2026\/03\/Jumentos-Jegues-Divulgacao.jpg?w=768&amp;ssl=1 768w, https:\/\/i0.wp.com\/blogdoeloiltoncajuhy.com.br\/site\/wp-content\/uploads\/2026\/03\/Jumentos-Jegues-Divulgacao.jpg?resize=300%2C200&amp;ssl=1 300w\" sizes=\"(max-width: 768px) 100vw, 768px\" \/><\/a><figcaption class=\"wp-element-caption\"><sub>Dados da FAO, IBGE e Agrostat indicam que 94% da popula\u00e7\u00e3o de jumentos no Brasil desapareceu entre 1996 e 2024 &#8211; Foto: Divulga\u00e7\u00e3o<\/sub><\/figcaption><\/figure>\n\n\n\n<p>Um grupo de pesquisadores brasileiros acaba de divulgar uma carta aberta contestando a continuidade do abate de jumentos no Brasil e classificando a atividade como economicamente invi\u00e1vel, ambientalmente insustent\u00e1vel e juridicamente question\u00e1vel. O documento solicita a revis\u00e3o da decis\u00e3o do Tribunal Regional Federal da 1\u00aa Regi\u00e3o (TRF1), que reconheceu a legalidade do abate, e defende a suspens\u00e3o imediata da pr\u00e1tica em todo o territ\u00f3rio nacional.<\/p>\n\n\n\n<p>A manifesta\u00e7\u00e3o \u00e9 assinada por especialistas das \u00e1reas de economia aplicada, medicina veterin\u00e1ria, gen\u00e9tica, sa\u00fade p\u00fablica, zootecnia e biologia, vinculados a institui\u00e7\u00f5es como a Universidade de S\u00e3o Paulo (USP), Universidade Federal da Bahia (UFBA), e Universidade Estadual Paulista (UNESP).<\/p>\n\n\n\n<p>A carta tem como base o estudo \u201cViabilidade Econ\u00f4mica do Abate de Jumentos na Bahia\u201d, conduzido pelo professor da ESALQ\/USP, Roberto Arruda de Souza Lima, que conclui n\u00e3o haver sustentabilidade econ\u00f4mica na cria\u00e7\u00e3o de jumentos para fins de abate. Segundo o pesquisador e um dos signat\u00e1rios do documento, a atividade n\u00e3o possui cadeia produtiva estruturada, manejo reprodutivo planejado nem reposi\u00e7\u00e3o de plantel, caracterizando-se como extrativista e baseada na exaust\u00e3o de um estoque biol\u00f3gico finito.<\/p>\n\n\n\n<blockquote class=\"wp-block-quote is-layout-flow wp-block-quote-is-layout-flow\">\n<p><strong><mark style=\"background-color:rgba(0, 0, 0, 0)\" class=\"has-inline-color has-black-color\">\u201cO modelo atual n\u00e3o se sustenta do ponto de vista produtivo. Trata-se de uma atividade de curto prazo, cujo colapso \u00e9 previs\u00edvel\u201d, afirma Arruda, alertando sobre o risco de extin\u00e7\u00e3o do jumento nordestino.<\/mark><\/strong><\/p>\n<\/blockquote>\n\n\n\n<p>Dados da FAO, IBGE e Agrostat indicam que 94% da popula\u00e7\u00e3o de jumentos no Brasil desapareceu entre 1996 e 2024. Para a professora da UFBA Chiara Albano de Araujo Oliveira, doutora em Nutri\u00e7\u00e3o de Equinos, a manuten\u00e7\u00e3o do abate compromete a sobreviv\u00eancia da esp\u00e9cie e ignora suas limita\u00e7\u00f5es biol\u00f3gicas.<\/p>\n\n\n\n<blockquote class=\"wp-block-quote is-layout-flow wp-block-quote-is-layout-flow\">\n<p><strong><mark style=\"background-color:rgba(0, 0, 0, 0)\" class=\"has-inline-color has-black-color\">\u201cA baixa taxa reprodutiva e o longo per\u00edodo de gesta\u00e7\u00e3o impedem qualquer escala produtiva sustent\u00e1vel\u201d, destaca.<\/mark><\/strong><\/p>\n<\/blockquote>\n\n\n\n<p>A professora da UFRB Ia\u00e7an\u00e3 Valente Ferreira Gonzaga, especialista em nutri\u00e7\u00e3o e produ\u00e7\u00e3o animal, refor\u00e7a que n\u00e3o h\u00e1 estrutura t\u00e9cnica que permita reposi\u00e7\u00e3o populacional compat\u00edvel com o ritmo de abate.<\/p>\n\n\n\n<blockquote class=\"wp-block-quote is-layout-flow wp-block-quote-is-layout-flow\">\n<p><strong><mark style=\"background-color:rgba(0, 0, 0, 0)\" class=\"has-inline-color has-black-color\">\u201cSem um sistema organizado de cria\u00e7\u00e3o, a atividade leva inevitavelmente ao esgotamento dos animais dispon\u00edveis\u201d, diz.<\/mark><\/strong><\/p>\n<\/blockquote>\n\n\n\n<p>Al\u00e9m da inviabilidade produtiva, os pesquisadores ressaltam a irrelev\u00e2ncia econ\u00f4mica do setor. A contribui\u00e7\u00e3o da ind\u00fastria representa menos de 0,000003% das exporta\u00e7\u00f5es brasileiras. Munic\u00edpios com frigor\u00edficos ativos, como Amargosa (BA), n\u00e3o registraram crescimento econ\u00f4mico significativo nem aumento consistente na arrecada\u00e7\u00e3o tribut\u00e1ria durante o per\u00edodo de opera\u00e7\u00e3o.<\/p>\n\n\n\n<p>A bi\u00f3loga e pesquisadora da USP Patricia Tatemoto avalia que os dados demonstram um cen\u00e1rio de risco ambiental sem retorno socioecon\u00f4mico.<\/p>\n\n\n\n<blockquote class=\"wp-block-quote is-layout-flow wp-block-quote-is-layout-flow\">\n<p><strong><mark style=\"background-color:rgba(0, 0, 0, 0)\" class=\"has-inline-color has-black-color\">\u201cEstamos diante de uma atividade que n\u00e3o gera desenvolvimento, mas compromete biodiversidade e patrim\u00f4nio gen\u00e9tico nacional\u201d, pontua.<\/mark><\/strong><\/p>\n<\/blockquote>\n\n\n\n<p>A professora titular da UFBA Thereza Cristina Calmon de Bittencourt, doutora em Gen\u00e9tica, alerta para a possibilidade de perda irrevers\u00edvel do jumento nordestino.<\/p>\n\n\n\n<blockquote class=\"wp-block-quote is-layout-flow wp-block-quote-is-layout-flow\">\n<p><strong><mark style=\"background-color:rgba(0, 0, 0, 0)\" class=\"has-inline-color has-black-color\">\u201cA extin\u00e7\u00e3o dessa popula\u00e7\u00e3o representaria um dano biol\u00f3gico e cultural permanente para o Brasil\u201d, destaca.<\/mark><\/strong><\/p>\n<\/blockquote>\n\n\n\n<p>O m\u00e9dico veterin\u00e1rio e doutor em Sa\u00fade P\u00fablica pelo Instituto de Sa\u00fade Coletiva (ISC) da UFBA, Jos\u00e9 Roberto Pinho de Andrade Lima, com atua\u00e7\u00e3o na \u00e1rea de Sa\u00fade \u00danica, chama aten\u00e7\u00e3o para impactos que ultrapassam a dimens\u00e3o ambiental.<\/p>\n\n\n\n<blockquote class=\"wp-block-quote is-layout-flow wp-block-quote-is-layout-flow\">\n<p><strong><mark style=\"background-color:rgba(0, 0, 0, 0)\" class=\"has-inline-color has-black-color\">\u201cA fragilidade da explora\u00e7\u00e3o extrativista dos jumentos no Brasil envolve riscos sanit\u00e1rios, inseguran\u00e7a jur\u00eddica e potenciais preju\u00edzos \u00e0 imagem do pa\u00eds no cen\u00e1rio internacional\u201d, alega.<\/mark><\/strong><\/p>\n<\/blockquote>\n\n\n\n<p>O m\u00e9dico-veterin\u00e1rio Pierre Barnab\u00e9 Escodro, da Universidade Federal de Alagoas (UFAL), acrescenta que o abate de jumentos tamb\u00e9m oferece riscos \u00e0 sa\u00fade p\u00fablica. Sua equipe analisou amostras de 104 animais destinados ao abate e identificou problemas graves de sa\u00fade, como m\u00e1 nutri\u00e7\u00e3o, inflama\u00e7\u00e3o sist\u00eamica e sinais de maus-tratos, em estudo publicado em mar\u00e7o de 2025 na revista Animals. A falta de controle sanit\u00e1rio favorece a transmiss\u00e3o de zoonoses \u2013 doen\u00e7as que podem passar do animal para o ser humano.<\/p>\n\n\n\n<p>A carta tamb\u00e9m aponta inconsist\u00eancias entre o n\u00famero de animais abatidos e o volume de peles exportadas. Segundo os pesquisadores, nos \u00faltimos dez anos, o peso m\u00e9dio das peles exportadas foi de 3,8 kg por unidade, abaixo do esperado tecnicamente, o que levanta riscos de evas\u00e3o fiscal e irregularidades comerciais, ampliando a inseguran\u00e7a jur\u00eddica da atividade.<\/p>\n\n\n\n<p>Diante do conjunto de evid\u00eancias cient\u00edficas e econ\u00f4micas, os especialistas defendem:<\/p>\n\n\n\n<ul class=\"wp-block-list\">\n<li>Suspens\u00e3o imediata do abate de jumentos em todo o territ\u00f3rio nacional;<\/li>\n\n\n\n<li>Revis\u00e3o da decis\u00e3o do TRF1 \u00e0 luz das evid\u00eancias cient\u00edficas e econ\u00f4micas atuais;<\/li>\n\n\n\n<li>Reconhecimento do jumento nordestino como patrim\u00f4nio gen\u00e9tico, cultural e ambiental;<\/li>\n\n\n\n<li>Formula\u00e7\u00e3o de pol\u00edticas p\u00fablicas voltadas \u00e0 conserva\u00e7\u00e3o desses animais.<\/li>\n<\/ul>\n\n\n\n<p><\/p>\n\n\n\n<p>Para os signat\u00e1rios, os dados hoje dispon\u00edveis s\u00e3o inequ\u00edvocos: o abate de jumentos \u00e9 uma atividade predat\u00f3ria, economicamente irrelevante e biologicamente insustent\u00e1vel, cujo esgotamento j\u00e1 est\u00e1 em curso.<\/p>\n","protected":false},"excerpt":{"rendered":"<p>Carta aberta de cientistas pede a suspens\u00e3o imediata do abate de jegues, com risco de extin\u00e7\u00e3o, maus tratos e inviabilidade econ\u00f4mica Por Conex\u00e3o Agro Um grupo de pesquisadores brasileiros acaba de divulgar uma carta aberta contestando a continuidade do abate de jumentos no Brasil e classificando a atividade como economicamente invi\u00e1vel, ambientalmente insustent\u00e1vel e juridicamente [&hellip;]<\/p>\n","protected":false},"author":2,"featured_media":93990,"comment_status":"open","ping_status":"open","sticky":false,"template":"","format":"standard","meta":{"_acf_changed":false,"_monsterinsights_skip_tracking":false,"_monsterinsights_sitenote_active":false,"_monsterinsights_sitenote_note":"","_monsterinsights_sitenote_category":0,"_jetpack_memberships_contains_paid_content":false,"footnotes":"","jetpack_publicize_message":"","jetpack_publicize_feature_enabled":true,"jetpack_social_post_already_shared":true,"jetpack_social_options":{"image_generator_settings":{"template":"highway","default_image_id":0,"font":"","enabled":false},"version":2}},"categories":[31],"tags":[],"class_list":["post-93989","post","type-post","status-publish","format-standard","has-post-thumbnail","hentry","category-economia"],"acf":[],"jetpack_publicize_connections":[],"jetpack_featured_media_url":"https:\/\/i0.wp.com\/blogdoeloiltoncajuhy.com.br\/site\/wp-content\/uploads\/2026\/03\/Jumentos-Jegues-Divulgacao.jpg?fit=768%2C512&ssl=1","jetpack_sharing_enabled":true,"publishpress_future_workflow_manual_trigger":{"enabledWorkflows":[]},"_links":{"self":[{"href":"https:\/\/blogdoeloiltoncajuhy.com.br\/site\/wp-json\/wp\/v2\/posts\/93989","targetHints":{"allow":["GET"]}}],"collection":[{"href":"https:\/\/blogdoeloiltoncajuhy.com.br\/site\/wp-json\/wp\/v2\/posts"}],"about":[{"href":"https:\/\/blogdoeloiltoncajuhy.com.br\/site\/wp-json\/wp\/v2\/types\/post"}],"author":[{"embeddable":true,"href":"https:\/\/blogdoeloiltoncajuhy.com.br\/site\/wp-json\/wp\/v2\/users\/2"}],"replies":[{"embeddable":true,"href":"https:\/\/blogdoeloiltoncajuhy.com.br\/site\/wp-json\/wp\/v2\/comments?post=93989"}],"version-history":[{"count":1,"href":"https:\/\/blogdoeloiltoncajuhy.com.br\/site\/wp-json\/wp\/v2\/posts\/93989\/revisions"}],"predecessor-version":[{"id":93991,"href":"https:\/\/blogdoeloiltoncajuhy.com.br\/site\/wp-json\/wp\/v2\/posts\/93989\/revisions\/93991"}],"wp:featuredmedia":[{"embeddable":true,"href":"https:\/\/blogdoeloiltoncajuhy.com.br\/site\/wp-json\/wp\/v2\/media\/93990"}],"wp:attachment":[{"href":"https:\/\/blogdoeloiltoncajuhy.com.br\/site\/wp-json\/wp\/v2\/media?parent=93989"}],"wp:term":[{"taxonomy":"category","embeddable":true,"href":"https:\/\/blogdoeloiltoncajuhy.com.br\/site\/wp-json\/wp\/v2\/categories?post=93989"},{"taxonomy":"post_tag","embeddable":true,"href":"https:\/\/blogdoeloiltoncajuhy.com.br\/site\/wp-json\/wp\/v2\/tags?post=93989"}],"curies":[{"name":"wp","href":"https:\/\/api.w.org\/{rel}","templated":true}]}}