{"id":93322,"date":"2026-01-30T16:01:48","date_gmt":"2026-01-30T19:01:48","guid":{"rendered":"https:\/\/blogdoeloiltoncajuhy.com.br\/site\/?p=93322"},"modified":"2026-01-30T16:01:50","modified_gmt":"2026-01-30T19:01:50","slug":"segundo-envolvido-no-sequestro-e-estupro-de-adolescente-em-bonfim-e-preso-pela-pm","status":"publish","type":"post","link":"https:\/\/blogdoeloiltoncajuhy.com.br\/site\/segundo-envolvido-no-sequestro-e-estupro-de-adolescente-em-bonfim-e-preso-pela-pm\/","title":{"rendered":"Segundo envolvido no sequestro e estupro de adolescente em Bonfim \u00e9 preso pela PM"},"content":{"rendered":"\n<p>Primeiro suspeito foi preso pela Pol\u00edcia Civil na quinta-feira (29).<\/p>\n\n\n\n<p><strong>Por Blog do Eloilton Cajuhy \u2013 BEC<\/strong><\/p>\n\n\n\n<p><strong><a href=\"https:\/\/whatsapp.com\/channel\/0029VaAT7tDLI8Yfj5y9Z50Z\" target=\"_blank\" rel=\"noreferrer noopener\"><mark style=\"background-color:rgba(0, 0, 0, 0)\" class=\"has-inline-color has-luminous-vivid-orange-color\">>> Siga o canal do BEC no WhatsApp<\/mark><\/a><\/strong><\/p>\n\n\n\n<figure class=\"wp-block-image aligncenter size-full is-resized\"><a href=\"https:\/\/i0.wp.com\/blogdoeloiltoncajuhy.com.br\/site\/wp-content\/uploads\/2026\/01\/Wilian.png?ssl=1\"><img data-recalc-dims=\"1\" fetchpriority=\"high\" decoding=\"async\" width=\"652\" height=\"519\" src=\"https:\/\/i0.wp.com\/blogdoeloiltoncajuhy.com.br\/site\/wp-content\/uploads\/2026\/01\/Wilian.png?resize=652%2C519&#038;ssl=1\" alt=\"\" class=\"wp-image-93323\" style=\"width:609px;height:auto\" srcset=\"https:\/\/i0.wp.com\/blogdoeloiltoncajuhy.com.br\/site\/wp-content\/uploads\/2026\/01\/Wilian.png?w=652&amp;ssl=1 652w, https:\/\/i0.wp.com\/blogdoeloiltoncajuhy.com.br\/site\/wp-content\/uploads\/2026\/01\/Wilian.png?resize=300%2C239&amp;ssl=1 300w\" sizes=\"(max-width: 652px) 100vw, 652px\" \/><\/a><\/figure>\n\n\n\n<p>No final da manh\u00e3 desta sexta-feira (30), foi preso o segundo envolvido no sequestro, tortura e estupro de uma menor de apenas 12 anos em Senhor do Bonfim.<\/p>\n\n\n\n<p>A PM conseguiu localizar o elemento, no povoado de Bara\u00fana, zona rural de Senhor do Bonfim. Ele foi identificado apenas como William.<\/p>\n\n\n\n<p>O caso ganhou notoriedade primeiramente ap\u00f3s a fam\u00edlia notar o sumi\u00e7o da menor na quarta-feira (28), Buscas foram iniciadas para tentar encontr\u00e1-la.<\/p>\n\n\n\n<p>Na quinta-feira (29), a adolescente foi encontrada no centro de Senhor do Bonfim quando os acusados tentaram supostamente vender a v\u00edtima.<\/p>\n\n\n\n<p>Ap\u00f3s a menor ser encontrada, foram constatados v\u00e1rias viola\u00e7\u00f5es e crimes que os elementos teriam praticado contra a v\u00edtima durante o per\u00edodo do sequestro, como for\u00e7ar o uso de drogas, viol\u00eancia e abusos sexuais.<\/p>\n\n\n\n<p class=\"has-black-color has-text-color has-link-color wp-elements-2723a4ff491099459c58ca9bc7cd132d\"><strong>Com informa\u00e7\u00f5es da WATV<\/strong><\/p>\n","protected":false},"excerpt":{"rendered":"<p>Primeiro suspeito foi preso pela Pol\u00edcia Civil na quinta-feira (29). Por Blog do Eloilton Cajuhy \u2013 BEC >> Siga o canal do BEC no WhatsApp No final da manh\u00e3 desta sexta-feira (30), foi preso o segundo envolvido no sequestro, tortura e estupro de uma menor de apenas 12 anos em Senhor do Bonfim. A PM [&hellip;]<\/p>\n","protected":false},"author":2,"featured_media":93323,"comment_status":"open","ping_status":"open","sticky":false,"template":"","format":"standard","meta":{"_acf_changed":false,"_monsterinsights_skip_tracking":false,"_monsterinsights_sitenote_active":false,"_monsterinsights_sitenote_note":"","_monsterinsights_sitenote_category":0,"_jetpack_memberships_contains_paid_content":false,"footnotes":"","jetpack_publicize_message":"","jetpack_publicize_feature_enabled":true,"jetpack_social_post_already_shared":true,"jetpack_social_options":{"image_generator_settings":{"template":"highway","default_image_id":0,"font":"","enabled":false},"version":2}},"categories":[15],"tags":[],"class_list":["post-93322","post","type-post","status-publish","format-standard","has-post-thumbnail","hentry","category-policia"],"acf":[],"jetpack_publicize_connections":[],"jetpack_featured_media_url":"https:\/\/i0.wp.com\/blogdoeloiltoncajuhy.com.br\/site\/wp-content\/uploads\/2026\/01\/Wilian.png?fit=652%2C519&ssl=1","jetpack_sharing_enabled":true,"publishpress_future_workflow_manual_trigger":{"enabledWorkflows":[]},"_links":{"self":[{"href":"https:\/\/blogdoeloiltoncajuhy.com.br\/site\/wp-json\/wp\/v2\/posts\/93322","targetHints":{"allow":["GET"]}}],"collection":[{"href":"https:\/\/blogdoeloiltoncajuhy.com.br\/site\/wp-json\/wp\/v2\/posts"}],"about":[{"href":"https:\/\/blogdoeloiltoncajuhy.com.br\/site\/wp-json\/wp\/v2\/types\/post"}],"author":[{"embeddable":true,"href":"https:\/\/blogdoeloiltoncajuhy.com.br\/site\/wp-json\/wp\/v2\/users\/2"}],"replies":[{"embeddable":true,"href":"https:\/\/blogdoeloiltoncajuhy.com.br\/site\/wp-json\/wp\/v2\/comments?post=93322"}],"version-history":[{"count":1,"href":"https:\/\/blogdoeloiltoncajuhy.com.br\/site\/wp-json\/wp\/v2\/posts\/93322\/revisions"}],"predecessor-version":[{"id":93324,"href":"https:\/\/blogdoeloiltoncajuhy.com.br\/site\/wp-json\/wp\/v2\/posts\/93322\/revisions\/93324"}],"wp:featuredmedia":[{"embeddable":true,"href":"https:\/\/blogdoeloiltoncajuhy.com.br\/site\/wp-json\/wp\/v2\/media\/93323"}],"wp:attachment":[{"href":"https:\/\/blogdoeloiltoncajuhy.com.br\/site\/wp-json\/wp\/v2\/media?parent=93322"}],"wp:term":[{"taxonomy":"category","embeddable":true,"href":"https:\/\/blogdoeloiltoncajuhy.com.br\/site\/wp-json\/wp\/v2\/categories?post=93322"},{"taxonomy":"post_tag","embeddable":true,"href":"https:\/\/blogdoeloiltoncajuhy.com.br\/site\/wp-json\/wp\/v2\/tags?post=93322"}],"curies":[{"name":"wp","href":"https:\/\/api.w.org\/{rel}","templated":true}]}}