{"id":93318,"date":"2026-01-30T15:06:01","date_gmt":"2026-01-30T18:06:01","guid":{"rendered":"https:\/\/blogdoeloiltoncajuhy.com.br\/site\/?p=93318"},"modified":"2026-01-30T15:38:16","modified_gmt":"2026-01-30T18:38:16","slug":"nova-regra-amplia-desconto-social-de-energia-eletrica-e-beneficia-240-mil-familias-baianas","status":"publish","type":"post","link":"https:\/\/blogdoeloiltoncajuhy.com.br\/site\/nova-regra-amplia-desconto-social-de-energia-eletrica-e-beneficia-240-mil-familias-baianas\/","title":{"rendered":"Nova regra amplia Desconto Social de Energia El\u00e9trica e beneficia 240 mil fam\u00edlias baianas"},"content":{"rendered":"\n<p class=\"has-medium-font-size\"><strong>Mudan\u00e7a nas regras do benef\u00edcio passa a incluir fam\u00edlias com renda entre meio e um sal\u00e1rio-m\u00ednimo por pessoa, garantindo desconto direto na conta de luz.<\/strong><\/p>\n\n\n\n<p><strong>Blog do Eloilton Cajuhy \u2013 BEC<\/strong><\/p>\n\n\n\n<p><strong><a href=\"https:\/\/whatsapp.com\/channel\/0029VaAT7tDLI8Yfj5y9Z50Z\" target=\"_blank\" rel=\"noreferrer noopener\"><mark style=\"background-color:rgba(0, 0, 0, 0)\" class=\"has-inline-color has-luminous-vivid-orange-color\">&gt;&gt; Siga o canal do BEC no WhatsApp<\/mark><\/a><\/strong><\/p>\n\n\n\n<figure class=\"wp-block-image aligncenter size-full is-resized\"><a href=\"https:\/\/i0.wp.com\/blogdoeloiltoncajuhy.com.br\/site\/wp-content\/uploads\/2026\/01\/Conta-de-luz-Neoenergia-Coelba-300126.jpg?ssl=1\"><img data-recalc-dims=\"1\" fetchpriority=\"high\" decoding=\"async\" width=\"720\" height=\"652\" src=\"https:\/\/i0.wp.com\/blogdoeloiltoncajuhy.com.br\/site\/wp-content\/uploads\/2026\/01\/Conta-de-luz-Neoenergia-Coelba-300126.jpg?resize=720%2C652&#038;ssl=1\" alt=\"\" class=\"wp-image-93319\" style=\"width:572px;height:auto\" srcset=\"https:\/\/i0.wp.com\/blogdoeloiltoncajuhy.com.br\/site\/wp-content\/uploads\/2026\/01\/Conta-de-luz-Neoenergia-Coelba-300126.jpg?w=720&amp;ssl=1 720w, https:\/\/i0.wp.com\/blogdoeloiltoncajuhy.com.br\/site\/wp-content\/uploads\/2026\/01\/Conta-de-luz-Neoenergia-Coelba-300126.jpg?resize=300%2C272&amp;ssl=1 300w\" sizes=\"(max-width: 720px) 100vw, 720px\" \/><\/a><\/figure>\n\n\n\n<p>Entraram em vigor neste in\u00edcio de ano novas regras que ampliam o alcance do Desconto Social de Energia El\u00e9trica, benef\u00edcio que concede desconto na conta de luz para fam\u00edlias de baixa renda. A mudan\u00e7a permite que fam\u00edlias inscritas no Cadastro \u00danico (Cad\u00danico), com cadastro atualizado h\u00e1 menos de dois anos e renda mensal entre meio e um sal\u00e1rio-m\u00ednimo por pessoa, passem a ser beneficiadas. Na Bahia, a amplia\u00e7\u00e3o do benef\u00edcio j\u00e1 beneficia at\u00e9 240 mil fam\u00edlias, segundo estimativa da Neoenergia Coelba.<\/p>\n\n\n\n<p>O desconto \u00e9 aplicado automaticamente na fatura de energia para os clientes que atendem aos crit\u00e9rios estabelecidos pelo programa. O novo desconto social \u00e9 mais uma etapa da reforma do setor el\u00e9trico, criado para atender os consumidores que n\u00e3o se enquadram nos crit\u00e9rios de gratuidade estabelecidos pelo programa Luz do Povo.<\/p>\n\n\n\n<p class=\"has-black-color has-text-color has-link-color has-medium-font-size wp-elements-7516465cf42c1a0333562b0c7f731afb\"><strong>Gratuidade da Tarifa Social mantida para fam\u00edlias de menor renda<\/strong><\/p>\n\n\n\n<p>A Tarifa Social de energia el\u00e9trica segue garantindo gratuidade nos primeiros 80 kWh mensais para fam\u00edlias com renda de at\u00e9 meio sal\u00e1rio-m\u00ednimo por pessoa. O benef\u00edcio tamb\u00e9m contempla idosos e pessoas com defici\u00eancia que recebem o Benef\u00edcio de Presta\u00e7\u00e3o Continuada (BPC), al\u00e9m de ind\u00edgenas e quilombolas devidamente cadastrados no Cad\u00danico.<\/p>\n\n\n\n<p>Para que o desconto seja aplicado corretamente, \u00e9 fundamental que a conta de energia esteja no nome de um integrante da fam\u00edlia inscrita no Cad\u00danico e que o endere\u00e7o informado \u00e0 distribuidora seja o mesmo registrado no cadastro social. Outro ponto importante \u00e9 que os dados devem estar atualizados nos \u00faltimos dois anos.<\/p>\n\n\n\n<p>\u201c\u00c9 fundamental que as fam\u00edlias verifiquem se a conta de energia est\u00e1 no nome de uma pessoa cadastrada no Cad\u00danico e se o endere\u00e7o est\u00e1 correto. Esses cuidados garantem a manuten\u00e7\u00e3o e aplica\u00e7\u00e3o autom\u00e1tica do benef\u00edcio\u201d, refor\u00e7a a gerente de Leitura e Faturamento da Neoenergia Coelba, Nayara Guedes.<\/p>\n\n\n\n<p>Caso seja necess\u00e1rio alterar a titularidade da conta, o servi\u00e7o pode ser solicitado pelos canais digitais da distribuidora ou presencialmente nas lojas de atendimento, mediante apresenta\u00e7\u00e3o de documento de identifica\u00e7\u00e3o e comprovante de resid\u00eancia.<\/p>\n\n\n\n<p class=\"has-black-color has-text-color has-link-color has-medium-font-size wp-elements-42b745534228f89d0e9d5251af8f3a3e\"><strong>Como solicitar a Tarifa Social<\/strong><\/p>\n\n\n\n<p>A solicita\u00e7\u00e3o da Tarifa Social de Energia El\u00e9trica pode ser feita de forma simples pelos seguintes canais:<\/p>\n\n\n\n<ul class=\"wp-block-list\">\n<li>WhatsApp da Neoenergia Coelba: (71) 3370-6350<\/li>\n\n\n\n<li>Site oficial: <a href=\"http:\/\/www.neoenergia.com\/bahia\"><strong><mark style=\"background-color:rgba(0, 0, 0, 0)\" class=\"has-inline-color has-vivid-cyan-blue-color\">www.neoenergia.com\/bahia<\/mark><\/strong><\/a><\/li>\n\n\n\n<li>Lojas presenciais de atendimento<\/li>\n<\/ul>\n\n\n\n<p><\/p>\n\n\n\n<p>Com o N\u00famero de Identifica\u00e7\u00e3o Social (NIS) em m\u00e3os, o cliente j\u00e1 pode solicitar o benef\u00edcio. N\u00e3o h\u00e1 prazo limite para o pedido: o cadastro pode ser feito a qualquer momento, desde que o consumidor atenda aos crit\u00e9rios exigidos e apresente a documenta\u00e7\u00e3o necess\u00e1ria.<\/p>\n\n\n\n<p>\u00c9 importante destacar que o desconto n\u00e3o \u00e9 cumulativo. Caso mais de um integrante da mesma fam\u00edlia possua NIS ou NB, apenas um poder\u00e1 ser cadastrado como benefici\u00e1rio da Tarifa Social.<\/p>\n\n\n\n<p class=\"has-black-color has-text-color has-link-color has-medium-font-size wp-elements-e7fa60440e16532c9fd86d535dc939ad\"><strong>Import\u00e2ncia da atualiza\u00e7\u00e3o cadastral<\/strong><\/p>\n\n\n\n<p>Quem j\u00e1 recebe a Tarifa Social deve manter os dados atualizados junto ao Cadastro \u00danico. A atualiza\u00e7\u00e3o deve ser feita presencialmente no Centro de Refer\u00eancia de Assist\u00eancia Social (CRAS) do munic\u00edpio. O n\u00e3o cumprimento desse requisito pode resultar na suspens\u00e3o do benef\u00edcio.<\/p>\n","protected":false},"excerpt":{"rendered":"<p>Mudan\u00e7a nas regras do benef\u00edcio passa a incluir fam\u00edlias com renda entre meio e um sal\u00e1rio-m\u00ednimo por pessoa, garantindo desconto direto na conta de luz. Blog do Eloilton Cajuhy \u2013 BEC &gt;&gt; Siga o canal do BEC no WhatsApp Entraram em vigor neste in\u00edcio de ano novas regras que ampliam o alcance do Desconto Social [&hellip;]<\/p>\n","protected":false},"author":2,"featured_media":93319,"comment_status":"open","ping_status":"open","sticky":false,"template":"","format":"standard","meta":{"_acf_changed":false,"_monsterinsights_skip_tracking":false,"_monsterinsights_sitenote_active":false,"_monsterinsights_sitenote_note":"","_monsterinsights_sitenote_category":0,"_jetpack_memberships_contains_paid_content":false,"footnotes":"","jetpack_publicize_message":"","jetpack_publicize_feature_enabled":true,"jetpack_social_post_already_shared":false,"jetpack_social_options":{"image_generator_settings":{"template":"highway","default_image_id":0,"font":"","enabled":false},"version":2}},"categories":[31],"tags":[],"class_list":["post-93318","post","type-post","status-publish","format-standard","has-post-thumbnail","hentry","category-economia"],"acf":[],"jetpack_publicize_connections":[],"jetpack_featured_media_url":"https:\/\/i0.wp.com\/blogdoeloiltoncajuhy.com.br\/site\/wp-content\/uploads\/2026\/01\/Conta-de-luz-Neoenergia-Coelba-300126.jpg?fit=720%2C652&ssl=1","jetpack_sharing_enabled":true,"publishpress_future_workflow_manual_trigger":{"enabledWorkflows":[]},"_links":{"self":[{"href":"https:\/\/blogdoeloiltoncajuhy.com.br\/site\/wp-json\/wp\/v2\/posts\/93318","targetHints":{"allow":["GET"]}}],"collection":[{"href":"https:\/\/blogdoeloiltoncajuhy.com.br\/site\/wp-json\/wp\/v2\/posts"}],"about":[{"href":"https:\/\/blogdoeloiltoncajuhy.com.br\/site\/wp-json\/wp\/v2\/types\/post"}],"author":[{"embeddable":true,"href":"https:\/\/blogdoeloiltoncajuhy.com.br\/site\/wp-json\/wp\/v2\/users\/2"}],"replies":[{"embeddable":true,"href":"https:\/\/blogdoeloiltoncajuhy.com.br\/site\/wp-json\/wp\/v2\/comments?post=93318"}],"version-history":[{"count":2,"href":"https:\/\/blogdoeloiltoncajuhy.com.br\/site\/wp-json\/wp\/v2\/posts\/93318\/revisions"}],"predecessor-version":[{"id":93321,"href":"https:\/\/blogdoeloiltoncajuhy.com.br\/site\/wp-json\/wp\/v2\/posts\/93318\/revisions\/93321"}],"wp:featuredmedia":[{"embeddable":true,"href":"https:\/\/blogdoeloiltoncajuhy.com.br\/site\/wp-json\/wp\/v2\/media\/93319"}],"wp:attachment":[{"href":"https:\/\/blogdoeloiltoncajuhy.com.br\/site\/wp-json\/wp\/v2\/media?parent=93318"}],"wp:term":[{"taxonomy":"category","embeddable":true,"href":"https:\/\/blogdoeloiltoncajuhy.com.br\/site\/wp-json\/wp\/v2\/categories?post=93318"},{"taxonomy":"post_tag","embeddable":true,"href":"https:\/\/blogdoeloiltoncajuhy.com.br\/site\/wp-json\/wp\/v2\/tags?post=93318"}],"curies":[{"name":"wp","href":"https:\/\/api.w.org\/{rel}","templated":true}]}}