{"id":93313,"date":"2026-01-30T14:47:52","date_gmt":"2026-01-30T17:47:52","guid":{"rendered":"https:\/\/blogdoeloiltoncajuhy.com.br\/site\/?p=93313"},"modified":"2026-01-30T14:47:54","modified_gmt":"2026-01-30T17:47:54","slug":"deputado-estadual-bobo-participa-do-inicio-das-atividades-do-emporio-da-agricultura-familiar-de-senhor-do-bonfim","status":"publish","type":"post","link":"https:\/\/blogdoeloiltoncajuhy.com.br\/site\/deputado-estadual-bobo-participa-do-inicio-das-atividades-do-emporio-da-agricultura-familiar-de-senhor-do-bonfim\/","title":{"rendered":"Deputado estadual Bob\u00f4 participa do in\u00edcio das atividades do Emp\u00f3rio da Agricultura Familiar de Senhor do Bonfim"},"content":{"rendered":"\n<p class=\"has-medium-font-size\"><strong>De acordo com Bob\u00f4, foram iniciadas apenas as atividades; a inaugura\u00e7\u00e3o oficial ser\u00e1 realizada em breve pelo governador Jer\u00f4nimo Rodrigues.<\/strong><\/p>\n\n\n\n<p><strong>Blog do Eloilton Cajuhy \u2013 BEC<\/strong><\/p>\n\n\n\n<p><strong><a href=\"https:\/\/whatsapp.com\/channel\/0029VaAT7tDLI8Yfj5y9Z50Z\" target=\"_blank\" rel=\"noreferrer noopener\"><mark style=\"background-color:rgba(0, 0, 0, 0)\" class=\"has-inline-color has-luminous-vivid-orange-color\">>> Siga o canal do BEC no WhatsApp<\/mark><\/a><\/strong><\/p>\n\n\n\n<figure class=\"wp-block-image aligncenter size-full\"><a href=\"https:\/\/i0.wp.com\/blogdoeloiltoncajuhy.com.br\/site\/wp-content\/uploads\/2026\/01\/Bobo-Empoio-Agricultura-Familiar-2026-01-30.jpeg?ssl=1\"><img data-recalc-dims=\"1\" fetchpriority=\"high\" decoding=\"async\" width=\"768\" height=\"430\" src=\"https:\/\/i0.wp.com\/blogdoeloiltoncajuhy.com.br\/site\/wp-content\/uploads\/2026\/01\/Bobo-Empoio-Agricultura-Familiar-2026-01-30.jpeg?resize=768%2C430&#038;ssl=1\" alt=\"\" class=\"wp-image-93314\" srcset=\"https:\/\/i0.wp.com\/blogdoeloiltoncajuhy.com.br\/site\/wp-content\/uploads\/2026\/01\/Bobo-Empoio-Agricultura-Familiar-2026-01-30.jpeg?w=768&amp;ssl=1 768w, https:\/\/i0.wp.com\/blogdoeloiltoncajuhy.com.br\/site\/wp-content\/uploads\/2026\/01\/Bobo-Empoio-Agricultura-Familiar-2026-01-30.jpeg?resize=300%2C168&amp;ssl=1 300w\" sizes=\"(max-width: 768px) 100vw, 768px\" \/><\/a><figcaption class=\"wp-element-caption\"><sub>Foto: Ascom deputado Bob\u00f4<\/sub><\/figcaption><\/figure>\n\n\n\n<p>Nesta quinta-feira (29), o munic\u00edpio de Senhor do Bonfim deu um importante passo para o fortalecimento da economia local, a valoriza\u00e7\u00e3o dos produtores rurais e o desenvolvimento da agricultura familiar. Ao lado do vereador R\u00ea do Sindicato, o deputado estadual Bob\u00f4 participou do in\u00edcio das atividades do Emp\u00f3rio da Agricultura Familiar.<\/p>\n\n\n\n<p>Durante a visita, o parlamentar conheceu de perto a estrutura do espa\u00e7o, que conta com loja de conveni\u00eancia, cafeteria, ala do artesanato e \u00e1rea destinada \u00e0 realiza\u00e7\u00e3o de feiras de produtos org\u00e2nicos. Para a implanta\u00e7\u00e3o do equipamento, o Governo do Estado investiu quase R$ 2 milh\u00f5es.<\/p>\n\n\n\n<p>Para o deputado Bob\u00f4, o Emp\u00f3rio representa uma grande conquista para os pequenos produtores da regi\u00e3o. \u201cEstamos aqui celebrando esse importante investimento do Governo do Estado, que impulsiona a economia local e cria oportunidades para os pequenos produtores da agricultura familiar e para os artes\u00e3os, que agora passam a contar com um espa\u00e7o pr\u00f3prio para comercializar seus produtos. Hoje foram iniciadas apenas as atividades; a inaugura\u00e7\u00e3o oficial ser\u00e1 realizada em breve pelo nosso governador Jer\u00f4nimo Rodrigues. Com essa estrutura, tenho certeza de que muitos produtos da nossa regi\u00e3o ser\u00e3o expostos e comercializados, gerando renda e melhorando a qualidade de vida desses guerreiros\u201d, destacou.<\/p>\n\n\n\n<figure class=\"wp-block-image aligncenter size-full\"><a href=\"https:\/\/i0.wp.com\/blogdoeloiltoncajuhy.com.br\/site\/wp-content\/uploads\/2026\/01\/Bobo-Empoio-Agricultura-Familiar-2026-01-30-02.jpeg?ssl=1\"><img data-recalc-dims=\"1\" decoding=\"async\" width=\"768\" height=\"430\" src=\"https:\/\/i0.wp.com\/blogdoeloiltoncajuhy.com.br\/site\/wp-content\/uploads\/2026\/01\/Bobo-Empoio-Agricultura-Familiar-2026-01-30-02.jpeg?resize=768%2C430&#038;ssl=1\" alt=\"\" class=\"wp-image-93315\" srcset=\"https:\/\/i0.wp.com\/blogdoeloiltoncajuhy.com.br\/site\/wp-content\/uploads\/2026\/01\/Bobo-Empoio-Agricultura-Familiar-2026-01-30-02.jpeg?w=768&amp;ssl=1 768w, https:\/\/i0.wp.com\/blogdoeloiltoncajuhy.com.br\/site\/wp-content\/uploads\/2026\/01\/Bobo-Empoio-Agricultura-Familiar-2026-01-30-02.jpeg?resize=300%2C168&amp;ssl=1 300w\" sizes=\"(max-width: 768px) 100vw, 768px\" \/><\/a><figcaption class=\"wp-element-caption\"><sub>Foto: Ascom deputado Bob\u00f4<\/sub><\/figcaption><\/figure>\n\n\n\n<p>O vereador R\u00ea do Sindicato tamb\u00e9m comemorou a concretiza\u00e7\u00e3o do projeto.<br>\u201cQuero agradecer ao deputado Bob\u00f4 pela contribui\u00e7\u00e3o decisiva para a implanta\u00e7\u00e3o deste empreendimento e, principalmente, pelo reconhecimento da for\u00e7a do homem e da mulher do campo. Aproveito para agradecer tamb\u00e9m ao governador Jer\u00f4nimo Rodrigues por esse olhar especial para a agricultura familiar. Hoje celebramos a realiza\u00e7\u00e3o de um sonho\u201d, afirmou.<\/p>\n\n\n\n<p>O in\u00edcio das atividades contou ainda com a presen\u00e7a dos vereadores Jeorge Catatau e Sarah do Milt\u00e3o; de Paulo Martins (representante da CAR); Nelson Pinheiro (diretor da Federa\u00e7\u00e3o do Com\u00e9rcio do Estado da Bahia); Nilo Ramos (coordenador-geral do Cesol); Toinho Cerqueira (secret\u00e1rio executivo do Cons\u00f3rcio); al\u00e9m de lideran\u00e7as locais como a ex-vereadora L\u00facia Cerqueira, Pedro da Marcenaria, Chiquinho da Glorinha, Mimo de Igara, Robertinho da Ambul\u00e2ncia, entre outros.<\/p>\n\n\n\n<figure class=\"wp-block-image aligncenter size-full is-resized\"><a href=\"https:\/\/i0.wp.com\/blogdoeloiltoncajuhy.com.br\/site\/wp-content\/uploads\/2026\/01\/Bobo-Empoio-Agricultura-Familiar-2026-01-30-03.jpeg?ssl=1\"><img data-recalc-dims=\"1\" decoding=\"async\" width=\"768\" height=\"622\" src=\"https:\/\/i0.wp.com\/blogdoeloiltoncajuhy.com.br\/site\/wp-content\/uploads\/2026\/01\/Bobo-Empoio-Agricultura-Familiar-2026-01-30-03.jpeg?resize=768%2C622&#038;ssl=1\" alt=\"\" class=\"wp-image-93316\" style=\"width:689px;height:auto\" srcset=\"https:\/\/i0.wp.com\/blogdoeloiltoncajuhy.com.br\/site\/wp-content\/uploads\/2026\/01\/Bobo-Empoio-Agricultura-Familiar-2026-01-30-03.jpeg?w=768&amp;ssl=1 768w, https:\/\/i0.wp.com\/blogdoeloiltoncajuhy.com.br\/site\/wp-content\/uploads\/2026\/01\/Bobo-Empoio-Agricultura-Familiar-2026-01-30-03.jpeg?resize=300%2C243&amp;ssl=1 300w\" sizes=\"(max-width: 768px) 100vw, 768px\" \/><\/a><figcaption class=\"wp-element-caption\"><sub>Foto: Ascom deputado Bob\u00f4<\/sub><\/figcaption><\/figure>\n","protected":false},"excerpt":{"rendered":"<p>De acordo com Bob\u00f4, foram iniciadas apenas as atividades; a inaugura\u00e7\u00e3o oficial ser\u00e1 realizada em breve pelo governador Jer\u00f4nimo Rodrigues. Blog do Eloilton Cajuhy \u2013 BEC >> Siga o canal do BEC no WhatsApp Nesta quinta-feira (29), o munic\u00edpio de Senhor do Bonfim deu um importante passo para o fortalecimento da economia local, a valoriza\u00e7\u00e3o [&hellip;]<\/p>\n","protected":false},"author":2,"featured_media":93314,"comment_status":"open","ping_status":"open","sticky":false,"template":"","format":"standard","meta":{"_acf_changed":false,"_monsterinsights_skip_tracking":false,"_monsterinsights_sitenote_active":false,"_monsterinsights_sitenote_note":"","_monsterinsights_sitenote_category":0,"_jetpack_memberships_contains_paid_content":false,"footnotes":"","jetpack_publicize_message":"","jetpack_publicize_feature_enabled":true,"jetpack_social_post_already_shared":false,"jetpack_social_options":{"image_generator_settings":{"template":"highway","default_image_id":0,"font":"","enabled":false},"version":2}},"categories":[4],"tags":[],"class_list":["post-93313","post","type-post","status-publish","format-standard","has-post-thumbnail","hentry","category-local"],"acf":[],"jetpack_publicize_connections":[],"jetpack_featured_media_url":"https:\/\/i0.wp.com\/blogdoeloiltoncajuhy.com.br\/site\/wp-content\/uploads\/2026\/01\/Bobo-Empoio-Agricultura-Familiar-2026-01-30.jpeg?fit=768%2C430&ssl=1","jetpack_sharing_enabled":true,"publishpress_future_workflow_manual_trigger":{"enabledWorkflows":[]},"_links":{"self":[{"href":"https:\/\/blogdoeloiltoncajuhy.com.br\/site\/wp-json\/wp\/v2\/posts\/93313","targetHints":{"allow":["GET"]}}],"collection":[{"href":"https:\/\/blogdoeloiltoncajuhy.com.br\/site\/wp-json\/wp\/v2\/posts"}],"about":[{"href":"https:\/\/blogdoeloiltoncajuhy.com.br\/site\/wp-json\/wp\/v2\/types\/post"}],"author":[{"embeddable":true,"href":"https:\/\/blogdoeloiltoncajuhy.com.br\/site\/wp-json\/wp\/v2\/users\/2"}],"replies":[{"embeddable":true,"href":"https:\/\/blogdoeloiltoncajuhy.com.br\/site\/wp-json\/wp\/v2\/comments?post=93313"}],"version-history":[{"count":1,"href":"https:\/\/blogdoeloiltoncajuhy.com.br\/site\/wp-json\/wp\/v2\/posts\/93313\/revisions"}],"predecessor-version":[{"id":93317,"href":"https:\/\/blogdoeloiltoncajuhy.com.br\/site\/wp-json\/wp\/v2\/posts\/93313\/revisions\/93317"}],"wp:featuredmedia":[{"embeddable":true,"href":"https:\/\/blogdoeloiltoncajuhy.com.br\/site\/wp-json\/wp\/v2\/media\/93314"}],"wp:attachment":[{"href":"https:\/\/blogdoeloiltoncajuhy.com.br\/site\/wp-json\/wp\/v2\/media?parent=93313"}],"wp:term":[{"taxonomy":"category","embeddable":true,"href":"https:\/\/blogdoeloiltoncajuhy.com.br\/site\/wp-json\/wp\/v2\/categories?post=93313"},{"taxonomy":"post_tag","embeddable":true,"href":"https:\/\/blogdoeloiltoncajuhy.com.br\/site\/wp-json\/wp\/v2\/tags?post=93313"}],"curies":[{"name":"wp","href":"https:\/\/api.w.org\/{rel}","templated":true}]}}