{"id":93311,"date":"2026-01-30T08:54:13","date_gmt":"2026-01-30T11:54:13","guid":{"rendered":"https:\/\/blogdoeloiltoncajuhy.com.br\/site\/?p=93311"},"modified":"2026-01-30T08:54:14","modified_gmt":"2026-01-30T11:54:14","slug":"menina-e-resgatada-apos-dois-dias-em-carcere-privado-em-senhor-do-bonfim","status":"publish","type":"post","link":"https:\/\/blogdoeloiltoncajuhy.com.br\/site\/menina-e-resgatada-apos-dois-dias-em-carcere-privado-em-senhor-do-bonfim\/","title":{"rendered":"Menina \u00e9 resgatada ap\u00f3s dois dias em c\u00e1rcere privado em Senhor do Bonfim"},"content":{"rendered":"\n<p class=\"has-medium-font-size\"><strong>V\u00edtima sofreu abusos, foi dopada e escapou ap\u00f3s ser reconhecida por familiar no centro da cidade.<\/strong><\/p>\n\n\n\n<p><strong>Blog do Eloilton Cajuhy \u2013 BEC<\/strong><\/p>\n\n\n\n<p><strong><a href=\"https:\/\/whatsapp.com\/channel\/0029VaAT7tDLI8Yfj5y9Z50Z\" target=\"_blank\" rel=\"noreferrer noopener\"><mark style=\"background-color:rgba(0, 0, 0, 0)\" class=\"has-inline-color has-luminous-vivid-orange-color\">>> Siga o canal do BEC no WhatsApp<\/mark><\/a><\/strong><\/p>\n\n\n\n<figure class=\"wp-block-image aligncenter size-full is-resized\"><a href=\"https:\/\/i0.wp.com\/blogdoeloiltoncajuhy.com.br\/site\/wp-content\/uploads\/2025\/08\/Policia-Civil-Foto-Ascom-PC-BA.png\"><img data-recalc-dims=\"1\" fetchpriority=\"high\" decoding=\"async\" width=\"800\" height=\"481\" src=\"https:\/\/i0.wp.com\/blogdoeloiltoncajuhy.com.br\/site\/wp-content\/uploads\/2025\/08\/Policia-Civil-Foto-Ascom-PC-BA.png?resize=800%2C481\" alt=\"\" class=\"wp-image-89651\" style=\"aspect-ratio:1.661959944168533;width:750px;height:auto\" srcset=\"https:\/\/i0.wp.com\/blogdoeloiltoncajuhy.com.br\/site\/wp-content\/uploads\/2025\/08\/Policia-Civil-Foto-Ascom-PC-BA.png?w=816&amp;ssl=1 816w, https:\/\/i0.wp.com\/blogdoeloiltoncajuhy.com.br\/site\/wp-content\/uploads\/2025\/08\/Policia-Civil-Foto-Ascom-PC-BA.png?resize=300%2C181&amp;ssl=1 300w, https:\/\/i0.wp.com\/blogdoeloiltoncajuhy.com.br\/site\/wp-content\/uploads\/2025\/08\/Policia-Civil-Foto-Ascom-PC-BA.png?resize=768%2C462&amp;ssl=1 768w\" sizes=\"(max-width: 800px) 100vw, 800px\" \/><\/a><figcaption class=\"wp-element-caption\"><sub>Foto: Pol\u00edcia Civil da Bahia<\/sub><\/figcaption><\/figure>\n\n\n\n<p>Na \u00faltima quinta-feira (29), uma menina de 12 anos que estava desaparecida foi encontrada em Senhor do Bonfim ap\u00f3s ter sido v\u00edtima de rapto e mantida em c\u00e1rcere privado por cerca de dois dias. Segundo informa\u00e7\u00f5es apuradas pelas autoridades, e publicadas no <strong>Blog do Netto Maravilha<\/strong>, ela foi abordada enquanto estava no Parque da Cidade, dopada e levada para uma resid\u00eancia em um loteamento da cidade, onde sofreu abusos e permaneceu sob efeito de drogas, sem receber alimenta\u00e7\u00e3o.<\/p>\n\n\n\n<p>Ainda no mesmo dia em que foi localizada, os suspeitos caminhavam com a v\u00edtima por uma rua do centro, supostamente com a inten\u00e7\u00e3o de negoci\u00e1-la, quando uma familiar a reconheceu e gritou por seu nome. Assustados, os criminosos fugiram e abandonaram a garota, que foi imediatamente socorrida pela fam\u00edlia e encaminhada para a UPA 24 horas. No local, ela recebeu atendimento m\u00e9dico e foi confirmada a ocorr\u00eancia de abuso sexual.<\/p>\n\n\n\n<p>O Conselho Tutelar e a Pol\u00edcia Civil iniciaram buscas e, por meio de imagens de c\u00e2meras de seguran\u00e7a, conseguiram identificar os envolvidos. Um dos suspeitos foi preso pouco depois e encaminhado ao Conjunto Penal de Juazeiro, onde responder\u00e1 por crimes como rapto, estupro e les\u00e3o corporal. O outro segue foragido.<\/p>\n\n\n\n<p>O caso gerou forte como\u00e7\u00e3o na cidade e refor\u00e7a a import\u00e2ncia da aten\u00e7\u00e3o da comunidade e da r\u00e1pida atua\u00e7\u00e3o das autoridades na prote\u00e7\u00e3o de crian\u00e7as e adolescentes.<\/p>\n","protected":false},"excerpt":{"rendered":"<p>V\u00edtima sofreu abusos, foi dopada e escapou ap\u00f3s ser reconhecida por familiar no centro da cidade. Blog do Eloilton Cajuhy \u2013 BEC >> Siga o canal do BEC no WhatsApp Na \u00faltima quinta-feira (29), uma menina de 12 anos que estava desaparecida foi encontrada em Senhor do Bonfim ap\u00f3s ter sido v\u00edtima de rapto e [&hellip;]<\/p>\n","protected":false},"author":2,"featured_media":89651,"comment_status":"open","ping_status":"open","sticky":false,"template":"","format":"standard","meta":{"_acf_changed":false,"_monsterinsights_skip_tracking":false,"_monsterinsights_sitenote_active":false,"_monsterinsights_sitenote_note":"","_monsterinsights_sitenote_category":0,"_jetpack_memberships_contains_paid_content":false,"footnotes":"","jetpack_publicize_message":"","jetpack_publicize_feature_enabled":true,"jetpack_social_post_already_shared":true,"jetpack_social_options":{"image_generator_settings":{"template":"highway","default_image_id":0,"font":"","enabled":false},"version":2}},"categories":[15],"tags":[],"class_list":["post-93311","post","type-post","status-publish","format-standard","has-post-thumbnail","hentry","category-policia"],"acf":[],"jetpack_publicize_connections":[],"jetpack_featured_media_url":"https:\/\/i0.wp.com\/blogdoeloiltoncajuhy.com.br\/site\/wp-content\/uploads\/2025\/08\/Policia-Civil-Foto-Ascom-PC-BA.png?fit=816%2C491&ssl=1","jetpack_sharing_enabled":true,"publishpress_future_workflow_manual_trigger":{"enabledWorkflows":[]},"_links":{"self":[{"href":"https:\/\/blogdoeloiltoncajuhy.com.br\/site\/wp-json\/wp\/v2\/posts\/93311","targetHints":{"allow":["GET"]}}],"collection":[{"href":"https:\/\/blogdoeloiltoncajuhy.com.br\/site\/wp-json\/wp\/v2\/posts"}],"about":[{"href":"https:\/\/blogdoeloiltoncajuhy.com.br\/site\/wp-json\/wp\/v2\/types\/post"}],"author":[{"embeddable":true,"href":"https:\/\/blogdoeloiltoncajuhy.com.br\/site\/wp-json\/wp\/v2\/users\/2"}],"replies":[{"embeddable":true,"href":"https:\/\/blogdoeloiltoncajuhy.com.br\/site\/wp-json\/wp\/v2\/comments?post=93311"}],"version-history":[{"count":1,"href":"https:\/\/blogdoeloiltoncajuhy.com.br\/site\/wp-json\/wp\/v2\/posts\/93311\/revisions"}],"predecessor-version":[{"id":93312,"href":"https:\/\/blogdoeloiltoncajuhy.com.br\/site\/wp-json\/wp\/v2\/posts\/93311\/revisions\/93312"}],"wp:featuredmedia":[{"embeddable":true,"href":"https:\/\/blogdoeloiltoncajuhy.com.br\/site\/wp-json\/wp\/v2\/media\/89651"}],"wp:attachment":[{"href":"https:\/\/blogdoeloiltoncajuhy.com.br\/site\/wp-json\/wp\/v2\/media?parent=93311"}],"wp:term":[{"taxonomy":"category","embeddable":true,"href":"https:\/\/blogdoeloiltoncajuhy.com.br\/site\/wp-json\/wp\/v2\/categories?post=93311"},{"taxonomy":"post_tag","embeddable":true,"href":"https:\/\/blogdoeloiltoncajuhy.com.br\/site\/wp-json\/wp\/v2\/tags?post=93311"}],"curies":[{"name":"wp","href":"https:\/\/api.w.org\/{rel}","templated":true}]}}