{"id":93308,"date":"2026-01-30T00:10:00","date_gmt":"2026-01-30T03:10:00","guid":{"rendered":"https:\/\/blogdoeloiltoncajuhy.com.br\/site\/?p=93308"},"modified":"2026-01-29T18:02:47","modified_gmt":"2026-01-29T21:02:47","slug":"diana-e-odair-jose-amor-fama-e-os-bastidores-de-uma-era-romantica","status":"publish","type":"post","link":"https:\/\/blogdoeloiltoncajuhy.com.br\/site\/diana-e-odair-jose-amor-fama-e-os-bastidores-de-uma-era-romantica\/","title":{"rendered":"Diana e Odair Jos\u00e9: Amor, fama e os bastidores de uma era rom\u00e2ntica"},"content":{"rendered":"\n<p class=\"has-medium-font-size\"><strong>Os dois \u00eddolos do brega brasileiro viveram um romance t\u00e3o intenso quanto as can\u00e7\u00f5es que marcaram gera\u00e7\u00f5es.<\/strong><\/p>\n\n\n\n<p><strong>Blog do Eloilton Cajuhy \u2013 BEC<\/strong><\/p>\n\n\n\n<p><strong><a href=\"https:\/\/whatsapp.com\/channel\/0029VaAT7tDLI8Yfj5y9Z50Z\" target=\"_blank\" rel=\"noreferrer noopener\"><mark style=\"background-color:rgba(0, 0, 0, 0)\" class=\"has-inline-color has-luminous-vivid-orange-color\">>> Siga o canal do BEC no WhatsApp<\/mark><\/a><\/strong><\/p>\n\n\n\n<figure class=\"wp-block-image aligncenter size-full is-resized\"><a href=\"https:\/\/i0.wp.com\/blogdoeloiltoncajuhy.com.br\/site\/wp-content\/uploads\/2026\/01\/Odair-Jose-e-Diana-Facebook.jpg?ssl=1\"><img data-recalc-dims=\"1\" fetchpriority=\"high\" decoding=\"async\" width=\"760\" height=\"566\" src=\"https:\/\/i0.wp.com\/blogdoeloiltoncajuhy.com.br\/site\/wp-content\/uploads\/2026\/01\/Odair-Jose-e-Diana-Facebook.jpg?resize=760%2C566&#038;ssl=1\" alt=\"\" class=\"wp-image-93309\" style=\"width:677px;height:auto\" srcset=\"https:\/\/i0.wp.com\/blogdoeloiltoncajuhy.com.br\/site\/wp-content\/uploads\/2026\/01\/Odair-Jose-e-Diana-Facebook.jpg?w=760&amp;ssl=1 760w, https:\/\/i0.wp.com\/blogdoeloiltoncajuhy.com.br\/site\/wp-content\/uploads\/2026\/01\/Odair-Jose-e-Diana-Facebook.jpg?resize=300%2C223&amp;ssl=1 300w\" sizes=\"(max-width: 760px) 100vw, 760px\" \/><\/a><figcaption class=\"wp-element-caption\"><sub>Foto: Reprodu\u00e7\u00e3o \/ Facebook<\/sub><\/figcaption><\/figure>\n\n\n\n<p>No final dos anos 1960, dois nomes come\u00e7avam a ecoar forte nas r\u00e1dios brasileiras, embalando cora\u00e7\u00f5es apaixonados e hist\u00f3rias de amor sofrido: Diana e Odair Jos\u00e9. \u00cdcones do chamado estilo \u201cbrega-rom\u00e2ntico\u201d, ambos conquistaram multid\u00f5es com letras diretas, melodias melanc\u00f3licas e interpreta\u00e7\u00f5es carregadas de emo\u00e7\u00e3o. N\u00e3o demorou para que a afinidade art\u00edstica se transformasse em envolvimento pessoal \u2014 e o romance virou assunto nacional.<\/p>\n\n\n\n<p>Em 1973, sob os holofotes da fama e a curiosidade do p\u00fablico, o casal oficializou a uni\u00e3o. Para os f\u00e3s, parecia a materializa\u00e7\u00e3o perfeita das can\u00e7\u00f5es que falavam de amor absoluto, promessas eternas e entrega sem reservas. No entanto, a vida real mostrou-se mais complexa que os versos musicais. Apenas um ano depois, em 1974, a rela\u00e7\u00e3o se rompeu de forma turbulenta, cercada por relatos de brigas intensas e desgaste emocional.<\/p>\n\n\n\n<p>O epis\u00f3dio ganhou ainda mais relev\u00e2ncia hist\u00f3rica quando, em 1977, com a recente legaliza\u00e7\u00e3o do div\u00f3rcio no Brasil, Diana e Odair trataram de formalizar a separa\u00e7\u00e3o. Tornaram-se, assim, o quarto casal do pa\u00eds a utilizar esse novo direito civil \u2014 um detalhe que insere a hist\u00f3ria dos dois n\u00e3o apenas no campo musical, mas tamb\u00e9m no contexto das transforma\u00e7\u00f5es sociais da \u00e9poca.<\/p>\n\n\n\n<p>Diana, eternizada como a \u201cCantora Apaixonada\u201d, seguiu marcada por sucessos que atravessaram d\u00e9cadas, sempre associados \u00e0 sensibilidade e \u00e0 dor amorosa que t\u00e3o bem interpretava. Sua partida, em 2024, aos 76 anos, deixou saudade e refor\u00e7ou a import\u00e2ncia de sua voz na constru\u00e7\u00e3o de uma est\u00e9tica sentimental que marcou profundamente a m\u00fasica popular brasileira.<\/p>\n\n\n\n<p>Odair Jos\u00e9, por sua vez, permanece ativo, aos 77 anos, mantendo viva a trajet\u00f3ria de um artista que nunca teve medo de abordar temas delicados e emo\u00e7\u00f5es intensas. Sua carreira continua sendo lembrada como uma das mais ousadas e populares de sua gera\u00e7\u00e3o.<\/p>\n\n\n\n<p>A hist\u00f3ria de Diana e Odair Jos\u00e9 \u00e9, ao mesmo tempo, romance, drama, retrato de \u00e9poca e cap\u00edtulo importante da cultura brasileira. Um lembrete de que, por tr\u00e1s das can\u00e7\u00f5es que embalam multid\u00f5es, existem vidas reais \u2014 com encontros luminosos, rupturas dolorosas e legados que resistem ao tempo.<\/p>\n","protected":false},"excerpt":{"rendered":"<p>Os dois \u00eddolos do brega brasileiro viveram um romance t\u00e3o intenso quanto as can\u00e7\u00f5es que marcaram gera\u00e7\u00f5es. Blog do Eloilton Cajuhy \u2013 BEC >> Siga o canal do BEC no WhatsApp No final dos anos 1960, dois nomes come\u00e7avam a ecoar forte nas r\u00e1dios brasileiras, embalando cora\u00e7\u00f5es apaixonados e hist\u00f3rias de amor sofrido: Diana e [&hellip;]<\/p>\n","protected":false},"author":2,"featured_media":93309,"comment_status":"open","ping_status":"open","sticky":false,"template":"","format":"standard","meta":{"_acf_changed":false,"_monsterinsights_skip_tracking":false,"_monsterinsights_sitenote_active":false,"_monsterinsights_sitenote_note":"","_monsterinsights_sitenote_category":0,"_jetpack_memberships_contains_paid_content":false,"footnotes":"","jetpack_publicize_message":"","jetpack_publicize_feature_enabled":true,"jetpack_social_post_already_shared":true,"jetpack_social_options":{"image_generator_settings":{"template":"highway","default_image_id":0,"font":"","enabled":false},"version":2}},"categories":[8],"tags":[],"class_list":["post-93308","post","type-post","status-publish","format-standard","has-post-thumbnail","hentry","category-cultura"],"acf":[],"jetpack_publicize_connections":[],"jetpack_featured_media_url":"https:\/\/i0.wp.com\/blogdoeloiltoncajuhy.com.br\/site\/wp-content\/uploads\/2026\/01\/Odair-Jose-e-Diana-Facebook.jpg?fit=760%2C566&ssl=1","jetpack_sharing_enabled":true,"publishpress_future_workflow_manual_trigger":{"enabledWorkflows":[]},"_links":{"self":[{"href":"https:\/\/blogdoeloiltoncajuhy.com.br\/site\/wp-json\/wp\/v2\/posts\/93308","targetHints":{"allow":["GET"]}}],"collection":[{"href":"https:\/\/blogdoeloiltoncajuhy.com.br\/site\/wp-json\/wp\/v2\/posts"}],"about":[{"href":"https:\/\/blogdoeloiltoncajuhy.com.br\/site\/wp-json\/wp\/v2\/types\/post"}],"author":[{"embeddable":true,"href":"https:\/\/blogdoeloiltoncajuhy.com.br\/site\/wp-json\/wp\/v2\/users\/2"}],"replies":[{"embeddable":true,"href":"https:\/\/blogdoeloiltoncajuhy.com.br\/site\/wp-json\/wp\/v2\/comments?post=93308"}],"version-history":[{"count":1,"href":"https:\/\/blogdoeloiltoncajuhy.com.br\/site\/wp-json\/wp\/v2\/posts\/93308\/revisions"}],"predecessor-version":[{"id":93310,"href":"https:\/\/blogdoeloiltoncajuhy.com.br\/site\/wp-json\/wp\/v2\/posts\/93308\/revisions\/93310"}],"wp:featuredmedia":[{"embeddable":true,"href":"https:\/\/blogdoeloiltoncajuhy.com.br\/site\/wp-json\/wp\/v2\/media\/93309"}],"wp:attachment":[{"href":"https:\/\/blogdoeloiltoncajuhy.com.br\/site\/wp-json\/wp\/v2\/media?parent=93308"}],"wp:term":[{"taxonomy":"category","embeddable":true,"href":"https:\/\/blogdoeloiltoncajuhy.com.br\/site\/wp-json\/wp\/v2\/categories?post=93308"},{"taxonomy":"post_tag","embeddable":true,"href":"https:\/\/blogdoeloiltoncajuhy.com.br\/site\/wp-json\/wp\/v2\/tags?post=93308"}],"curies":[{"name":"wp","href":"https:\/\/api.w.org\/{rel}","templated":true}]}}