{"id":93305,"date":"2026-01-30T00:10:00","date_gmt":"2026-01-30T03:10:00","guid":{"rendered":"https:\/\/blogdoeloiltoncajuhy.com.br\/site\/?p=93305"},"modified":"2026-01-29T17:55:26","modified_gmt":"2026-01-29T20:55:26","slug":"deputado-da-entrada-em-pec-para-reducao-da-maioridade-penal-em-casos-de-crimes-hediondos-e-de-crueldade-extrema","status":"publish","type":"post","link":"https:\/\/blogdoeloiltoncajuhy.com.br\/site\/deputado-da-entrada-em-pec-para-reducao-da-maioridade-penal-em-casos-de-crimes-hediondos-e-de-crueldade-extrema\/","title":{"rendered":"Deputado d\u00e1 entrada em PEC para redu\u00e7\u00e3o da maioridade penal em casos de crimes hediondos e de crueldade extrema"},"content":{"rendered":"\n<p><strong>Pol\u00edtica ao Vivo<\/strong><\/p>\n\n\n\n<p><strong><a href=\"https:\/\/whatsapp.com\/channel\/0029VaAT7tDLI8Yfj5y9Z50Z\" target=\"_blank\" rel=\"noreferrer noopener\"><mark style=\"background-color:rgba(0, 0, 0, 0)\" class=\"has-inline-color has-luminous-vivid-orange-color\">>> Siga o canal do BEC no WhatsApp<\/mark><\/a><\/strong><\/p>\n\n\n\n<figure class=\"wp-block-image aligncenter size-full is-resized\"><a href=\"https:\/\/i0.wp.com\/blogdoeloiltoncajuhy.com.br\/site\/wp-content\/uploads\/2026\/01\/Capitao-Alden-2026-01-28.png\"><img data-recalc-dims=\"1\" fetchpriority=\"high\" decoding=\"async\" width=\"768\" height=\"583\" src=\"https:\/\/i0.wp.com\/blogdoeloiltoncajuhy.com.br\/site\/wp-content\/uploads\/2026\/01\/Capitao-Alden-2026-01-28.png?resize=768%2C583\" alt=\"\" class=\"wp-image-93306\" style=\"width:565px;height:auto\" srcset=\"https:\/\/i0.wp.com\/blogdoeloiltoncajuhy.com.br\/site\/wp-content\/uploads\/2026\/01\/Capitao-Alden-2026-01-28.png?w=768&amp;ssl=1 768w, https:\/\/i0.wp.com\/blogdoeloiltoncajuhy.com.br\/site\/wp-content\/uploads\/2026\/01\/Capitao-Alden-2026-01-28.png?resize=300%2C228&amp;ssl=1 300w\" sizes=\"(max-width: 768px) 100vw, 768px\" \/><\/a><figcaption class=\"wp-element-caption\"><sub>Foto: Reprodu\u00e7\u00e3o \/ Pol\u00edtica ao Vivo<\/sub><\/figcaption><\/figure>\n\n\n\n<p>O deputado federal Capit\u00e3o Alden (PL-BA) deu entrada na C\u00e2mara dos Deputados em uma Proposta de Emenda \u00e0 Constitui\u00e7\u00e3o (PEC) que trata da redu\u00e7\u00e3o excepcional da maioridade penal em casos de crimes hediondos e de crueldade extrema contra pessoas e animais.<\/p>\n\n\n\n<p>A proposta altera o art. 228 da Constitui\u00e7\u00e3o Federal para permitir, em car\u00e1ter estritamente excepcional, a responsabiliza\u00e7\u00e3o penal diferenciada de menores de 18 anos quando comprovada, por crit\u00e9rios t\u00e9cnicos objetivos e avalia\u00e7\u00e3o individualizada, a capacidade de compreens\u00e3o do car\u00e1ter il\u00edcito do fato.<\/p>\n\n\n\n<p>Segundo o parlamentar, a PEC n\u00e3o prev\u00ea redu\u00e7\u00e3o generalizada da maioridade penal, n\u00e3o extingue a inimputabilidade penal e n\u00e3o criminaliza a inf\u00e2ncia. O texto cria uma exce\u00e7\u00e3o constitucional delimitada, cuja regulamenta\u00e7\u00e3o ficar\u00e1 a cargo de lei complementar, garantindo debate t\u00e9cnico aprofundado e impedindo interpreta\u00e7\u00f5es ampliativas ou arbitr\u00e1rias.<\/p>\n\n\n\n<p>Entre as hip\u00f3teses que poder\u00e3o ser alcan\u00e7adas pela exce\u00e7\u00e3o constitucional, a serem definidas em lei complementar, est\u00e3o estupro, estupro de vulner\u00e1vel, latroc\u00ednio, homic\u00eddio praticado com crueldade extrema, tortura e maus-tratos extremos contra pessoas e animais, sempre com respeito ao devido processo legal, \u00e0 ampla defesa e \u00e0s garantias pr\u00f3prias da condi\u00e7\u00e3o peculiar da pessoa em desenvolvimento.<\/p>\n\n\n\n<p>Para Capit\u00e3o Alden, a iniciativa foi motivada pela recorr\u00eancia de casos de viol\u00eancia extrema praticados por adolescentes e pela constata\u00e7\u00e3o de que a impunidade contribui para a escalada da viol\u00eancia.<\/p>\n\n\n\n<blockquote class=\"wp-block-quote is-layout-flow wp-block-quote-is-layout-flow\">\n<p><strong><mark style=\"background-color:rgba(0, 0, 0, 0)\" class=\"has-inline-color has-black-color\">\u201cQuando o Estado sinaliza que a idade funciona como escudo absoluto mesmo diante da barb\u00e1rie, ele falha em proteger a sociedade e as pr\u00f3prias v\u00edtimas\u201d, afirmou.<\/mark><\/strong><\/p>\n<\/blockquote>\n\n\n\n<p>O deputado destacou ainda que a PEC busca interromper ciclos precoces de viol\u00eancia, proteger a sociedade e assegurar que crimes de extrema gravidade n\u00e3o recebam respostas meramente simb\u00f3licas.<\/p>\n\n\n\n<blockquote class=\"wp-block-quote is-layout-flow wp-block-quote-is-layout-flow\">\n<p><strong><mark style=\"background-color:rgba(0, 0, 0, 0)\" class=\"has-inline-color has-black-color\">\u201cN\u00e3o se trata de vingan\u00e7a ou populismo penal. Trata-se de responsabilidade constitucional diante de crimes hediondos e de crueldade extrema\u201d, concluiu.<\/mark><\/strong><\/p>\n<\/blockquote>\n\n\n\n<p>Agora, a proposta entra na fase de coleta de assinaturas de parlamentares, etapa necess\u00e1ria para o in\u00edcio da tramita\u00e7\u00e3o da PEC na C\u00e2mara dos Deputados.<\/p>\n","protected":false},"excerpt":{"rendered":"<p>Pol\u00edtica ao Vivo >> Siga o canal do BEC no WhatsApp O deputado federal Capit\u00e3o Alden (PL-BA) deu entrada na C\u00e2mara dos Deputados em uma Proposta de Emenda \u00e0 Constitui\u00e7\u00e3o (PEC) que trata da redu\u00e7\u00e3o excepcional da maioridade penal em casos de crimes hediondos e de crueldade extrema contra pessoas e animais. A proposta altera [&hellip;]<\/p>\n","protected":false},"author":2,"featured_media":93306,"comment_status":"open","ping_status":"open","sticky":false,"template":"","format":"standard","meta":{"_acf_changed":false,"_monsterinsights_skip_tracking":false,"_monsterinsights_sitenote_active":false,"_monsterinsights_sitenote_note":"","_monsterinsights_sitenote_category":0,"_jetpack_memberships_contains_paid_content":false,"footnotes":"","jetpack_publicize_message":"","jetpack_publicize_feature_enabled":true,"jetpack_social_post_already_shared":true,"jetpack_social_options":{"image_generator_settings":{"template":"highway","default_image_id":0,"font":"","enabled":false},"version":2}},"categories":[3],"tags":[],"class_list":["post-93305","post","type-post","status-publish","format-standard","has-post-thumbnail","hentry","category-politica"],"acf":[],"jetpack_publicize_connections":[],"jetpack_featured_media_url":"https:\/\/i0.wp.com\/blogdoeloiltoncajuhy.com.br\/site\/wp-content\/uploads\/2026\/01\/Capitao-Alden-2026-01-28.png?fit=768%2C583&ssl=1","jetpack_sharing_enabled":true,"publishpress_future_workflow_manual_trigger":{"enabledWorkflows":[]},"_links":{"self":[{"href":"https:\/\/blogdoeloiltoncajuhy.com.br\/site\/wp-json\/wp\/v2\/posts\/93305","targetHints":{"allow":["GET"]}}],"collection":[{"href":"https:\/\/blogdoeloiltoncajuhy.com.br\/site\/wp-json\/wp\/v2\/posts"}],"about":[{"href":"https:\/\/blogdoeloiltoncajuhy.com.br\/site\/wp-json\/wp\/v2\/types\/post"}],"author":[{"embeddable":true,"href":"https:\/\/blogdoeloiltoncajuhy.com.br\/site\/wp-json\/wp\/v2\/users\/2"}],"replies":[{"embeddable":true,"href":"https:\/\/blogdoeloiltoncajuhy.com.br\/site\/wp-json\/wp\/v2\/comments?post=93305"}],"version-history":[{"count":1,"href":"https:\/\/blogdoeloiltoncajuhy.com.br\/site\/wp-json\/wp\/v2\/posts\/93305\/revisions"}],"predecessor-version":[{"id":93307,"href":"https:\/\/blogdoeloiltoncajuhy.com.br\/site\/wp-json\/wp\/v2\/posts\/93305\/revisions\/93307"}],"wp:featuredmedia":[{"embeddable":true,"href":"https:\/\/blogdoeloiltoncajuhy.com.br\/site\/wp-json\/wp\/v2\/media\/93306"}],"wp:attachment":[{"href":"https:\/\/blogdoeloiltoncajuhy.com.br\/site\/wp-json\/wp\/v2\/media?parent=93305"}],"wp:term":[{"taxonomy":"category","embeddable":true,"href":"https:\/\/blogdoeloiltoncajuhy.com.br\/site\/wp-json\/wp\/v2\/categories?post=93305"},{"taxonomy":"post_tag","embeddable":true,"href":"https:\/\/blogdoeloiltoncajuhy.com.br\/site\/wp-json\/wp\/v2\/tags?post=93305"}],"curies":[{"name":"wp","href":"https:\/\/api.w.org\/{rel}","templated":true}]}}