{"id":93292,"date":"2026-01-29T15:28:05","date_gmt":"2026-01-29T18:28:05","guid":{"rendered":"https:\/\/blogdoeloiltoncajuhy.com.br\/site\/?p=93292"},"modified":"2026-01-29T15:28:06","modified_gmt":"2026-01-29T18:28:06","slug":"nao-se-trata-so-de-fake-news-se-trata-de-crime-diz-wellington-dias-sobre-noticias-falsas-a-respeito-do-bolsa-familia","status":"publish","type":"post","link":"https:\/\/blogdoeloiltoncajuhy.com.br\/site\/nao-se-trata-so-de-fake-news-se-trata-de-crime-diz-wellington-dias-sobre-noticias-falsas-a-respeito-do-bolsa-familia\/","title":{"rendered":"\u201cN\u00e3o se trata s\u00f3 de fake news, se trata de crime\u201d, diz Wellington Dias sobre not\u00edcias falsas a respeito do Bolsa Fam\u00edlia"},"content":{"rendered":"\n<p class=\"has-medium-font-size\"><strong>Titular do Desenvolvimento e Assist\u00eancia Social, Fam\u00edlia e Combate \u00e0 Fome esclareceu n\u00e3o haver qualquer movimento para limitar os saques relativos aos benef\u00edcios.<\/strong><\/p>\n\n\n\n<p><strong>Blog do Eloilton Cajuhy \u2013 BEC<\/strong><\/p>\n\n\n\n<p><strong><a href=\"https:\/\/whatsapp.com\/channel\/0029VaAT7tDLI8Yfj5y9Z50Z\" target=\"_blank\" rel=\"noreferrer noopener\"><mark style=\"background-color:rgba(0, 0, 0, 0)\" class=\"has-inline-color has-luminous-vivid-orange-color\">>> Siga o canal do BEC no WhatsApp<\/mark><\/a><\/strong><\/p>\n\n\n\n<figure class=\"wp-block-image aligncenter size-full\"><a href=\"https:\/\/i0.wp.com\/blogdoeloiltoncajuhy.com.br\/site\/wp-content\/uploads\/2026\/01\/GOVFED_Ministro-Wellington-Dias-Foto-Diego-Campos-Secom-PR.jpg?ssl=1\"><img data-recalc-dims=\"1\" fetchpriority=\"high\" decoding=\"async\" width=\"768\" height=\"512\" src=\"https:\/\/i0.wp.com\/blogdoeloiltoncajuhy.com.br\/site\/wp-content\/uploads\/2026\/01\/GOVFED_Ministro-Wellington-Dias-Foto-Diego-Campos-Secom-PR.jpg?resize=768%2C512&#038;ssl=1\" alt=\"\" class=\"wp-image-93293\" srcset=\"https:\/\/i0.wp.com\/blogdoeloiltoncajuhy.com.br\/site\/wp-content\/uploads\/2026\/01\/GOVFED_Ministro-Wellington-Dias-Foto-Diego-Campos-Secom-PR.jpg?w=768&amp;ssl=1 768w, https:\/\/i0.wp.com\/blogdoeloiltoncajuhy.com.br\/site\/wp-content\/uploads\/2026\/01\/GOVFED_Ministro-Wellington-Dias-Foto-Diego-Campos-Secom-PR.jpg?resize=300%2C200&amp;ssl=1 300w\" sizes=\"(max-width: 768px) 100vw, 768px\" \/><\/a><figcaption class=\"wp-element-caption\"><sub>Ao longo do Bom Dia, Ministro, Wellington Dias condenou a dissemina\u00e7\u00e3o de fake news e pe\u00e7as de desinforma\u00e7\u00e3o que enganam a popula\u00e7\u00e3o acerca de uma limita\u00e7\u00e3o n\u00e3o procedente do valor dos saques dos benef\u00edcios pagos pelo Bolsa Fam\u00edlia &#8211; Foto: Diego Campos\/Secom-PR<\/sub><\/figcaption><\/figure>\n\n\n\n<p>O ministro do Desenvolvimento e Assist\u00eancia Social, Fam\u00edlia e Combate \u00e0 Fome, Wellington Dias esclareceu nesta quinta-feira (28), durante participa\u00e7\u00e3o no programa Bom Dia, Ministro, que o Governo do Brasil jamais atuou para limitar o valor dos saques relativos aos benef\u00edcios pagos pelo Bolsa Fam\u00edlia.<\/p>\n\n\n\n<blockquote class=\"wp-block-quote is-layout-flow wp-block-quote-is-layout-flow\">\n<p><strong><mark style=\"background-color:rgba(0, 0, 0, 0)\" class=\"has-inline-color has-black-color\">\u201c\u00c9 gente do mal, n\u00e3o tem outra palavra. Gente do mal cometendo crime. N\u00e3o se trata s\u00f3 de fake news. Se trata de crime\u201d, afirmou o ministro.<\/mark><\/strong><\/p>\n<\/blockquote>\n\n\n\n<p>Wellington Dias se referia \u00e0s mensagens falsas que circularam nas redes sociais nos \u00faltimos dias que propagaram a exist\u00eancia de um projeto de lei que restringiria o saque do benef\u00edcio do Programa Bolsa Fam\u00edlia. O ministro ressaltou que n\u00e3o existe qualquer proposta em fase de san\u00e7\u00e3o ou aprova\u00e7\u00e3o sobre o tema. Tamb\u00e9m \u00e9 falsa a informa\u00e7\u00e3o de que o Bolsa Fam\u00edlia ser\u00e1 pago exclusivamente por cart\u00e3o de d\u00e9bito e poder\u00e1 ser usado apenas em locais credenciados.<\/p>\n\n\n\n<blockquote class=\"wp-block-quote is-layout-flow wp-block-quote-is-layout-flow\">\n<p><strong><mark style=\"background-color:rgba(0, 0, 0, 0)\" class=\"has-inline-color has-black-color\">&#8220;Criamos, ainda em 2023, a Rede Federal de Fiscaliza\u00e7\u00e3o do Bolsa Fam\u00edlia. Ela existia desde a cria\u00e7\u00e3o do Cart\u00e3o Fome Zero, desde 2003. Infelizmente, no governo anterior se tirou o funcionamento da Rede Federal de Fiscaliza\u00e7\u00e3o. Essa rede integra v\u00e1rios agentes da \u00e1rea de controle e fiscaliza\u00e7\u00e3o, a AGU, a CGU, e parcerias com o TCU, os tribunais de Conta dos estados e munic\u00edpios&#8221;<\/mark><\/strong><\/p>\n<\/blockquote>\n\n\n\n<p>\u201cA administra\u00e7\u00e3o do dinheiro depende de cada pessoa, n\u00e3o h\u00e1 qualquer condicionalidade. Acionei logo nos primeiros momentos a Rede Federal de Fiscaliza\u00e7\u00e3o do Bolsa Fam\u00edlia, que tem a presen\u00e7a da Pol\u00edcia Federal. Ela est\u00e1 em campo e doa quem doer n\u00f3s vamos encontrar quem est\u00e1 fazendo esse desservi\u00e7o. O Bolsa Fam\u00edlia mant\u00e9m as regras. O valor creditado n\u00e3o tem limite para saque. Pelo contr\u00e1rio. N\u00f3s melhoramos o sistema. Antes, s\u00f3 podia retirar na Caixa. Tinha que ir l\u00e1 na Caixa para poder fazer o saque do dinheiro. Agora, o cart\u00e3o \u00e9 um cart\u00e3o de compra, um cart\u00e3o de d\u00e9bito. Voc\u00ea pode ir com ele l\u00e1 na rede credenciada e comprar como um cart\u00e3o\u201d, frisou o ministro.<\/p>\n\n\n\n<p class=\"has-black-color has-text-color has-link-color has-medium-font-size wp-elements-dc68ae193d93ef2dcf67a1a5ad76de51\"><strong>Canal 121<\/strong><\/p>\n\n\n\n<p>Ao longo do programa, Wellington Dias ressaltou que as pessoas devem utilizar a Central de Relacionamento do Minist\u00e9rio do Desenvolvimento e Assist\u00eancia Social, Fam\u00edlia e Combate \u00e0 Fome, conhecida como Disque Social 121, para buscar esclarecimentos. Elas tamb\u00e9m podem usar o canal para denunciar qualquer tipo de problemas relacionados ao Bolsa Fam\u00edlia ou a outros programas do Governo do Brasil, como o G\u00e1s do Povo.<\/p>\n\n\n\n<p>\u201cO 121 \u00e9 o n\u00famero onde, se voc\u00ea encontrar uma situa\u00e7\u00e3o como essa (fake news), pode repassar e ajudar a gente a alcan\u00e7ar quem arrisca ir para a criminalidade. A gente aciona a Pol\u00edcia Federal e ela tem uma fase que trabalha de forma sigilosa, reservada. Tem uma coopera\u00e7\u00e3o com toda essa rede integrada e eu creio que a gente vai ter rapidamente os primeiros resultados, \u00e0 medida que j\u00e1 se tem comprova\u00e7\u00e3o da pr\u00e1tica do crime, com divulga\u00e7\u00e3o de not\u00edcias falsas que induzem as pessoas, inclusive, a uma situa\u00e7\u00e3o de desespero\u201d.<\/p>\n\n\n\n<p class=\"has-black-color has-text-color has-link-color has-medium-font-size wp-elements-0053f5d3d843caac01ea30878e846537\"><strong>Fraudes<\/strong><\/p>\n\n\n\n<p>O ministro tamb\u00e9m detalhou os trabalhos realizados para detectar e combater fraudes no Bolsa Fam\u00edlia e no Benef\u00edcio de Presta\u00e7\u00e3o Continuada (BPC), que garante um sal\u00e1rio m\u00ednimo por m\u00eas \u00e0 pessoa idosa com idade igual ou superior a 65 anos e \u00e0 pessoa com defici\u00eancia de qualquer idade que comprovem, em ambos os casos, ser de fam\u00edlia de baixa renda.<\/p>\n\n\n\n<p>\u201cN\u00f3s criamos, ainda em 2023, a Rede Federal de Fiscaliza\u00e7\u00e3o do Bolsa Fam\u00edlia. Ela existia desde a cria\u00e7\u00e3o do Cart\u00e3o Fome Zero, desde 2003. Infelizmente, no governo anterior se tirou o funcionamento da Rede Federal de Fiscaliza\u00e7\u00e3o. Essa rede integra v\u00e1rios agentes da \u00e1rea de controle e fiscaliza\u00e7\u00e3o, a Advocacia Geral da Uni\u00e3o, a Controladoria Geral da Uni\u00e3o, e parcerias com o Tribunal de Contas da Uni\u00e3o, os tribunais de Conta dos estados e munic\u00edpios\u201d.<\/p>\n\n\n\n<p>O ministro ainda deu n\u00fameros que deixam claro como as fraudes afetam o pa\u00eds. \u201cInfelizmente, n\u00f3s tivemos uma quantidade muito grande de fraudes. Pessoas que, com renda alta, sonegavam a renda e eram aceitas no passado. Falsifica\u00e7\u00e3o do CPF, falsifica\u00e7\u00e3o de documentos, pessoas recebendo em nome de pessoas que morreram. Tinha de tudo. Olha s\u00f3 o resultado: mais de 6 milh\u00f5es de fraudes e irregularidades. N\u00f3s estamos falando de mais de 35 bilh\u00f5es de reais. N\u00f3s vamos atr\u00e1s de quem quer roubar o dinheiro, nesse caso dos mais pobres, e de garantir efici\u00eancia e bons resultados\u201d.<\/p>\n","protected":false},"excerpt":{"rendered":"<p>Titular do Desenvolvimento e Assist\u00eancia Social, Fam\u00edlia e Combate \u00e0 Fome esclareceu n\u00e3o haver qualquer movimento para limitar os saques relativos aos benef\u00edcios. Blog do Eloilton Cajuhy \u2013 BEC >> Siga o canal do BEC no WhatsApp O ministro do Desenvolvimento e Assist\u00eancia Social, Fam\u00edlia e Combate \u00e0 Fome, Wellington Dias esclareceu nesta quinta-feira (28), [&hellip;]<\/p>\n","protected":false},"author":2,"featured_media":93293,"comment_status":"open","ping_status":"open","sticky":false,"template":"","format":"standard","meta":{"_acf_changed":false,"_monsterinsights_skip_tracking":false,"_monsterinsights_sitenote_active":false,"_monsterinsights_sitenote_note":"","_monsterinsights_sitenote_category":0,"_jetpack_memberships_contains_paid_content":false,"footnotes":"","jetpack_publicize_message":"","jetpack_publicize_feature_enabled":true,"jetpack_social_post_already_shared":true,"jetpack_social_options":{"image_generator_settings":{"template":"highway","default_image_id":0,"font":"","enabled":false},"version":2}},"categories":[3],"tags":[],"class_list":["post-93292","post","type-post","status-publish","format-standard","has-post-thumbnail","hentry","category-politica"],"acf":[],"jetpack_publicize_connections":[],"jetpack_featured_media_url":"https:\/\/i0.wp.com\/blogdoeloiltoncajuhy.com.br\/site\/wp-content\/uploads\/2026\/01\/GOVFED_Ministro-Wellington-Dias-Foto-Diego-Campos-Secom-PR.jpg?fit=768%2C512&ssl=1","jetpack_sharing_enabled":true,"publishpress_future_workflow_manual_trigger":{"enabledWorkflows":[]},"_links":{"self":[{"href":"https:\/\/blogdoeloiltoncajuhy.com.br\/site\/wp-json\/wp\/v2\/posts\/93292","targetHints":{"allow":["GET"]}}],"collection":[{"href":"https:\/\/blogdoeloiltoncajuhy.com.br\/site\/wp-json\/wp\/v2\/posts"}],"about":[{"href":"https:\/\/blogdoeloiltoncajuhy.com.br\/site\/wp-json\/wp\/v2\/types\/post"}],"author":[{"embeddable":true,"href":"https:\/\/blogdoeloiltoncajuhy.com.br\/site\/wp-json\/wp\/v2\/users\/2"}],"replies":[{"embeddable":true,"href":"https:\/\/blogdoeloiltoncajuhy.com.br\/site\/wp-json\/wp\/v2\/comments?post=93292"}],"version-history":[{"count":1,"href":"https:\/\/blogdoeloiltoncajuhy.com.br\/site\/wp-json\/wp\/v2\/posts\/93292\/revisions"}],"predecessor-version":[{"id":93294,"href":"https:\/\/blogdoeloiltoncajuhy.com.br\/site\/wp-json\/wp\/v2\/posts\/93292\/revisions\/93294"}],"wp:featuredmedia":[{"embeddable":true,"href":"https:\/\/blogdoeloiltoncajuhy.com.br\/site\/wp-json\/wp\/v2\/media\/93293"}],"wp:attachment":[{"href":"https:\/\/blogdoeloiltoncajuhy.com.br\/site\/wp-json\/wp\/v2\/media?parent=93292"}],"wp:term":[{"taxonomy":"category","embeddable":true,"href":"https:\/\/blogdoeloiltoncajuhy.com.br\/site\/wp-json\/wp\/v2\/categories?post=93292"},{"taxonomy":"post_tag","embeddable":true,"href":"https:\/\/blogdoeloiltoncajuhy.com.br\/site\/wp-json\/wp\/v2\/tags?post=93292"}],"curies":[{"name":"wp","href":"https:\/\/api.w.org\/{rel}","templated":true}]}}