{"id":93288,"date":"2026-01-29T15:11:03","date_gmt":"2026-01-29T18:11:03","guid":{"rendered":"https:\/\/blogdoeloiltoncajuhy.com.br\/site\/?p=93288"},"modified":"2026-01-29T15:11:05","modified_gmt":"2026-01-29T18:11:05","slug":"deputado-bobo-participa-da-assinatura-da-ordem-de-servico-para-construcao-do-centro-municipal-de-artesanato-e-agricultura-familiar-em-jaguarari","status":"publish","type":"post","link":"https:\/\/blogdoeloiltoncajuhy.com.br\/site\/deputado-bobo-participa-da-assinatura-da-ordem-de-servico-para-construcao-do-centro-municipal-de-artesanato-e-agricultura-familiar-em-jaguarari\/","title":{"rendered":"Deputado Bob\u00f4 participa da assinatura da ordem de servi\u00e7o para constru\u00e7\u00e3o do Centro Municipal de Artesanato e Agricultura Familiar em Jaguarari"},"content":{"rendered":"\n<p class=\"has-medium-font-size\"><strong>O novo espa\u00e7o contar\u00e1 com exposi\u00e7\u00f5es e comercializa\u00e7\u00e3o de produtos, promovendo o fortalecimento da produ\u00e7\u00e3o local por meio da valoriza\u00e7\u00e3o do artesanato e da agricultura familiar.<\/strong><\/p>\n\n\n\n<p><strong>Blog do Eloilton Cajuhy \u2013 BEC<\/strong><\/p>\n\n\n\n<p><strong><a href=\"https:\/\/whatsapp.com\/channel\/0029VaAT7tDLI8Yfj5y9Z50Z\" target=\"_blank\" rel=\"noreferrer noopener\"><mark style=\"background-color:rgba(0, 0, 0, 0)\" class=\"has-inline-color has-luminous-vivid-orange-color\">>> Siga o canal do BEC no WhatsApp<\/mark><\/a><\/strong><\/p>\n\n\n\n<figure class=\"wp-block-image aligncenter size-full\"><a href=\"https:\/\/i0.wp.com\/blogdoeloiltoncajuhy.com.br\/site\/wp-content\/uploads\/2026\/01\/Bobo-Jaguarari-2026-02-29-01.jpeg?ssl=1\"><img data-recalc-dims=\"1\" fetchpriority=\"high\" decoding=\"async\" width=\"768\" height=\"512\" src=\"https:\/\/i0.wp.com\/blogdoeloiltoncajuhy.com.br\/site\/wp-content\/uploads\/2026\/01\/Bobo-Jaguarari-2026-02-29-01.jpeg?resize=768%2C512&#038;ssl=1\" alt=\"\" class=\"wp-image-93289\" srcset=\"https:\/\/i0.wp.com\/blogdoeloiltoncajuhy.com.br\/site\/wp-content\/uploads\/2026\/01\/Bobo-Jaguarari-2026-02-29-01.jpeg?w=768&amp;ssl=1 768w, https:\/\/i0.wp.com\/blogdoeloiltoncajuhy.com.br\/site\/wp-content\/uploads\/2026\/01\/Bobo-Jaguarari-2026-02-29-01.jpeg?resize=300%2C200&amp;ssl=1 300w\" sizes=\"(max-width: 768px) 100vw, 768px\" \/><\/a><\/figure>\n\n\n\n<p>Iniciando uma vasta agenda de compromissos pela regi\u00e3o, o deputado estadual Bob\u00f4 esteve nesta quarta-feira (28) no munic\u00edpio de Jaguarari, onde participou, ao lado do prefeito Ant\u00f4nio Nascimento, da assinatura da ordem de servi\u00e7o para a constru\u00e7\u00e3o do Centro Municipal de Artesanato e Agricultura Familiar.<\/p>\n\n\n\n<p>Com investimento superior a R$ 2 milh\u00f5es, a obra \u00e9 fruto de uma parceria entre a Prefeitura de Jaguarari, os deputados Bob\u00f4 e Josias Gomes com o Governo do Estado, atrav\u00e9s da Companhia de Desenvolvimento e A\u00e7\u00e3o Regional (CAR). O equipamento vai fortalecer a economia local, valorizando o artesanato e impulsionando a agricultura familiar.<\/p>\n\n\n\n<p>Em sua fala, o prefeito Ant\u00f4nio Nascimento destacou a import\u00e2ncia da parceria com Bob\u00f4. \u201cGostaria de iniciar minha fala agradecendo ao deputado Bob\u00f4 pela parceria que vem resultando na chegada de obras e investimentos para o munic\u00edpio. O Centro Municipal de Artesanato e Agricultura Familiar \u00e9 mais um exemplo dessa uni\u00e3o, entre outras grandes conquistas. Essa obra ir\u00e1 gerar diversas oportunidades de renda, al\u00e9m de ressaltar a identidade cultural, artes\u00e3 e agr\u00edcola do munic\u00edpio\u201d, pontuou.<\/p>\n\n\n\n<p>O novo espa\u00e7o contar\u00e1 com 21 boxes, restaurante, sala para recebimento de mercadorias e \u00e1rea de lazer com parque infantil. No local ser\u00e3o realizadas exposi\u00e7\u00f5es e comercializa\u00e7\u00e3o de produtos, promovendo o fortalecimento da produ\u00e7\u00e3o local por meio da valoriza\u00e7\u00e3o do artesanato e da agricultura familiar.<\/p>\n\n\n\n<figure class=\"wp-block-image aligncenter size-full\"><a href=\"https:\/\/i0.wp.com\/blogdoeloiltoncajuhy.com.br\/site\/wp-content\/uploads\/2026\/01\/Bobo-Jaguarari-2026-01-29-02.jpeg?ssl=1\"><img data-recalc-dims=\"1\" decoding=\"async\" width=\"768\" height=\"512\" src=\"https:\/\/i0.wp.com\/blogdoeloiltoncajuhy.com.br\/site\/wp-content\/uploads\/2026\/01\/Bobo-Jaguarari-2026-01-29-02.jpeg?resize=768%2C512&#038;ssl=1\" alt=\"\" class=\"wp-image-93290\" srcset=\"https:\/\/i0.wp.com\/blogdoeloiltoncajuhy.com.br\/site\/wp-content\/uploads\/2026\/01\/Bobo-Jaguarari-2026-01-29-02.jpeg?w=768&amp;ssl=1 768w, https:\/\/i0.wp.com\/blogdoeloiltoncajuhy.com.br\/site\/wp-content\/uploads\/2026\/01\/Bobo-Jaguarari-2026-01-29-02.jpeg?resize=300%2C200&amp;ssl=1 300w\" sizes=\"(max-width: 768px) 100vw, 768px\" \/><\/a><\/figure>\n\n\n\n<p>O deputado Bob\u00f4 ressaltou o compromisso com o desenvolvimento regional. \u201cA \u00faltima vez que estive aqui em Jaguarari neste ano foi para a inaugura\u00e7\u00e3o de um equipamento de sa\u00fade, e hoje retorno para participar da autoriza\u00e7\u00e3o de mais uma obra importante, que ir\u00e1 acolher e valorizar o homem e a mulher do campo, al\u00e9m do artesanato de Jaguarari, que \u00e9 um dos mais bonitos do Brasil. Agrade\u00e7o ao nosso governador, que tem feito grandes investimentos na \u00e1rea da agricultura familiar, e ao diretor-presidente da CAR, Jeandro Ribeiro, por compreender a import\u00e2ncia dessa obra n\u00e3o apenas para Jaguarari, mas para a regi\u00e3o\u201d, destacou.<\/p>\n\n\n\n<p>Tamb\u00e9m estiveram presentes os vereadores Bruno Guimar\u00e3es (vice-presidente), Louri da Barrinha, Z\u00e9 Galego, Val do Jacun\u00e3, Jo\u00e3o Paulo, Bud\u00e9, Franco Melo e Marcos Quito; o representante da CAR, Paulo Martins; secret\u00e1rios municipais; o gerente regional do Sebrae, Geronilson Pereira; a diretora-presidente da Caprib\u00e9, Eug\u00eania Ribeiro Felix; o secret\u00e1rio executivo do Cons\u00f3rcio, Toinho Terceira, al\u00e9m de outras lideran\u00e7as locais.<\/p>\n\n\n\n<p><em>Fotos: Ascom deputado Bob\u00f4<\/em><\/p>\n","protected":false},"excerpt":{"rendered":"<p>O novo espa\u00e7o contar\u00e1 com exposi\u00e7\u00f5es e comercializa\u00e7\u00e3o de produtos, promovendo o fortalecimento da produ\u00e7\u00e3o local por meio da valoriza\u00e7\u00e3o do artesanato e da agricultura familiar. Blog do Eloilton Cajuhy \u2013 BEC >> Siga o canal do BEC no WhatsApp Iniciando uma vasta agenda de compromissos pela regi\u00e3o, o deputado estadual Bob\u00f4 esteve nesta quarta-feira [&hellip;]<\/p>\n","protected":false},"author":2,"featured_media":93289,"comment_status":"open","ping_status":"open","sticky":false,"template":"","format":"standard","meta":{"_acf_changed":false,"_monsterinsights_skip_tracking":false,"_monsterinsights_sitenote_active":false,"_monsterinsights_sitenote_note":"","_monsterinsights_sitenote_category":0,"_jetpack_memberships_contains_paid_content":false,"footnotes":"","jetpack_publicize_message":"","jetpack_publicize_feature_enabled":true,"jetpack_social_post_already_shared":false,"jetpack_social_options":{"image_generator_settings":{"template":"highway","default_image_id":0,"font":"","enabled":false},"version":2}},"categories":[11],"tags":[],"class_list":["post-93288","post","type-post","status-publish","format-standard","has-post-thumbnail","hentry","category-regional"],"acf":[],"jetpack_publicize_connections":[],"jetpack_featured_media_url":"https:\/\/i0.wp.com\/blogdoeloiltoncajuhy.com.br\/site\/wp-content\/uploads\/2026\/01\/Bobo-Jaguarari-2026-02-29-01.jpeg?fit=768%2C512&ssl=1","jetpack_sharing_enabled":true,"publishpress_future_workflow_manual_trigger":{"enabledWorkflows":[]},"_links":{"self":[{"href":"https:\/\/blogdoeloiltoncajuhy.com.br\/site\/wp-json\/wp\/v2\/posts\/93288","targetHints":{"allow":["GET"]}}],"collection":[{"href":"https:\/\/blogdoeloiltoncajuhy.com.br\/site\/wp-json\/wp\/v2\/posts"}],"about":[{"href":"https:\/\/blogdoeloiltoncajuhy.com.br\/site\/wp-json\/wp\/v2\/types\/post"}],"author":[{"embeddable":true,"href":"https:\/\/blogdoeloiltoncajuhy.com.br\/site\/wp-json\/wp\/v2\/users\/2"}],"replies":[{"embeddable":true,"href":"https:\/\/blogdoeloiltoncajuhy.com.br\/site\/wp-json\/wp\/v2\/comments?post=93288"}],"version-history":[{"count":1,"href":"https:\/\/blogdoeloiltoncajuhy.com.br\/site\/wp-json\/wp\/v2\/posts\/93288\/revisions"}],"predecessor-version":[{"id":93291,"href":"https:\/\/blogdoeloiltoncajuhy.com.br\/site\/wp-json\/wp\/v2\/posts\/93288\/revisions\/93291"}],"wp:featuredmedia":[{"embeddable":true,"href":"https:\/\/blogdoeloiltoncajuhy.com.br\/site\/wp-json\/wp\/v2\/media\/93289"}],"wp:attachment":[{"href":"https:\/\/blogdoeloiltoncajuhy.com.br\/site\/wp-json\/wp\/v2\/media?parent=93288"}],"wp:term":[{"taxonomy":"category","embeddable":true,"href":"https:\/\/blogdoeloiltoncajuhy.com.br\/site\/wp-json\/wp\/v2\/categories?post=93288"},{"taxonomy":"post_tag","embeddable":true,"href":"https:\/\/blogdoeloiltoncajuhy.com.br\/site\/wp-json\/wp\/v2\/tags?post=93288"}],"curies":[{"name":"wp","href":"https:\/\/api.w.org\/{rel}","templated":true}]}}