{"id":93273,"date":"2026-01-29T00:10:00","date_gmt":"2026-01-29T03:10:00","guid":{"rendered":"https:\/\/blogdoeloiltoncajuhy.com.br\/site\/?p=93273"},"modified":"2026-01-28T22:28:56","modified_gmt":"2026-01-29T01:28:56","slug":"familias-da-bahia-podem-pedir-gratuitamente-antenas-parabolicas-digitais-por-meio-do-programa-brasil-antenado","status":"publish","type":"post","link":"https:\/\/blogdoeloiltoncajuhy.com.br\/site\/familias-da-bahia-podem-pedir-gratuitamente-antenas-parabolicas-digitais-por-meio-do-programa-brasil-antenado\/","title":{"rendered":"Fam\u00edlias da Bahia podem pedir gratuitamente antenas parab\u00f3licas digitais por meio do programa Brasil Antenado"},"content":{"rendered":"\n<p class=\"has-medium-font-size\"><strong>Mais de 20 munic\u00edpios baianos ser\u00e3o beneficiados pela pol\u00edtica p\u00fablica do Minist\u00e9rio das Comunica\u00e7\u00f5es com a antena de TV digital gratuita.<\/strong><\/p>\n\n\n\n<p><strong>Blog do Eloilton Cajuhy \u2013 BEC<\/strong><\/p>\n\n\n\n<p><strong><a href=\"https:\/\/whatsapp.com\/channel\/0029VaAT7tDLI8Yfj5y9Z50Z\" target=\"_blank\" rel=\"noreferrer noopener\"><mark style=\"background-color:rgba(0, 0, 0, 0)\" class=\"has-inline-color has-luminous-vivid-orange-color\">>> Siga o canal do BEC no WhatsApp<\/mark><\/a><\/strong><\/p>\n\n\n\n<figure class=\"wp-block-image aligncenter size-large\"><a href=\"https:\/\/i0.wp.com\/blogdoeloiltoncajuhy.com.br\/site\/wp-content\/uploads\/2026\/01\/GOVFED_Brasil-Antenado-Foto-Divulgacao-EAF.png?ssl=1\"><img data-recalc-dims=\"1\" fetchpriority=\"high\" decoding=\"async\" width=\"800\" height=\"448\" src=\"https:\/\/i0.wp.com\/blogdoeloiltoncajuhy.com.br\/site\/wp-content\/uploads\/2026\/01\/GOVFED_Brasil-Antenado-Foto-Divulgacao-EAF-1024x574.png?resize=800%2C448&#038;ssl=1\" alt=\"\" class=\"wp-image-93274\" srcset=\"https:\/\/i0.wp.com\/blogdoeloiltoncajuhy.com.br\/site\/wp-content\/uploads\/2026\/01\/GOVFED_Brasil-Antenado-Foto-Divulgacao-EAF.png?resize=1024%2C574&amp;ssl=1 1024w, https:\/\/i0.wp.com\/blogdoeloiltoncajuhy.com.br\/site\/wp-content\/uploads\/2026\/01\/GOVFED_Brasil-Antenado-Foto-Divulgacao-EAF.png?resize=300%2C168&amp;ssl=1 300w, https:\/\/i0.wp.com\/blogdoeloiltoncajuhy.com.br\/site\/wp-content\/uploads\/2026\/01\/GOVFED_Brasil-Antenado-Foto-Divulgacao-EAF.png?resize=768%2C430&amp;ssl=1 768w, https:\/\/i0.wp.com\/blogdoeloiltoncajuhy.com.br\/site\/wp-content\/uploads\/2026\/01\/GOVFED_Brasil-Antenado-Foto-Divulgacao-EAF.png?w=1080&amp;ssl=1 1080w\" sizes=\"(max-width: 800px) 100vw, 800px\" \/><\/a><figcaption class=\"wp-element-caption\"><sub>Brasil Antenado instala gratuitamente antenas parab\u00f3licas digitais para fam\u00edlias de baixa renda inscritas no Cad\u00danico em regi\u00f5es com baixa ou nenhuma cobertura de sinal de TV &#8211; Foto: Divulga\u00e7\u00e3o\/EAF<\/sub><\/figcaption><\/figure>\n\n\n\n<p>Fam\u00edlias de 20 munic\u00edpios da Bahia j\u00e1 podem solicitar gratuitamente a instala\u00e7\u00e3o da antena parab\u00f3lica digital por meio do programa Brasil Antenado, iniciativa do Minist\u00e9rio das Comunica\u00e7\u00f5es que amplia o acesso \u00e0 TV aberta digital de qualidade em regi\u00f5es com baixa ou nenhuma cobertura de sinal terrestre. A solicita\u00e7\u00e3o da instala\u00e7\u00e3o \u00e9 destinada a fam\u00edlias inscritas no Cad\u00danico.<\/p>\n\n\n\n<p>Confira, <a href=\"https:\/\/www.brasilantenado.org.br\/mapa-virtual\/\"><strong><mark style=\"background-color:rgba(0, 0, 0, 0)\" class=\"has-inline-color has-vivid-cyan-blue-color\">neste link<\/mark><\/strong><\/a>, todas as cidades atendidas na fase C pelo programa.<\/p>\n\n\n\n<p>\u201cA iniciativa garante que fam\u00edlias da Bahia que antes n\u00e3o tinham acesso \u00e0 TV digital passem a ter, de forma gratuita, cultura, entretenimento e informa\u00e7\u00e3o de qualidade, com mais de 100 canais dispon\u00edveis. \u00c9 uma pol\u00edtica p\u00fablica que beneficia diretamente brasileiros e brasileiras em cidades onde h\u00e1 pouca ou nenhuma oferta de sinal de TV terrestre\u201d, afirmou o ministro das Comunica\u00e7\u00f5es, Frederico de Siqueira Filho.<\/p>\n\n\n\n<p>O Brasil Antenado \u00e9 uma pol\u00edtica p\u00fablica liderada pelo Minist\u00e9rio das Comunica\u00e7\u00f5es, em parceria com a Ag\u00eancia Nacional de Telecomunica\u00e7\u00f5es (Anatel), e executada pela Entidade Administradora da Faixa (EAF).<\/p>\n\n\n\n<p>A instala\u00e7\u00e3o dos kits acontece porque as parab\u00f3licas convencionais operavam na mesma faixa de frequ\u00eancia do 5G e precisaram ser desligadas. Para garantir que a popula\u00e7\u00e3o continue tendo acesso \u00e0 TV, o governo passou a distribuir gratuitamente parab\u00f3licas digitais via sat\u00e9lite, alcan\u00e7ando milh\u00f5es de brasileiros.<\/p>\n\n\n\n<p>As fam\u00edlias inscritas no Cad\u00danico das cidades contempladas podem agendar a instala\u00e7\u00e3o pelo site brasilantenado.org.br ou pelo telefone 0800 729 2404 (tamb\u00e9m dispon\u00edvel via WhatsApp).<\/p>\n\n\n\n<p class=\"has-black-color has-text-color has-link-color has-medium-font-size wp-elements-476bcc613ebfae609f81be7b45a27c51\"><strong>Sobre o programa<\/strong><\/p>\n\n\n\n<p>O programa foi viabilizado a partir da Portaria MCom n\u00ba 17.337, de 7 de abril de 2025. O objetivo central \u00e9 assegurar o acesso \u00e0 informa\u00e7\u00e3o como direito fundamental, especialmente em regi\u00f5es com sinal insuficiente, promovendo uma transforma\u00e7\u00e3o estrutural no acesso \u00e0 televis\u00e3o aberta e gratuita para diversas fam\u00edlias.<\/p>\n","protected":false},"excerpt":{"rendered":"<p>Mais de 20 munic\u00edpios baianos ser\u00e3o beneficiados pela pol\u00edtica p\u00fablica do Minist\u00e9rio das Comunica\u00e7\u00f5es com a antena de TV digital gratuita. Blog do Eloilton Cajuhy \u2013 BEC >> Siga o canal do BEC no WhatsApp Fam\u00edlias de 20 munic\u00edpios da Bahia j\u00e1 podem solicitar gratuitamente a instala\u00e7\u00e3o da antena parab\u00f3lica digital por meio do programa [&hellip;]<\/p>\n","protected":false},"author":2,"featured_media":93274,"comment_status":"open","ping_status":"open","sticky":false,"template":"","format":"standard","meta":{"_acf_changed":false,"_monsterinsights_skip_tracking":false,"_monsterinsights_sitenote_active":false,"_monsterinsights_sitenote_note":"","_monsterinsights_sitenote_category":0,"_jetpack_memberships_contains_paid_content":false,"footnotes":"","jetpack_publicize_message":"","jetpack_publicize_feature_enabled":true,"jetpack_social_post_already_shared":true,"jetpack_social_options":{"image_generator_settings":{"template":"highway","default_image_id":0,"font":"","enabled":false},"version":2}},"categories":[1],"tags":[],"class_list":["post-93273","post","type-post","status-publish","format-standard","has-post-thumbnail","hentry","category-noticias"],"acf":[],"jetpack_publicize_connections":[],"jetpack_featured_media_url":"https:\/\/i0.wp.com\/blogdoeloiltoncajuhy.com.br\/site\/wp-content\/uploads\/2026\/01\/GOVFED_Brasil-Antenado-Foto-Divulgacao-EAF.png?fit=1080%2C605&ssl=1","jetpack_sharing_enabled":true,"publishpress_future_workflow_manual_trigger":{"enabledWorkflows":[]},"_links":{"self":[{"href":"https:\/\/blogdoeloiltoncajuhy.com.br\/site\/wp-json\/wp\/v2\/posts\/93273","targetHints":{"allow":["GET"]}}],"collection":[{"href":"https:\/\/blogdoeloiltoncajuhy.com.br\/site\/wp-json\/wp\/v2\/posts"}],"about":[{"href":"https:\/\/blogdoeloiltoncajuhy.com.br\/site\/wp-json\/wp\/v2\/types\/post"}],"author":[{"embeddable":true,"href":"https:\/\/blogdoeloiltoncajuhy.com.br\/site\/wp-json\/wp\/v2\/users\/2"}],"replies":[{"embeddable":true,"href":"https:\/\/blogdoeloiltoncajuhy.com.br\/site\/wp-json\/wp\/v2\/comments?post=93273"}],"version-history":[{"count":1,"href":"https:\/\/blogdoeloiltoncajuhy.com.br\/site\/wp-json\/wp\/v2\/posts\/93273\/revisions"}],"predecessor-version":[{"id":93275,"href":"https:\/\/blogdoeloiltoncajuhy.com.br\/site\/wp-json\/wp\/v2\/posts\/93273\/revisions\/93275"}],"wp:featuredmedia":[{"embeddable":true,"href":"https:\/\/blogdoeloiltoncajuhy.com.br\/site\/wp-json\/wp\/v2\/media\/93274"}],"wp:attachment":[{"href":"https:\/\/blogdoeloiltoncajuhy.com.br\/site\/wp-json\/wp\/v2\/media?parent=93273"}],"wp:term":[{"taxonomy":"category","embeddable":true,"href":"https:\/\/blogdoeloiltoncajuhy.com.br\/site\/wp-json\/wp\/v2\/categories?post=93273"},{"taxonomy":"post_tag","embeddable":true,"href":"https:\/\/blogdoeloiltoncajuhy.com.br\/site\/wp-json\/wp\/v2\/tags?post=93273"}],"curies":[{"name":"wp","href":"https:\/\/api.w.org\/{rel}","templated":true}]}}