{"id":93270,"date":"2026-01-29T00:10:00","date_gmt":"2026-01-29T03:10:00","guid":{"rendered":"https:\/\/blogdoeloiltoncajuhy.com.br\/site\/?p=93270"},"modified":"2026-01-28T22:23:39","modified_gmt":"2026-01-29T01:23:39","slug":"declaracao-que-permite-matricula-na-educacao-superior-a-partir-do-enem-estara-disponivel-na-sexta-feira-30","status":"publish","type":"post","link":"https:\/\/blogdoeloiltoncajuhy.com.br\/site\/declaracao-que-permite-matricula-na-educacao-superior-a-partir-do-enem-estara-disponivel-na-sexta-feira-30\/","title":{"rendered":"Declara\u00e7\u00e3o que permite matr\u00edcula na educa\u00e7\u00e3o superior a partir do Enem estar\u00e1 dispon\u00edvel na sexta-feira (30)"},"content":{"rendered":"\n<p class=\"has-medium-font-size\"><strong>Pela primeira vez, a certifica\u00e7\u00e3o obtida pela participa\u00e7\u00e3o no Enem 2025 poder\u00e1 ser utilizada em processos seletivos do MEC.<\/strong><\/p>\n\n\n\n<p><strong>Blog do Eloilton Cajuhy \u2013 BEC<\/strong><\/p>\n\n\n\n<p><strong><a href=\"https:\/\/whatsapp.com\/channel\/0029VaAT7tDLI8Yfj5y9Z50Z\" target=\"_blank\" rel=\"noreferrer noopener\"><mark style=\"background-color:rgba(0, 0, 0, 0)\" class=\"has-inline-color has-luminous-vivid-orange-color\">>> Siga o canal do BEC no WhatsApp<\/mark><\/a><\/strong><\/p>\n\n\n\n<figure class=\"wp-block-image aligncenter size-full\"><a href=\"https:\/\/i0.wp.com\/blogdoeloiltoncajuhy.com.br\/site\/wp-content\/uploads\/2026\/01\/Certificacao-do-ensino-medio-Foto-Divulgacao-MEC.png?ssl=1\"><img data-recalc-dims=\"1\" fetchpriority=\"high\" decoding=\"async\" width=\"768\" height=\"512\" src=\"https:\/\/i0.wp.com\/blogdoeloiltoncajuhy.com.br\/site\/wp-content\/uploads\/2026\/01\/Certificacao-do-ensino-medio-Foto-Divulgacao-MEC.png?resize=768%2C512&#038;ssl=1\" alt=\"\" class=\"wp-image-93271\" srcset=\"https:\/\/i0.wp.com\/blogdoeloiltoncajuhy.com.br\/site\/wp-content\/uploads\/2026\/01\/Certificacao-do-ensino-medio-Foto-Divulgacao-MEC.png?w=768&amp;ssl=1 768w, https:\/\/i0.wp.com\/blogdoeloiltoncajuhy.com.br\/site\/wp-content\/uploads\/2026\/01\/Certificacao-do-ensino-medio-Foto-Divulgacao-MEC.png?resize=300%2C200&amp;ssl=1 300w\" sizes=\"(max-width: 768px) 100vw, 768px\" \/><\/a><figcaption class=\"wp-element-caption\"><sub>certifica\u00e7\u00e3o do ensino m\u00e9dio, obtida pela participa\u00e7\u00e3o no Enem 2025, poder\u00e1 ser utilizada na edi\u00e7\u00e3o subsequente dos processos seletivos do Sisu, Prouni e Fies &#8211; Foto: Divulga\u00e7\u00e3o\/MEC<\/sub><\/figcaption><\/figure>\n\n\n\n<p>O Instituto Nacional de Estudos e Pesquisas Educacionais An\u00edsio Teixeira (Inep) disponibilizar\u00e1, nesta sexta-feira (30), a declara\u00e7\u00e3o de atendimento \u00e0s condi\u00e7\u00f5es de certifica\u00e7\u00e3o. O documento, a ser publicado na P\u00e1gina do Participante, permitir\u00e1 a pr\u00e9-matr\u00edcula em institui\u00e7\u00f5es de educa\u00e7\u00e3o superior aos participantes que buscam a certifica\u00e7\u00e3o de conclus\u00e3o do ensino m\u00e9dio a partir do Exame Nacional do Ensino M\u00e9dio (Enem) 2025.<\/p>\n\n\n\n<p>Pela primeira vez, a certifica\u00e7\u00e3o do ensino m\u00e9dio, obtida pela participa\u00e7\u00e3o no Enem 2025, poder\u00e1 ser utilizada na edi\u00e7\u00e3o subsequente dos processos seletivos do Minist\u00e9rio da Educa\u00e7\u00e3o (MEC): no Sistema de Sele\u00e7\u00e3o Unificada (Sisu), que j\u00e1 concluiu o processo de inscri\u00e7\u00f5es; no Programa Universidade para Todos (Prouni), com inscri\u00e7\u00f5es abertas at\u00e9 29 de janeiro; e no Fundo de Financiamento Estudantil (Fies), que abrir\u00e1 inscri\u00e7\u00f5es entre 3 e 6 de fevereiro.<\/p>\n\n\n\n<p><strong><mark style=\"background-color:rgba(0, 0, 0, 0)\" class=\"has-inline-color has-black-color\">PR\u00c9-MATR\u00cdCULA<\/mark><\/strong> \u2013 O documento, emitido previamente ao certificado de conclus\u00e3o do ensino m\u00e9dio, permitir\u00e1 a pr\u00e9-matr\u00edcula dos participantes que, al\u00e9m de alcan\u00e7arem os crit\u00e9rios para certifica\u00e7\u00e3o, tamb\u00e9m se enquadrarem nos pr\u00e9-requisitos e prazos estabelecidos pelas institui\u00e7\u00f5es de ensino.<\/p>\n\n\n\n<p><strong><mark style=\"background-color:rgba(0, 0, 0, 0)\" class=\"has-inline-color has-black-color\">CRIT\u00c9RIOS<\/mark><\/strong> \u2013 Para obter a certifica\u00e7\u00e3o de conclus\u00e3o do ensino m\u00e9dio pelo Enem \u00e9 preciso ter mais de 18 anos na data da prova e ter alcan\u00e7ado, no m\u00ednimo, 450 pontos em cada \u00e1rea do conhecimento, bem como obter, pelo menos, 500 pontos na reda\u00e7\u00e3o.<\/p>\n\n\n\n<p><strong><mark style=\"background-color:rgba(0, 0, 0, 0)\" class=\"has-inline-color has-black-color\">CERTIFICA\u00c7\u00c3O DIGITAL<\/mark><\/strong> \u2013 A certifica\u00e7\u00e3o digital de conclus\u00e3o do ensino m\u00e9dio estar\u00e1 dispon\u00edvel a partir de 2 de mar\u00e7o, por meio de sistema a ser disponibilizado no portal do Inep, para a emiss\u00e3o oficial do certificado de conclus\u00e3o do ensino m\u00e9dio aos participantes. A certifica\u00e7\u00e3o \u00e9 emitida pelos institutos federais. A novidade vai facilitar a entrega do certificado ao participante, que n\u00e3o precisar\u00e1 ir at\u00e9 a sede da institui\u00e7\u00e3o, al\u00e9m de possibilitar o acesso \u00e0 educa\u00e7\u00e3o superior no mesmo ano da certifica\u00e7\u00e3o.<\/p>\n","protected":false},"excerpt":{"rendered":"<p>Pela primeira vez, a certifica\u00e7\u00e3o obtida pela participa\u00e7\u00e3o no Enem 2025 poder\u00e1 ser utilizada em processos seletivos do MEC. Blog do Eloilton Cajuhy \u2013 BEC >> Siga o canal do BEC no WhatsApp O Instituto Nacional de Estudos e Pesquisas Educacionais An\u00edsio Teixeira (Inep) disponibilizar\u00e1, nesta sexta-feira (30), a declara\u00e7\u00e3o de atendimento \u00e0s condi\u00e7\u00f5es de [&hellip;]<\/p>\n","protected":false},"author":2,"featured_media":93271,"comment_status":"open","ping_status":"open","sticky":false,"template":"","format":"standard","meta":{"_acf_changed":false,"_monsterinsights_skip_tracking":false,"_monsterinsights_sitenote_active":false,"_monsterinsights_sitenote_note":"","_monsterinsights_sitenote_category":0,"_jetpack_memberships_contains_paid_content":false,"footnotes":"","jetpack_publicize_message":"","jetpack_publicize_feature_enabled":true,"jetpack_social_post_already_shared":true,"jetpack_social_options":{"image_generator_settings":{"template":"highway","default_image_id":0,"font":"","enabled":false},"version":2}},"categories":[14],"tags":[],"class_list":["post-93270","post","type-post","status-publish","format-standard","has-post-thumbnail","hentry","category-educacao"],"acf":[],"jetpack_publicize_connections":[],"jetpack_featured_media_url":"https:\/\/i0.wp.com\/blogdoeloiltoncajuhy.com.br\/site\/wp-content\/uploads\/2026\/01\/Certificacao-do-ensino-medio-Foto-Divulgacao-MEC.png?fit=768%2C512&ssl=1","jetpack_sharing_enabled":true,"publishpress_future_workflow_manual_trigger":{"enabledWorkflows":[]},"_links":{"self":[{"href":"https:\/\/blogdoeloiltoncajuhy.com.br\/site\/wp-json\/wp\/v2\/posts\/93270","targetHints":{"allow":["GET"]}}],"collection":[{"href":"https:\/\/blogdoeloiltoncajuhy.com.br\/site\/wp-json\/wp\/v2\/posts"}],"about":[{"href":"https:\/\/blogdoeloiltoncajuhy.com.br\/site\/wp-json\/wp\/v2\/types\/post"}],"author":[{"embeddable":true,"href":"https:\/\/blogdoeloiltoncajuhy.com.br\/site\/wp-json\/wp\/v2\/users\/2"}],"replies":[{"embeddable":true,"href":"https:\/\/blogdoeloiltoncajuhy.com.br\/site\/wp-json\/wp\/v2\/comments?post=93270"}],"version-history":[{"count":1,"href":"https:\/\/blogdoeloiltoncajuhy.com.br\/site\/wp-json\/wp\/v2\/posts\/93270\/revisions"}],"predecessor-version":[{"id":93272,"href":"https:\/\/blogdoeloiltoncajuhy.com.br\/site\/wp-json\/wp\/v2\/posts\/93270\/revisions\/93272"}],"wp:featuredmedia":[{"embeddable":true,"href":"https:\/\/blogdoeloiltoncajuhy.com.br\/site\/wp-json\/wp\/v2\/media\/93271"}],"wp:attachment":[{"href":"https:\/\/blogdoeloiltoncajuhy.com.br\/site\/wp-json\/wp\/v2\/media?parent=93270"}],"wp:term":[{"taxonomy":"category","embeddable":true,"href":"https:\/\/blogdoeloiltoncajuhy.com.br\/site\/wp-json\/wp\/v2\/categories?post=93270"},{"taxonomy":"post_tag","embeddable":true,"href":"https:\/\/blogdoeloiltoncajuhy.com.br\/site\/wp-json\/wp\/v2\/tags?post=93270"}],"curies":[{"name":"wp","href":"https:\/\/api.w.org\/{rel}","templated":true}]}}