{"id":93267,"date":"2026-01-28T20:30:00","date_gmt":"2026-01-28T23:30:00","guid":{"rendered":"https:\/\/blogdoeloiltoncajuhy.com.br\/site\/?p=93267"},"modified":"2026-01-28T19:16:16","modified_gmt":"2026-01-28T22:16:16","slug":"a-idade-que-mora-dentro-de-mim","status":"publish","type":"post","link":"https:\/\/blogdoeloiltoncajuhy.com.br\/site\/a-idade-que-mora-dentro-de-mim\/","title":{"rendered":"A idade que mora dentro de mim"},"content":{"rendered":"\n<p class=\"has-medium-font-size\"><strong>Quando a alma decide viver sem pedir permiss\u00e3o ao calend\u00e1rio.<\/strong><\/p>\n\n\n\n<p><strong>Blog do Eloilton Cajuhy \u2013 BEC<\/strong><\/p>\n\n\n\n<p><strong><a href=\"https:\/\/whatsapp.com\/channel\/0029VaAT7tDLI8Yfj5y9Z50Z\" target=\"_blank\" rel=\"noreferrer noopener\"><mark style=\"background-color:rgba(0, 0, 0, 0)\" class=\"has-inline-color has-luminous-vivid-orange-color\">>> Siga o canal do BEC no WhatsApp<\/mark><\/a><\/strong><\/p>\n\n\n\n<figure class=\"wp-block-image aligncenter size-full is-resized\"><a href=\"https:\/\/i0.wp.com\/blogdoeloiltoncajuhy.com.br\/site\/wp-content\/uploads\/2026\/01\/Pexels-109762.jpg?ssl=1\"><img data-recalc-dims=\"1\" fetchpriority=\"high\" decoding=\"async\" width=\"640\" height=\"427\" src=\"https:\/\/i0.wp.com\/blogdoeloiltoncajuhy.com.br\/site\/wp-content\/uploads\/2026\/01\/Pexels-109762.jpg?resize=640%2C427&#038;ssl=1\" alt=\"\" class=\"wp-image-93268\" style=\"width:721px;height:auto\" srcset=\"https:\/\/i0.wp.com\/blogdoeloiltoncajuhy.com.br\/site\/wp-content\/uploads\/2026\/01\/Pexels-109762.jpg?w=640&amp;ssl=1 640w, https:\/\/i0.wp.com\/blogdoeloiltoncajuhy.com.br\/site\/wp-content\/uploads\/2026\/01\/Pexels-109762.jpg?resize=300%2C200&amp;ssl=1 300w\" sizes=\"(max-width: 640px) 100vw, 640px\" \/><\/a><figcaption class=\"wp-element-caption\"><sub>Imagem: Pexels<\/sub><\/figcaption><\/figure>\n\n\n\n<p>Disseram que eu estava velha demais. E, por um instante, a frase ecoou como se fosse uma senten\u00e7a \u2014 dessas que tentam nos colocar dentro de caixas invis\u00edveis, medidas por n\u00fameros e expectativas alheias. Mas, em vez de me encolher, fiz algo diferente: parei. Respirei. Ouvi meu corpo. Olhei para minha alma.<\/p>\n\n\n\n<p>E foi ela quem respondeu primeiro.<\/p>\n\n\n\n<p>H\u00e1 idades que se contam em anivers\u00e1rios. E h\u00e1 outras que se revelam em coragem, em alegria, em vontade de rir alto, em passos soltos pela rua, em m\u00fasicas que ainda fazem o cora\u00e7\u00e3o bater mais forte. Essas n\u00e3o cabem em calend\u00e1rios. Essas se escrevem na maneira como seguimos vivendo, apesar dos r\u00f3tulos.<\/p>\n\n\n\n<p>Aprendi que maturidade n\u00e3o \u00e9 sil\u00eancio imposto, nem recato obrigat\u00f3rio, nem ren\u00fancia autom\u00e1tica. Maturidade \u00e9 escolher. \u00c9 saber quem se \u00e9 \u2014 e continuar sendo, mesmo quando o mundo insiste em sugerir vers\u00f5es menores de n\u00f3s mesmos. \u00c9 vestir-se com autenticidade, caminhar no pr\u00f3prio ritmo, ocupar espa\u00e7os sem pedir desculpas por existir.<\/p>\n\n\n\n<p>A idade, quando bem vivida, n\u00e3o diminui. Expande. Traz leveza para o que antes pesava, firmeza para o que antes tremia, serenidade para o que antes assustava. Ela n\u00e3o nos rouba sonhos \u2014 apenas troca as urg\u00eancias por prazeres mais conscientes, e as pressas por presen\u00e7as.<\/p>\n\n\n\n<p>N\u00e3o se trata de desafiar o tempo, mas de fazer as pazes com ele. De perceber que cada ruga pode ser uma hist\u00f3ria, cada cicatriz uma travessia, cada riso solto uma vit\u00f3ria silenciosa contra tudo o que tentou nos conter.<\/p>\n\n\n\n<p>A verdadeira juventude mora na permiss\u00e3o que damos a n\u00f3s mesmos: permiss\u00e3o para experimentar, para errar, para recome\u00e7ar, para celebrar, para dan\u00e7ar no meio da sala, para usar o que nos faz bem, para gostar do que gostamos sem explicar demais.<\/p>\n\n\n\n<p>Porque viver n\u00e3o tem manual. E felicidade n\u00e3o aceita cronograma.<\/p>\n\n\n\n<p>A idade certa \u00e9 aquela em que a gente decide ser inteira.<\/p>\n\n\n\n<p>Inteira no amor-pr\u00f3prio.<br>Inteira na liberdade.<br>Inteira na alegria de continuar vivendo \u2014 do nosso jeito.<\/p>\n\n\n\n<p class=\"has-black-color has-text-color has-link-color wp-elements-69526b9191e5f04927b4efe9262bace2\"><strong>Autora desconhecida<\/strong><\/p>\n","protected":false},"excerpt":{"rendered":"<p>Quando a alma decide viver sem pedir permiss\u00e3o ao calend\u00e1rio. Blog do Eloilton Cajuhy \u2013 BEC >> Siga o canal do BEC no WhatsApp Disseram que eu estava velha demais. E, por um instante, a frase ecoou como se fosse uma senten\u00e7a \u2014 dessas que tentam nos colocar dentro de caixas invis\u00edveis, medidas por n\u00fameros [&hellip;]<\/p>\n","protected":false},"author":2,"featured_media":93268,"comment_status":"open","ping_status":"open","sticky":false,"template":"","format":"standard","meta":{"_acf_changed":false,"_monsterinsights_skip_tracking":false,"_monsterinsights_sitenote_active":false,"_monsterinsights_sitenote_note":"","_monsterinsights_sitenote_category":0,"_jetpack_memberships_contains_paid_content":false,"footnotes":"","jetpack_publicize_message":"","jetpack_publicize_feature_enabled":true,"jetpack_social_post_already_shared":true,"jetpack_social_options":{"image_generator_settings":{"template":"highway","default_image_id":0,"font":"","enabled":false},"version":2}},"categories":[9],"tags":[],"class_list":["post-93267","post","type-post","status-publish","format-standard","has-post-thumbnail","hentry","category-reflexao"],"acf":[],"jetpack_publicize_connections":[],"jetpack_featured_media_url":"https:\/\/i0.wp.com\/blogdoeloiltoncajuhy.com.br\/site\/wp-content\/uploads\/2026\/01\/Pexels-109762.jpg?fit=640%2C427&ssl=1","jetpack_sharing_enabled":true,"publishpress_future_workflow_manual_trigger":{"enabledWorkflows":[]},"_links":{"self":[{"href":"https:\/\/blogdoeloiltoncajuhy.com.br\/site\/wp-json\/wp\/v2\/posts\/93267","targetHints":{"allow":["GET"]}}],"collection":[{"href":"https:\/\/blogdoeloiltoncajuhy.com.br\/site\/wp-json\/wp\/v2\/posts"}],"about":[{"href":"https:\/\/blogdoeloiltoncajuhy.com.br\/site\/wp-json\/wp\/v2\/types\/post"}],"author":[{"embeddable":true,"href":"https:\/\/blogdoeloiltoncajuhy.com.br\/site\/wp-json\/wp\/v2\/users\/2"}],"replies":[{"embeddable":true,"href":"https:\/\/blogdoeloiltoncajuhy.com.br\/site\/wp-json\/wp\/v2\/comments?post=93267"}],"version-history":[{"count":1,"href":"https:\/\/blogdoeloiltoncajuhy.com.br\/site\/wp-json\/wp\/v2\/posts\/93267\/revisions"}],"predecessor-version":[{"id":93269,"href":"https:\/\/blogdoeloiltoncajuhy.com.br\/site\/wp-json\/wp\/v2\/posts\/93267\/revisions\/93269"}],"wp:featuredmedia":[{"embeddable":true,"href":"https:\/\/blogdoeloiltoncajuhy.com.br\/site\/wp-json\/wp\/v2\/media\/93268"}],"wp:attachment":[{"href":"https:\/\/blogdoeloiltoncajuhy.com.br\/site\/wp-json\/wp\/v2\/media?parent=93267"}],"wp:term":[{"taxonomy":"category","embeddable":true,"href":"https:\/\/blogdoeloiltoncajuhy.com.br\/site\/wp-json\/wp\/v2\/categories?post=93267"},{"taxonomy":"post_tag","embeddable":true,"href":"https:\/\/blogdoeloiltoncajuhy.com.br\/site\/wp-json\/wp\/v2\/tags?post=93267"}],"curies":[{"name":"wp","href":"https:\/\/api.w.org\/{rel}","templated":true}]}}