{"id":93256,"date":"2026-01-28T08:52:10","date_gmt":"2026-01-28T11:52:10","guid":{"rendered":"https:\/\/blogdoeloiltoncajuhy.com.br\/site\/?p=93256"},"modified":"2026-01-28T08:52:12","modified_gmt":"2026-01-28T11:52:12","slug":"detran-anuncia-alteracao-na-ordem-cronologica-da-realizacao-da-baliza-na-prova-da-cnh-na-bahia","status":"publish","type":"post","link":"https:\/\/blogdoeloiltoncajuhy.com.br\/site\/detran-anuncia-alteracao-na-ordem-cronologica-da-realizacao-da-baliza-na-prova-da-cnh-na-bahia\/","title":{"rendered":"Detran anuncia altera\u00e7\u00e3o na ordem cronol\u00f3gica da realiza\u00e7\u00e3o da baliza na prova da CNH na Bahia"},"content":{"rendered":"\n<p class=\"has-medium-font-size\"><strong>Segundo o \u00f3rg\u00e3o, carros autom\u00e1ticos ser\u00e3o liberados para participarem das provas pr\u00e1ticas ap\u00f3s publica\u00e7\u00e3o pelo Conselho Nacional de Tr\u00e2nsito (Contran) do Manual Brasileiro de Dire\u00e7\u00e3o Veicular.<\/strong><\/p>\n\n\n\n<p><strong>Por g1 BA<\/strong><\/p>\n\n\n\n<p><strong><a href=\"https:\/\/whatsapp.com\/channel\/0029VaAT7tDLI8Yfj5y9Z50Z\" target=\"_blank\" rel=\"noreferrer noopener\"><mark style=\"background-color:rgba(0, 0, 0, 0)\" class=\"has-inline-color has-luminous-vivid-orange-color\">>> Siga o canal do BEC no WhatsApp<\/mark><\/a><\/strong><\/p>\n\n\n\n<figure class=\"wp-block-image aligncenter size-full\"><a href=\"https:\/\/i0.wp.com\/blogdoeloiltoncajuhy.com.br\/site\/wp-content\/uploads\/2026\/01\/Detran-anuncia-alteracao-na-ordem-cronologica-da-realizacao-da-baliza-na-Bahia-%E2%80%94-Foto-Agencia-Para.jpg?ssl=1\"><img data-recalc-dims=\"1\" fetchpriority=\"high\" decoding=\"async\" width=\"768\" height=\"432\" src=\"https:\/\/i0.wp.com\/blogdoeloiltoncajuhy.com.br\/site\/wp-content\/uploads\/2026\/01\/Detran-anuncia-alteracao-na-ordem-cronologica-da-realizacao-da-baliza-na-Bahia-%E2%80%94-Foto-Agencia-Para.jpg?resize=768%2C432&#038;ssl=1\" alt=\"\" class=\"wp-image-93257\" srcset=\"https:\/\/i0.wp.com\/blogdoeloiltoncajuhy.com.br\/site\/wp-content\/uploads\/2026\/01\/Detran-anuncia-alteracao-na-ordem-cronologica-da-realizacao-da-baliza-na-Bahia-%E2%80%94-Foto-Agencia-Para.jpg?w=768&amp;ssl=1 768w, https:\/\/i0.wp.com\/blogdoeloiltoncajuhy.com.br\/site\/wp-content\/uploads\/2026\/01\/Detran-anuncia-alteracao-na-ordem-cronologica-da-realizacao-da-baliza-na-Bahia-%E2%80%94-Foto-Agencia-Para.jpg?resize=300%2C169&amp;ssl=1 300w\" sizes=\"(max-width: 768px) 100vw, 768px\" \/><\/a><figcaption class=\"wp-element-caption\"><sub>Detran anuncia altera\u00e7\u00e3o na ordem cronol\u00f3gica da realiza\u00e7\u00e3o da baliza na Bahia \u2014 Foto: Ag\u00eancia Par\u00e1<\/sub><\/figcaption><\/figure>\n\n\n\n<p>O Departamento Estadual de Tr\u00e2nsito da Bahia (Detran-BA) anunciou que houve uma altera\u00e7\u00e3o na ordem cronol\u00f3gica da realiza\u00e7\u00e3o da baliza, durante o exame pr\u00e1tico para tirar a primeira Carteira Nacional de Habilita\u00e7\u00e3o (CNH).<\/p>\n\n\n\n<p>Segundo o Detran-BA, a baliza, que \u00e9 o estacionamento dentro de uma \u00e1rea demarcada por estacas, passar\u00e1 a ser realizada ao final do circuito de rua.<\/p>\n\n\n\n<p>O Departamento tamb\u00e9m afirmou que carros autom\u00e1ticos ser\u00e3o liberados para participarem das provas pr\u00e1ticas ap\u00f3s publica\u00e7\u00e3o pelo Conselho Nacional de Tr\u00e2nsito (Contran) do Manual Brasileiro de Dire\u00e7\u00e3o Veicular.<\/p>\n\n\n\n<p>Nesta semana, S\u00e3o Paulo, Amazonas, Par\u00e1, Esp\u00edrito Santo, Mato Grosso do Sul e Goi\u00e1s aprovaram mudan\u00e7as na prova pr\u00e1tica para tirar a CNH. As novidades incluem o fim da baliza. No Distrito Federal, a manobra j\u00e1 n\u00e3o era obrigat\u00f3ria desde 2004.<\/p>\n\n\n\n<p>Nesses estados, agora, mesmo sem a baliza numa \u00e1rea demarcada, o candidato ainda dever\u00e1 estacionar o carro na rua, pr\u00f3ximo ao meio-fio, pelo menos uma vez durante o trajeto da prova.<\/p>\n\n\n\n<p>Outra mudan\u00e7a \u00e9 a autoriza\u00e7\u00e3o para usar carros autom\u00e1ticos, que j\u00e1 \u00e9 uma realidade para muitos condutores no Brasil, durante o teste pr\u00e1tico nos mais de 500 locais de prova em todo o estado, tanto para renova\u00e7\u00e3o quanto para quem vai tentar a primeira habilita\u00e7\u00e3o.<\/p>\n\n\n\n<p>Antes, isso s\u00f3 era poss\u00edvel para candidatos que precisavam de algum tipo de adapta\u00e7\u00e3o veicular.<\/p>\n\n\n\n<p>As mudan\u00e7as seguem a resolu\u00e7\u00e3o 1.020 do Conselho Nacional de Tr\u00e2nsito (Contran), publicada em dezembro de 2025.<\/p>\n\n\n\n<p>Outros estados tamb\u00e9m devem confirmar a altera\u00e7\u00e3o ao longo das pr\u00f3ximas semanas, pois cada \u00f3rg\u00e3o \u00e9 respons\u00e1vel pela defini\u00e7\u00e3o de suas pr\u00f3prias normas.<\/p>\n\n\n\n<p>Essas altera\u00e7\u00f5es v\u00eam na esteira das novas regras para tirar e renovar a CNH, como a de n\u00e3o precisar mais contratar uma autoescola para aprender e fazer as aulas pr\u00e1ticas de dire\u00e7\u00e3o.<\/p>\n","protected":false},"excerpt":{"rendered":"<p>Segundo o \u00f3rg\u00e3o, carros autom\u00e1ticos ser\u00e3o liberados para participarem das provas pr\u00e1ticas ap\u00f3s publica\u00e7\u00e3o pelo Conselho Nacional de Tr\u00e2nsito (Contran) do Manual Brasileiro de Dire\u00e7\u00e3o Veicular. Por g1 BA >> Siga o canal do BEC no WhatsApp O Departamento Estadual de Tr\u00e2nsito da Bahia (Detran-BA) anunciou que houve uma altera\u00e7\u00e3o na ordem cronol\u00f3gica da realiza\u00e7\u00e3o [&hellip;]<\/p>\n","protected":false},"author":2,"featured_media":93257,"comment_status":"open","ping_status":"open","sticky":false,"template":"","format":"standard","meta":{"_acf_changed":false,"_monsterinsights_skip_tracking":false,"_monsterinsights_sitenote_active":false,"_monsterinsights_sitenote_note":"","_monsterinsights_sitenote_category":0,"_jetpack_memberships_contains_paid_content":false,"footnotes":"","jetpack_publicize_message":"","jetpack_publicize_feature_enabled":true,"jetpack_social_post_already_shared":true,"jetpack_social_options":{"image_generator_settings":{"template":"highway","default_image_id":0,"font":"","enabled":false},"version":2}},"categories":[5],"tags":[],"class_list":["post-93256","post","type-post","status-publish","format-standard","has-post-thumbnail","hentry","category-cotidiano"],"acf":[],"jetpack_publicize_connections":[],"jetpack_featured_media_url":"https:\/\/i0.wp.com\/blogdoeloiltoncajuhy.com.br\/site\/wp-content\/uploads\/2026\/01\/Detran-anuncia-alteracao-na-ordem-cronologica-da-realizacao-da-baliza-na-Bahia-%E2%80%94-Foto-Agencia-Para.jpg?fit=768%2C432&ssl=1","jetpack_sharing_enabled":true,"publishpress_future_workflow_manual_trigger":{"enabledWorkflows":[]},"_links":{"self":[{"href":"https:\/\/blogdoeloiltoncajuhy.com.br\/site\/wp-json\/wp\/v2\/posts\/93256","targetHints":{"allow":["GET"]}}],"collection":[{"href":"https:\/\/blogdoeloiltoncajuhy.com.br\/site\/wp-json\/wp\/v2\/posts"}],"about":[{"href":"https:\/\/blogdoeloiltoncajuhy.com.br\/site\/wp-json\/wp\/v2\/types\/post"}],"author":[{"embeddable":true,"href":"https:\/\/blogdoeloiltoncajuhy.com.br\/site\/wp-json\/wp\/v2\/users\/2"}],"replies":[{"embeddable":true,"href":"https:\/\/blogdoeloiltoncajuhy.com.br\/site\/wp-json\/wp\/v2\/comments?post=93256"}],"version-history":[{"count":1,"href":"https:\/\/blogdoeloiltoncajuhy.com.br\/site\/wp-json\/wp\/v2\/posts\/93256\/revisions"}],"predecessor-version":[{"id":93258,"href":"https:\/\/blogdoeloiltoncajuhy.com.br\/site\/wp-json\/wp\/v2\/posts\/93256\/revisions\/93258"}],"wp:featuredmedia":[{"embeddable":true,"href":"https:\/\/blogdoeloiltoncajuhy.com.br\/site\/wp-json\/wp\/v2\/media\/93257"}],"wp:attachment":[{"href":"https:\/\/blogdoeloiltoncajuhy.com.br\/site\/wp-json\/wp\/v2\/media?parent=93256"}],"wp:term":[{"taxonomy":"category","embeddable":true,"href":"https:\/\/blogdoeloiltoncajuhy.com.br\/site\/wp-json\/wp\/v2\/categories?post=93256"},{"taxonomy":"post_tag","embeddable":true,"href":"https:\/\/blogdoeloiltoncajuhy.com.br\/site\/wp-json\/wp\/v2\/tags?post=93256"}],"curies":[{"name":"wp","href":"https:\/\/api.w.org\/{rel}","templated":true}]}}