{"id":93253,"date":"2026-01-28T08:41:07","date_gmt":"2026-01-28T11:41:07","guid":{"rendered":"https:\/\/blogdoeloiltoncajuhy.com.br\/site\/?p=93253"},"modified":"2026-01-28T08:41:08","modified_gmt":"2026-01-28T11:41:08","slug":"bahia-tem-nove-detentos-com-notas-acima-de-800-no-enem","status":"publish","type":"post","link":"https:\/\/blogdoeloiltoncajuhy.com.br\/site\/bahia-tem-nove-detentos-com-notas-acima-de-800-no-enem\/","title":{"rendered":"Bahia tem nove detentos com notas acima de 800 no Enem"},"content":{"rendered":"\n<p class=\"has-medium-font-size\"><strong>Segundo informa\u00e7\u00f5es da Secretaria de Administra\u00e7\u00e3o Penitenci\u00e1ria e Ressocializa\u00e7\u00e3o (SEAP), os detentos participaram do Programa Universidade para Todos (UPT).<\/strong><\/p>\n\n\n\n<p><strong>Por g1 BA<\/strong><\/p>\n\n\n\n<p><strong><a href=\"https:\/\/whatsapp.com\/channel\/0029VaAT7tDLI8Yfj5y9Z50Z\" target=\"_blank\" rel=\"noreferrer noopener\"><mark style=\"background-color:rgba(0, 0, 0, 0)\" class=\"has-inline-color has-luminous-vivid-orange-color\">>> Siga o canal do BEC no WhatsApp<\/mark><\/a><\/strong><\/p>\n\n\n\n<figure class=\"wp-block-image aligncenter size-full is-resized\"><a href=\"https:\/\/i0.wp.com\/blogdoeloiltoncajuhy.com.br\/site\/wp-content\/uploads\/2026\/01\/Nove-detentos-de-presidios-da-Bahia-obtiveram-notas-iguais-ou-superiores-a-800-na-redacao-do-Enem-%E2%80%94-Foto-Leo-Moreira-NUCOM-SEAP.jpg?ssl=1\"><img data-recalc-dims=\"1\" fetchpriority=\"high\" decoding=\"async\" width=\"768\" height=\"460\" src=\"https:\/\/i0.wp.com\/blogdoeloiltoncajuhy.com.br\/site\/wp-content\/uploads\/2026\/01\/Nove-detentos-de-presidios-da-Bahia-obtiveram-notas-iguais-ou-superiores-a-800-na-redacao-do-Enem-%E2%80%94-Foto-Leo-Moreira-NUCOM-SEAP.jpg?resize=768%2C460&#038;ssl=1\" alt=\"\" class=\"wp-image-93254\" style=\"width:648px;height:auto\" srcset=\"https:\/\/i0.wp.com\/blogdoeloiltoncajuhy.com.br\/site\/wp-content\/uploads\/2026\/01\/Nove-detentos-de-presidios-da-Bahia-obtiveram-notas-iguais-ou-superiores-a-800-na-redacao-do-Enem-%E2%80%94-Foto-Leo-Moreira-NUCOM-SEAP.jpg?w=768&amp;ssl=1 768w, https:\/\/i0.wp.com\/blogdoeloiltoncajuhy.com.br\/site\/wp-content\/uploads\/2026\/01\/Nove-detentos-de-presidios-da-Bahia-obtiveram-notas-iguais-ou-superiores-a-800-na-redacao-do-Enem-%E2%80%94-Foto-Leo-Moreira-NUCOM-SEAP.jpg?resize=300%2C180&amp;ssl=1 300w\" sizes=\"(max-width: 768px) 100vw, 768px\" \/><\/a><figcaption class=\"wp-element-caption\"><sub>Nove detentos de pres\u00eddios da Bahia obtiveram notas iguais ou superiores a 800 na reda\u00e7\u00e3o do Enem \u2014 Foto: Leo Moreira\/NUCOM\/SEAP<\/sub><\/figcaption><\/figure>\n\n\n\n<p>A hist\u00f3ria do detento que alcan\u00e7ou nota 880 na reda\u00e7\u00e3o do Exame Nacional do Ensino M\u00e9dio para Pessoas Privadas de Liberdade (PPL), na Bahia, n\u00e3o foi um caso isolado. Outros oito presidi\u00e1rios do estado conseguiram notas iguais ou superiores a 800 na reda\u00e7\u00e3o.<\/p>\n\n\n\n<p>Segundo informa\u00e7\u00f5es da Secretaria de Administra\u00e7\u00e3o Penitenci\u00e1ria e Ressocializa\u00e7\u00e3o (Seap), os internos participaram do Programa Universidade para Todos (UPT), que tem o objetivo de garantir a ressocializa\u00e7\u00e3o de jovens e adultos privados de liberdade.<\/p>\n\n\n\n<p>Os maiores rendimentos foram de detentos custodiados no Conjunto Penal de Barreiras, no oeste. Al\u00e9m do homem identificado pelas iniciais S.F.B.C, que obteve a maior nota, outros dois internos da unidade prisional ficaram com 860 e 840 na reda\u00e7\u00e3o. Eles foram identificados pela Seap pelas iniciais W.B.L e R.R.M.I, respectivamente.<\/p>\n\n\n\n<p>De acordo com a secretaria, outros 60 internos de unidades prisionais do estado alcan\u00e7aram notas superiores a 650 pontos na reda\u00e7\u00e3o do Enem PPL.<\/p>\n\n\n\n<p>Em nota, a Seap destacou que o desempenho dos alunos do programa \u00e9 resultado de um trabalho integrado entre a gest\u00e3o prisional, professores, parceiros institucionais e a dedica\u00e7\u00e3o dos pr\u00f3prios internos.<\/p>\n\n\n\n<p>O Enem para Pessoas Privadas de Liberdade tem o mesmo conte\u00fado, n\u00edvel de dificuldade e validade do Enem tradicional. A diferen\u00e7a est\u00e1 na aplica\u00e7\u00e3o:<\/p>\n\n\n\n<ul class=\"wp-block-list\">\n<li>o exame \u00e9 realizado dentro de unidades prisionais e socioeducativas, em datas espec\u00edficas, e \u00e9 voltado a pessoas que cumprem pena ou medida socioeducativa.<\/li>\n<\/ul>\n\n\n\n<p><\/p>\n\n\n\n<p>A nota pode ser usada para ingresso no ensino superior e acesso a programas educacionais.<\/p>\n","protected":false},"excerpt":{"rendered":"<p>Segundo informa\u00e7\u00f5es da Secretaria de Administra\u00e7\u00e3o Penitenci\u00e1ria e Ressocializa\u00e7\u00e3o (SEAP), os detentos participaram do Programa Universidade para Todos (UPT). Por g1 BA >> Siga o canal do BEC no WhatsApp A hist\u00f3ria do detento que alcan\u00e7ou nota 880 na reda\u00e7\u00e3o do Exame Nacional do Ensino M\u00e9dio para Pessoas Privadas de Liberdade (PPL), na Bahia, n\u00e3o [&hellip;]<\/p>\n","protected":false},"author":2,"featured_media":93254,"comment_status":"open","ping_status":"open","sticky":false,"template":"","format":"standard","meta":{"_acf_changed":false,"_monsterinsights_skip_tracking":false,"_monsterinsights_sitenote_active":false,"_monsterinsights_sitenote_note":"","_monsterinsights_sitenote_category":0,"_jetpack_memberships_contains_paid_content":false,"footnotes":"","jetpack_publicize_message":"","jetpack_publicize_feature_enabled":true,"jetpack_social_post_already_shared":true,"jetpack_social_options":{"image_generator_settings":{"template":"highway","default_image_id":0,"font":"","enabled":false},"version":2}},"categories":[14],"tags":[],"class_list":["post-93253","post","type-post","status-publish","format-standard","has-post-thumbnail","hentry","category-educacao"],"acf":[],"jetpack_publicize_connections":[],"jetpack_featured_media_url":"https:\/\/i0.wp.com\/blogdoeloiltoncajuhy.com.br\/site\/wp-content\/uploads\/2026\/01\/Nove-detentos-de-presidios-da-Bahia-obtiveram-notas-iguais-ou-superiores-a-800-na-redacao-do-Enem-%E2%80%94-Foto-Leo-Moreira-NUCOM-SEAP.jpg?fit=768%2C460&ssl=1","jetpack_sharing_enabled":true,"publishpress_future_workflow_manual_trigger":{"enabledWorkflows":[]},"_links":{"self":[{"href":"https:\/\/blogdoeloiltoncajuhy.com.br\/site\/wp-json\/wp\/v2\/posts\/93253","targetHints":{"allow":["GET"]}}],"collection":[{"href":"https:\/\/blogdoeloiltoncajuhy.com.br\/site\/wp-json\/wp\/v2\/posts"}],"about":[{"href":"https:\/\/blogdoeloiltoncajuhy.com.br\/site\/wp-json\/wp\/v2\/types\/post"}],"author":[{"embeddable":true,"href":"https:\/\/blogdoeloiltoncajuhy.com.br\/site\/wp-json\/wp\/v2\/users\/2"}],"replies":[{"embeddable":true,"href":"https:\/\/blogdoeloiltoncajuhy.com.br\/site\/wp-json\/wp\/v2\/comments?post=93253"}],"version-history":[{"count":1,"href":"https:\/\/blogdoeloiltoncajuhy.com.br\/site\/wp-json\/wp\/v2\/posts\/93253\/revisions"}],"predecessor-version":[{"id":93255,"href":"https:\/\/blogdoeloiltoncajuhy.com.br\/site\/wp-json\/wp\/v2\/posts\/93253\/revisions\/93255"}],"wp:featuredmedia":[{"embeddable":true,"href":"https:\/\/blogdoeloiltoncajuhy.com.br\/site\/wp-json\/wp\/v2\/media\/93254"}],"wp:attachment":[{"href":"https:\/\/blogdoeloiltoncajuhy.com.br\/site\/wp-json\/wp\/v2\/media?parent=93253"}],"wp:term":[{"taxonomy":"category","embeddable":true,"href":"https:\/\/blogdoeloiltoncajuhy.com.br\/site\/wp-json\/wp\/v2\/categories?post=93253"},{"taxonomy":"post_tag","embeddable":true,"href":"https:\/\/blogdoeloiltoncajuhy.com.br\/site\/wp-json\/wp\/v2\/tags?post=93253"}],"curies":[{"name":"wp","href":"https:\/\/api.w.org\/{rel}","templated":true}]}}