{"id":93247,"date":"2026-01-28T00:10:00","date_gmt":"2026-01-28T03:10:00","guid":{"rendered":"https:\/\/blogdoeloiltoncajuhy.com.br\/site\/?p=93247"},"modified":"2026-01-27T19:43:27","modified_gmt":"2026-01-27T22:43:27","slug":"prorrogado-para-20-de-marco-o-prazo-para-contestacao-de-descontos-indevidos-de-aposentados-e-pensionistas","status":"publish","type":"post","link":"https:\/\/blogdoeloiltoncajuhy.com.br\/site\/prorrogado-para-20-de-marco-o-prazo-para-contestacao-de-descontos-indevidos-de-aposentados-e-pensionistas\/","title":{"rendered":"Prorrogado para 20 de mar\u00e7o o prazo para contesta\u00e7\u00e3o de descontos indevidos de aposentados e pensionistas"},"content":{"rendered":"\n<p class=\"has-medium-font-size\"><strong>Com a prorroga\u00e7\u00e3o do prazo, os segurados ter\u00e3o mais tempo para identificar e contestar as cobran\u00e7as irregulares.<\/strong><\/p>\n\n\n\n<p><strong>Blog do Eloilton Cajuhy \u2013 BEC<\/strong><\/p>\n\n\n\n<p><strong><a href=\"https:\/\/whatsapp.com\/channel\/0029VaAT7tDLI8Yfj5y9Z50Z\" target=\"_blank\" rel=\"noreferrer noopener\"><mark style=\"background-color:rgba(0, 0, 0, 0)\" class=\"has-inline-color has-luminous-vivid-orange-color\">>> Siga o canal do BEC no WhatsApp<\/mark><\/a><\/strong><\/p>\n\n\n\n<figure class=\"wp-block-image aligncenter size-full is-resized\"><a href=\"https:\/\/i0.wp.com\/blogdoeloiltoncajuhy.com.br\/site\/wp-content\/uploads\/2025\/08\/Meu-INSS-Foto-INSS.jpeg\"><img data-recalc-dims=\"1\" fetchpriority=\"high\" decoding=\"async\" width=\"648\" height=\"432\" src=\"https:\/\/i0.wp.com\/blogdoeloiltoncajuhy.com.br\/site\/wp-content\/uploads\/2025\/08\/Meu-INSS-Foto-INSS.jpeg?resize=648%2C432\" alt=\"\" class=\"wp-image-89387\" style=\"width:597px;height:auto\" srcset=\"https:\/\/i0.wp.com\/blogdoeloiltoncajuhy.com.br\/site\/wp-content\/uploads\/2025\/08\/Meu-INSS-Foto-INSS.jpeg?w=648&amp;ssl=1 648w, https:\/\/i0.wp.com\/blogdoeloiltoncajuhy.com.br\/site\/wp-content\/uploads\/2025\/08\/Meu-INSS-Foto-INSS.jpeg?resize=300%2C200&amp;ssl=1 300w\" sizes=\"(max-width: 648px) 100vw, 648px\" \/><\/a><figcaption class=\"wp-element-caption\"><sub>Divulga\u00e7\u00e3o \/ INSS<\/sub><\/figcaption><\/figure>\n\n\n\n<p>O prazo para aposentados e pensionistas contestarem descontos indevidos em seus benef\u00edcios foi prorrogado at\u00e9 o dia 20 de mar\u00e7o pelo Instituto Nacional do Seguro Social (INSS). A decis\u00e3o visa garantir o amplo direito dos benefici\u00e1rios que, desde a \u00faltima segunda-feira (19), enfrentam instabilidades no Meu INSS.<\/p>\n\n\n\n<p>O INSS vem mantendo contato di\u00e1rio com a Dataprev, empresa respons\u00e1vel pela tecnologia da informa\u00e7\u00e3o da Previd\u00eancia Social. A Dataprev comunicou ao Instituto que far\u00e1 uma manuten\u00e7\u00e3o que deixar\u00e1 os sistemas indispon\u00edveis entre os dias 27 de janeiro e 1\u00ba de fevereiro.<\/p>\n\n\n\n<p>\u201cEstava previsto para a gente terminar em 14 de fevereiro. Seria o \u00faltimo dia para que os nossos aposentados e pensionistas pudessem requerer. Tendo em vista que tivemos problemas de sistema na semana passada e teremos uma paralisa\u00e7\u00e3o dos sistemas da Dataprev, para n\u00e3o prejudicar ningu\u00e9m vamos prorrogar esse prazo at\u00e9 20 de mar\u00e7o\u201d, explicou o presidente do INSS, Gilberto Waller.<\/p>\n\n\n\n<p class=\"has-black-color has-text-color has-link-color has-medium-font-size wp-elements-c6f7a2d07bff5d55507974ab062d535c\"><strong>Contesta\u00e7\u00e3o<\/strong><\/p>\n\n\n\n<p>Com a prorroga\u00e7\u00e3o do prazo, os segurados ter\u00e3o mais tempo para identificar e contestar as cobran\u00e7as irregulares. A contesta\u00e7\u00e3o \u00e9 o primeiro passo para que o benefici\u00e1rio possa, posteriormente, aderir ao acordo de ressarcimento. Ela pode ser feita pelo aplicativo Meu INSS, Central 135 ou nas ag\u00eancias dos Correios.<\/p>\n\n\n\n<p class=\"has-black-color has-text-color has-link-color has-medium-font-size wp-elements-5c6fb0bb4856969ff79f745c20938703\"><strong>Podem aderir ao acordo os benefici\u00e1rios que:<\/strong><\/p>\n\n\n\n<ul class=\"wp-block-list\">\n<li>Contestaram descontos indevidos e n\u00e3o receberam resposta da entidade respons\u00e1vel em at\u00e9 15 dias \u00fateis;<\/li>\n\n\n\n<li>Receberam resposta considerada irregular, como apresenta\u00e7\u00e3o de assinaturas falsas ou grava\u00e7\u00f5es de \u00e1udio em substitui\u00e7\u00e3o a comprovantes v\u00e1lidos;<\/li>\n\n\n\n<li>Sofreram descontos entre mar\u00e7o de 2020 e mar\u00e7o de 2025;<\/li>\n\n\n\n<li>Possuem processo judicial em andamento, desde que ainda n\u00e3o tenham recebido os valores \u2014 nesse caso, \u00e9 necess\u00e1rio desistir da a\u00e7\u00e3o para aderir ao acordo, que \u00e9 de natureza administrativa.<\/li>\n<\/ul>\n\n\n\n<p><\/p>\n\n\n\n<p class=\"has-black-color has-text-color has-link-color has-medium-font-size wp-elements-a03b7121eca3c9ed275a98605a9926fc\"><strong>Como fazer<\/strong><\/p>\n\n\n\n<ul class=\"wp-block-list\">\n<li>Contestar o desconto indevido: Pode ser feito pelo aplicativo Meu INSS, Central 135 ou nas ag\u00eancias dos Correios at\u00e9 20 de mar\u00e7o.<\/li>\n\n\n\n<li>Aguardar a resposta da entidade: Prazo: at\u00e9 15 dias \u00fateis.<\/li>\n\n\n\n<li>Sem resposta da entidade? O sistema libera automaticamente a op\u00e7\u00e3o de ades\u00e3o ao acordo.<\/li>\n\n\n\n<li>Recebeu resposta irregular? O INSS tamb\u00e9m est\u00e1 liberando a ades\u00e3o para benefici\u00e1rios que receberam respostas irregulares das entidades, como assinaturas falsificadas ou grava\u00e7\u00f5es de \u00e1udio.<\/li>\n\n\n\n<li>Aderir ao acordo: Agora \u00e9 s\u00f3 fazer a ades\u00e3o ao acordo pelo aplicativo Meu INSS ou presencialmente nas ag\u00eancias dos Correios. A Central 135 n\u00e3o est\u00e1 habilitada para essa op\u00e7\u00e3o.<\/li>\n<\/ul>\n\n\n\n<p><\/p>\n\n\n\n<p class=\"has-black-color has-text-color has-link-color has-medium-font-size wp-elements-1923cb572491613085a99cc1cfd0e66d\"><strong>No aplicativo Meu INSS:<\/strong><\/p>\n\n\n\n<ul class=\"wp-block-list\">\n<li>Acesse com CPF e senha;<\/li>\n\n\n\n<li>V\u00e1 em \u201cConsultar Pedidos\u201d \u2192 \u201cCumprir Exig\u00eancia\u201d;<\/li>\n\n\n\n<li>Role at\u00e9 o \u00faltimo coment\u00e1rio, selecione \u201cSim\u201d em \u201cAceito receber\u201d e envie.<\/li>\n<\/ul>\n\n\n\n<p><\/p>\n\n\n\n<p class=\"has-black-color has-text-color has-link-color has-medium-font-size wp-elements-f7e15e23aee76d89ae32f6bfad888a62\"><strong>N\u00e3o caia em golpes! Toda a comunica\u00e7\u00e3o \u00e9 feita pelos canais oficiais:<\/strong><\/p>\n\n\n\n<ul class=\"wp-block-list\">\n<li>Aplicativo Meu INSS<\/li>\n\n\n\n<li>Site: gov.br\/inss<\/li>\n\n\n\n<li>Central 135<\/li>\n\n\n\n<li>Ag\u00eancias dos Correios<\/li>\n<\/ul>\n","protected":false},"excerpt":{"rendered":"<p>Com a prorroga\u00e7\u00e3o do prazo, os segurados ter\u00e3o mais tempo para identificar e contestar as cobran\u00e7as irregulares. Blog do Eloilton Cajuhy \u2013 BEC >> Siga o canal do BEC no WhatsApp O prazo para aposentados e pensionistas contestarem descontos indevidos em seus benef\u00edcios foi prorrogado at\u00e9 o dia 20 de mar\u00e7o pelo Instituto Nacional do [&hellip;]<\/p>\n","protected":false},"author":2,"featured_media":87865,"comment_status":"open","ping_status":"open","sticky":false,"template":"","format":"standard","meta":{"_acf_changed":false,"_monsterinsights_skip_tracking":false,"_monsterinsights_sitenote_active":false,"_monsterinsights_sitenote_note":"","_monsterinsights_sitenote_category":0,"_jetpack_memberships_contains_paid_content":false,"footnotes":"","jetpack_publicize_message":"","jetpack_publicize_feature_enabled":true,"jetpack_social_post_already_shared":true,"jetpack_social_options":{"image_generator_settings":{"template":"highway","default_image_id":0,"font":"","enabled":false},"version":2}},"categories":[1],"tags":[],"class_list":["post-93247","post","type-post","status-publish","format-standard","has-post-thumbnail","hentry","category-noticias"],"acf":[],"jetpack_publicize_connections":[],"jetpack_featured_media_url":"https:\/\/i0.wp.com\/blogdoeloiltoncajuhy.com.br\/site\/wp-content\/uploads\/2025\/05\/Meu-INSS-Foto-Divulgacao-Gov.br_.jpg?fit=768%2C512&ssl=1","jetpack_sharing_enabled":true,"publishpress_future_workflow_manual_trigger":{"enabledWorkflows":[]},"_links":{"self":[{"href":"https:\/\/blogdoeloiltoncajuhy.com.br\/site\/wp-json\/wp\/v2\/posts\/93247","targetHints":{"allow":["GET"]}}],"collection":[{"href":"https:\/\/blogdoeloiltoncajuhy.com.br\/site\/wp-json\/wp\/v2\/posts"}],"about":[{"href":"https:\/\/blogdoeloiltoncajuhy.com.br\/site\/wp-json\/wp\/v2\/types\/post"}],"author":[{"embeddable":true,"href":"https:\/\/blogdoeloiltoncajuhy.com.br\/site\/wp-json\/wp\/v2\/users\/2"}],"replies":[{"embeddable":true,"href":"https:\/\/blogdoeloiltoncajuhy.com.br\/site\/wp-json\/wp\/v2\/comments?post=93247"}],"version-history":[{"count":1,"href":"https:\/\/blogdoeloiltoncajuhy.com.br\/site\/wp-json\/wp\/v2\/posts\/93247\/revisions"}],"predecessor-version":[{"id":93248,"href":"https:\/\/blogdoeloiltoncajuhy.com.br\/site\/wp-json\/wp\/v2\/posts\/93247\/revisions\/93248"}],"wp:featuredmedia":[{"embeddable":true,"href":"https:\/\/blogdoeloiltoncajuhy.com.br\/site\/wp-json\/wp\/v2\/media\/87865"}],"wp:attachment":[{"href":"https:\/\/blogdoeloiltoncajuhy.com.br\/site\/wp-json\/wp\/v2\/media?parent=93247"}],"wp:term":[{"taxonomy":"category","embeddable":true,"href":"https:\/\/blogdoeloiltoncajuhy.com.br\/site\/wp-json\/wp\/v2\/categories?post=93247"},{"taxonomy":"post_tag","embeddable":true,"href":"https:\/\/blogdoeloiltoncajuhy.com.br\/site\/wp-json\/wp\/v2\/tags?post=93247"}],"curies":[{"name":"wp","href":"https:\/\/api.w.org\/{rel}","templated":true}]}}